{"id":4621,"date":"2024-03-25T14:26:47","date_gmt":"2024-03-25T13:26:47","guid":{"rendered":"https:\/\/www.feine-adressen.online\/rtz\/?p=4621"},"modified":"2024-05-16T15:09:29","modified_gmt":"2024-05-16T13:09:29","slug":"optikfachgeschaeft-auf-augenhoehe","status":"publish","type":"post","link":"https:\/\/www.feine-adressen.online\/rtz\/optikfachgeschaeft-auf-augenhoehe\/","title":{"rendered":"Optikfachgesch\u00e4ft Auf Augenh\u00f6he \u2013 sehen und h\u00f6ren"},"content":{"rendered":"\t\t<div data-elementor-type=\"wp-post\" data-elementor-id=\"4621\" class=\"elementor elementor-4621\" data-elementor-post-type=\"post\">\n\t\t\t\t\t\t<section class=\"elementor-section elementor-top-section elementor-element elementor-element-49c9ce08 elementor-section-boxed elementor-section-height-default elementor-section-height-default\" data-id=\"49c9ce08\" data-element_type=\"section\" data-e-type=\"section\">\n\t\t\t\t\t\t<div class=\"elementor-container elementor-column-gap-default\">\n\t\t\t\t\t<div class=\"elementor-column elementor-col-100 elementor-top-column elementor-element elementor-element-783fd81b\" data-id=\"783fd81b\" data-element_type=\"column\" data-e-type=\"column\">\n\t\t\t<div class=\"elementor-widget-wrap elementor-element-populated\">\n\t\t\t\t\t\t<div class=\"elementor-element elementor-element-45a90b90 elementor-widget elementor-widget-html\" data-id=\"45a90b90\" data-element_type=\"widget\" data-e-type=\"widget\" data-widget_type=\"html.default\">\n\t\t\t\t<div class=\"elementor-widget-container\">\n\t\t\t\t\t<script>\ndocument.addEventListener('DOMContentLoaded', function () {\n    let backButtons = document.querySelectorAll('.back-history');\n    backButtons.forEach(function (backButton) {\n        backButton.addEventListener('click', function (e) {\n            e.preventDefault();\n            history.back();\n        });\n    });\n});\n<\/script>\n\t\t\t\t<\/div>\n\t\t\t\t<\/div>\n\t\t\t\t<div class=\"elementor-element elementor-element-3c150b0d elementor-align-center back-history elementor-widget elementor-widget-button\" data-id=\"3c150b0d\" data-element_type=\"widget\" data-e-type=\"widget\" data-widget_type=\"button.default\">\n\t\t\t\t<div class=\"elementor-widget-container\">\n\t\t\t\t\t\t\t\t\t<div class=\"elementor-button-wrapper\">\n\t\t\t\t\t<a class=\"elementor-button elementor-button-link elementor-size-sm\" href=\"#\">\n\t\t\t\t\t\t<span class=\"elementor-button-content-wrapper\">\n\t\t\t\t\t\t<span class=\"elementor-button-icon\">\n\t\t\t\t<i aria-hidden=\"true\" class=\"fas fa-long-arrow-alt-left\"><\/i>\t\t\t<\/span>\n\t\t\t\t\t\t\t\t\t<span class=\"elementor-button-text\">Zur\u00fcck zur Auswahl<\/span>\n\t\t\t\t\t<\/span>\n\t\t\t\t\t<\/a>\n\t\t\t\t<\/div>\n\t\t\t\t\t\t\t\t<\/div>\n\t\t\t\t<\/div>\n\t\t\t\t\t<\/div>\n\t\t<\/div>\n\t\t\t\t\t<\/div>\n\t\t<\/section>\n\t\t\t\t<section class=\"elementor-section elementor-top-section elementor-element elementor-element-38812b4 elementor-section-boxed elementor-section-height-default elementor-section-height-default\" data-id=\"38812b4\" data-element_type=\"section\" data-e-type=\"section\">\n\t\t\t\t\t\t<div class=\"elementor-container elementor-column-gap-default\">\n\t\t\t\t\t<div class=\"elementor-column elementor-col-100 elementor-top-column elementor-element elementor-element-b04f240\" data-id=\"b04f240\" data-element_type=\"column\" data-e-type=\"column\">\n\t\t\t<div class=\"elementor-widget-wrap elementor-element-populated\">\n\t\t\t\t\t\t<div class=\"elementor-element elementor-element-7ffb1e7 elementor-widget elementor-widget-image\" data-id=\"7ffb1e7\" data-element_type=\"widget\" data-e-type=\"widget\" data-widget_type=\"image.default\">\n\t\t\t\t<div class=\"elementor-widget-container\">\n\t\t\t\t\t\t\t\t\t\t\t\t\t\t\t<img decoding=\"async\" src=\"https:\/\/www.feine-adressen.online\/rtz\/wp-content\/uploads\/2024\/03\/1P5A2273-e1711440047674.jpg\" title=\"1P5A2273\" alt=\"Auf Augenh\u00f6he\" loading=\"lazy\" \/>\t\t\t\t\t\t\t\t\t\t\t\t\t\t\t<\/div>\n\t\t\t\t<\/div>\n\t\t\t\t\t<\/div>\n\t\t<\/div>\n\t\t\t\t\t<\/div>\n\t\t<\/section>\n\t\t\t\t<section class=\"elementor-section elementor-top-section elementor-element elementor-element-d8de055 elementor-section-boxed elementor-section-height-default elementor-section-height-default\" data-id=\"d8de055\" data-element_type=\"section\" data-e-type=\"section\">\n\t\t\t\t\t\t<div class=\"elementor-container elementor-column-gap-default\">\n\t\t\t\t\t<div class=\"elementor-column elementor-col-50 elementor-top-column elementor-element elementor-element-1ee12ce3\" data-id=\"1ee12ce3\" data-element_type=\"column\" data-e-type=\"column\">\n\t\t\t<div class=\"elementor-widget-wrap elementor-element-populated\">\n\t\t\t\t\t\t<div class=\"elementor-element elementor-element-786a0858 elementor-widget elementor-widget-text-editor\" data-id=\"786a0858\" data-element_type=\"widget\" data-e-type=\"widget\" data-widget_type=\"text-editor.default\">\n\t\t\t\t<div class=\"elementor-widget-container\">\n\t\t\t\t\t\t\t\t\t<p>Auf Augenh\u00f6he<\/p>\t\t\t\t\t\t\t\t<\/div>\n\t\t\t\t<\/div>\n\t\t\t\t<div class=\"elementor-element elementor-element-559c7faa elementor-widget elementor-widget-heading\" data-id=\"559c7faa\" data-element_type=\"widget\" data-e-type=\"widget\" data-widget_type=\"heading.default\">\n\t\t\t\t<div class=\"elementor-widget-container\">\n\t\t\t\t\t<h1 class=\"elementor-heading-title elementor-size-default\">Optikfachgesch\u00e4ft Auf Augenh\u00f6he \u2013 <br>\nsehen und h\u00f6ren<\/h1>\t\t\t\t<\/div>\n\t\t\t\t<\/div>\n\t\t\t\t\t<\/div>\n\t\t<\/div>\n\t\t\t\t<div class=\"elementor-column elementor-col-50 elementor-top-column elementor-element elementor-element-4ab7a2bd\" data-id=\"4ab7a2bd\" data-element_type=\"column\" data-e-type=\"column\">\n\t\t\t<div class=\"elementor-widget-wrap elementor-element-populated\">\n\t\t\t\t\t\t<div class=\"elementor-element elementor-element-2272c01 elementor-align-left elementor-widget elementor-widget-post-info\" data-id=\"2272c01\" data-element_type=\"widget\" data-e-type=\"widget\" data-widget_type=\"post-info.default\">\n\t\t\t\t<div class=\"elementor-widget-container\">\n\t\t\t\t\t\t\t<ul class=\"elementor-inline-items elementor-icon-list-items elementor-post-info\">\n\t\t\t\t\t\t\t\t<li class=\"elementor-icon-list-item elementor-repeater-item-7fe14cd elementor-inline-item\" itemprop=\"about\">\n\t\t\t\t\t\t\t\t\t\t\t\t\t<span class=\"elementor-icon-list-text elementor-post-info__item elementor-post-info__item--type-terms\">\n\t\t\t\t\t\t\t\t\t\t<span class=\"elementor-post-info__terms-list\">\n\t\t\t\t<a href=\"https:\/\/www.feine-adressen.online\/rtz\/tag\/akustiker\/\" class=\"elementor-post-info__terms-list-item\">Akustiker<\/a>, <a href=\"https:\/\/www.feine-adressen.online\/rtz\/tag\/beauty-gesundheit\/\" class=\"elementor-post-info__terms-list-item\">BEAUTY &amp; GESUNDHEIT<\/a>, <a href=\"https:\/\/www.feine-adressen.online\/rtz\/tag\/brillen-italienisch\/\" class=\"elementor-post-info__terms-list-item\">Brillen Italienisch<\/a>, <a href=\"https:\/\/www.feine-adressen.online\/rtz\/tag\/optiker\/\" class=\"elementor-post-info__terms-list-item\">Optiker<\/a>, <a href=\"https:\/\/www.feine-adressen.online\/rtz\/tag\/reutlingen\/\" class=\"elementor-post-info__terms-list-item\">Reutlingen<\/a>\t\t\t\t<\/span>\n\t\t\t\t\t<\/span>\n\t\t\t\t\t\t\t\t<\/li>\n\t\t\t\t<\/ul>\n\t\t\t\t\t\t<\/div>\n\t\t\t\t<\/div>\n\t\t\t\t\t<\/div>\n\t\t<\/div>\n\t\t\t\t\t<\/div>\n\t\t<\/section>\n\t\t\t\t<section class=\"elementor-section elementor-top-section elementor-element elementor-element-d6da67e elementor-section-boxed elementor-section-height-default elementor-section-height-default\" data-id=\"d6da67e\" data-element_type=\"section\" data-e-type=\"section\">\n\t\t\t\t\t\t<div class=\"elementor-container elementor-column-gap-default\">\n\t\t\t\t\t<div class=\"elementor-column elementor-col-50 elementor-top-column elementor-element elementor-element-e13e745\" data-id=\"e13e745\" data-element_type=\"column\" data-e-type=\"column\">\n\t\t\t<div class=\"elementor-widget-wrap elementor-element-populated\">\n\t\t\t\t\t\t<div class=\"elementor-element elementor-element-c3f002f elementor-widget elementor-widget-text-editor\" data-id=\"c3f002f\" data-element_type=\"widget\" data-e-type=\"widget\" data-widget_type=\"text-editor.default\">\n\t\t\t\t<div class=\"elementor-widget-container\">\n\t\t\t\t\t\t\t\t\t<p><strong>Seit August 2023 ist <em>Auf Augenh\u00f6he<\/em> in die Reutlinger Innenstadt eingezogen. Bianca Deckart ist die neue Eigent\u00fcmerin und bringt mit ihrem Team die Leidenschaft rund um das Sehen und H\u00f6ren auf ein neues Level.<br \/><\/strong><\/p>\t\t\t\t\t\t\t\t<\/div>\n\t\t\t\t<\/div>\n\t\t\t\t<div class=\"elementor-element elementor-element-5494b38 elementor-widget elementor-widget-image\" data-id=\"5494b38\" data-element_type=\"widget\" data-e-type=\"widget\" data-widget_type=\"image.default\">\n\t\t\t\t<div class=\"elementor-widget-container\">\n\t\t\t\t\t\t\t\t\t\t\t\t\t\t\t<img decoding=\"async\" src=\"https:\/\/www.feine-adressen.online\/rtz\/wp-content\/uploads\/2024\/03\/Augenhoehe_Kachel-e1711440124474.jpg\" title=\"Augenho\u0308he_Kachel\" alt=\"Auf Augenh\u00f6he\" loading=\"lazy\" \/>\t\t\t\t\t\t\t\t\t\t\t\t\t\t\t<\/div>\n\t\t\t\t<\/div>\n\t\t\t\t<div class=\"elementor-element elementor-element-d3f2537 elementor-widget elementor-widget-text-editor\" data-id=\"d3f2537\" data-element_type=\"widget\" data-e-type=\"widget\" data-widget_type=\"text-editor.default\">\n\t\t\t\t<div class=\"elementor-widget-container\">\n\t\t\t\t\t\t\t\t\t<p>Das Optikfachgesch\u00e4ft Auf Augenh\u00f6he in Reutlingen \u00fcberzeugt mit <strong>hochwertigen Produkten,<\/strong> pers\u00f6nlicher Beratung und exzellentem Service rund um die Themen <strong>H\u00f6ren und Sehen.<\/strong> Mit seinem einladenden Ambiente und einem Team von erfahrenen Fachleuten, die ihre Handwerkskunst mit Leidenschaft und Pr\u00e4zision aus\u00fcben, hat sich Auf Augenh\u00f6he als eine erstklassige Adresse f\u00fcr Brillen, Sehhilfen und H\u00f6rger\u00e4te etabliert.<\/p>\t\t\t\t\t\t\t\t<\/div>\n\t\t\t\t<\/div>\n\t\t\t\t<section class=\"elementor-section elementor-inner-section elementor-element elementor-element-24e395a elementor-section-boxed elementor-section-height-default elementor-section-height-default\" data-id=\"24e395a\" data-element_type=\"section\" data-e-type=\"section\">\n\t\t\t\t\t\t<div class=\"elementor-container elementor-column-gap-default\">\n\t\t\t\t\t\t<\/div>\n\t\t<\/section>\n\t\t\t\t<section class=\"elementor-section elementor-inner-section elementor-element elementor-element-e0ddf86 elementor-section-boxed elementor-section-height-default elementor-section-height-default\" data-id=\"e0ddf86\" data-element_type=\"section\" data-e-type=\"section\">\n\t\t\t\t\t\t<div class=\"elementor-container elementor-column-gap-default\">\n\t\t\t\t\t\t<\/div>\n\t\t<\/section>\n\t\t\t\t\t<\/div>\n\t\t<\/div>\n\t\t\t\t<div class=\"elementor-column elementor-col-50 elementor-top-column elementor-element elementor-element-d326519 elementor-hidden-tablet elementor-hidden-mobile\" data-id=\"d326519\" data-element_type=\"column\" data-e-type=\"column\" data-settings=\"{&quot;background_background&quot;:&quot;classic&quot;}\">\n\t\t\t<div class=\"elementor-widget-wrap elementor-element-populated\">\n\t\t\t\t\t\t<div class=\"elementor-element elementor-element-75aef70 elementor-widget__width-initial elementor-widget elementor-widget-text-editor\" data-id=\"75aef70\" data-element_type=\"widget\" data-e-type=\"widget\" data-widget_type=\"text-editor.default\">\n\t\t\t\t<div class=\"elementor-widget-container\">\n\t\t\t\t\t\t\t\t\t<div class=\"ewa-rteLine\"><div class=\"ewa-rteLine\"><strong>Auf Augenh\u00f6he Optiker<\/strong><\/div><\/div><div class=\"ewa-rteLine\">Wilhelmstra\u00dfe 135<\/div><div class=\"ewa-rteLine\">72764 Reutlingen<\/div><div>\u00a0<\/div><div class=\"ewa-rteLine\">Tel.: +49 7121 329639<\/div><div class=\"ewa-rteLine\"><a href=\"mailto:info@aufaugenhoehe-rt.de\">info@aufaugenhoehe-rt.de<\/a><\/div><div class=\"ewa-rteLine\"><a href=\"https:\/\/aufaugenhoehe-rt.de\/\" target=\"_blank\" rel=\"noopener\">www.aufaugenhoehe-rt.de<\/a><\/div>\t\t\t\t\t\t\t\t<\/div>\n\t\t\t\t<\/div>\n\t\t\t\t<div class=\"elementor-element elementor-element-fce5c30 elementor-widget__width-initial elementor-widget elementor-widget-text-editor\" data-id=\"fce5c30\" data-element_type=\"widget\" data-e-type=\"widget\" data-widget_type=\"text-editor.default\">\n\t\t\t\t<div class=\"elementor-widget-container\">\n\t\t\t\t\t\t\t\t\t<p>\u00d6ffnungszeiten:<\/p><div class=\"ewa-rteLine\">Montag bis Freitag<\/div><div class=\"ewa-rteLine\">09:00 \u2013 18:00 Uhr<\/div><div class=\"ewa-rteLine\">Samstag<\/div><div class=\"ewa-rteLine\">09:00 \u2013 14:30 Uhr<\/div><p>\u00a0<\/p>\t\t\t\t\t\t\t\t<\/div>\n\t\t\t\t<\/div>\n\t\t\t\t<div class=\"elementor-element elementor-element-df013f4 elementor-widget elementor-widget-image\" data-id=\"df013f4\" data-element_type=\"widget\" data-e-type=\"widget\" data-widget_type=\"image.default\">\n\t\t\t\t<div class=\"elementor-widget-container\">\n\t\t\t\t\t\t\t\t\t\t\t\t\t\t\t<img fetchpriority=\"high\" decoding=\"async\" width=\"800\" height=\"255\" src=\"https:\/\/www.feine-adressen.online\/rtz\/wp-content\/uploads\/2024\/03\/auf-augenhoehe_logo-1024x326.png\" class=\"attachment-large size-large wp-image-4626\" alt=\"Auf Augenh\u00f6he Logo\" srcset=\"https:\/\/www.feine-adressen.online\/rtz\/wp-content\/uploads\/2024\/03\/auf-augenhoehe_logo-1024x326.png 1024w, https:\/\/www.feine-adressen.online\/rtz\/wp-content\/uploads\/2024\/03\/auf-augenhoehe_logo-300x95.png 300w, https:\/\/www.feine-adressen.online\/rtz\/wp-content\/uploads\/2024\/03\/auf-augenhoehe_logo-768x244.png 768w, https:\/\/www.feine-adressen.online\/rtz\/wp-content\/uploads\/2024\/03\/auf-augenhoehe_logo.png 1299w\" sizes=\"(max-width: 800px) 100vw, 800px\" \/>\t\t\t\t\t\t\t\t\t\t\t\t\t\t\t<\/div>\n\t\t\t\t<\/div>\n\t\t\t\t<div class=\"elementor-element elementor-element-5210fb0 elementor-widget elementor-widget-google_maps\" data-id=\"5210fb0\" data-element_type=\"widget\" data-e-type=\"widget\" data-widget_type=\"google_maps.default\">\n\t\t\t\t<div class=\"elementor-widget-container\">\n\t\t\t\t\t\t\t<div class=\"elementor-custom-embed\">\n\t\t\t<iframe loading=\"lazy\"\n\t\t\t\t\tsrc=\"https:\/\/maps.google.com\/maps?q=%20Auf%20Augenh%C3%B6he%20Optiker%20Wilhelmstra%C3%9Fe%20135%2072764%20Reutlingen&#038;t=m&#038;z=17&#038;output=embed&#038;iwloc=near\"\n\t\t\t\t\ttitle=\" Auf Augenh\u00f6he Optiker Wilhelmstra\u00dfe 135 72764 Reutlingen\"\n\t\t\t\t\taria-label=\" Auf Augenh\u00f6he Optiker Wilhelmstra\u00dfe 135 72764 Reutlingen\"\n\t\t\t><\/iframe>\n\t\t<\/div>\n\t\t\t\t\t\t<\/div>\n\t\t\t\t<\/div>\n\t\t\t\t<div class=\"elementor-element elementor-element-0cf81ec elementor-align-left elementor-widget elementor-widget-button\" data-id=\"0cf81ec\" data-element_type=\"widget\" data-e-type=\"widget\" data-widget_type=\"button.default\">\n\t\t\t\t<div class=\"elementor-widget-container\">\n\t\t\t\t\t\t\t\t\t<div class=\"elementor-button-wrapper\">\n\t\t\t\t\t<a class=\"elementor-button elementor-button-link elementor-size-sm\" href=\"https:\/\/www.google.com\/maps\/place\/Auf+Augenh\u00f6he\/@48.4903295,9.2126525,17z\/data=!3m1!4b1!4m6!3m5!1s0x4799f3932d8ea045:0x9be3c63bc032a77e!8m2!3d48.4903295!4d9.2152274!16s%2Fg%2F11vf1hgjg7?entry=ttu\" target=\"_blank\">\n\t\t\t\t\t\t<span class=\"elementor-button-content-wrapper\">\n\t\t\t\t\t\t<span class=\"elementor-button-icon\">\n\t\t\t\t<i aria-hidden=\"true\" class=\"fas fa-map-marker-alt\"><\/i>\t\t\t<\/span>\n\t\t\t\t\t\t\t\t\t<span class=\"elementor-button-text\">Routenplaner<\/span>\n\t\t\t\t\t<\/span>\n\t\t\t\t\t<\/a>\n\t\t\t\t<\/div>\n\t\t\t\t\t\t\t\t<\/div>\n\t\t\t\t<\/div>\n\t\t\t\t\t<\/div>\n\t\t<\/div>\n\t\t\t\t\t<\/div>\n\t\t<\/section>\n\t\t\t\t<section class=\"elementor-section elementor-top-section elementor-element elementor-element-77e7f90e elementor-section-boxed elementor-section-height-default elementor-section-height-default\" data-id=\"77e7f90e\" data-element_type=\"section\" data-e-type=\"section\">\n\t\t\t\t\t\t<div class=\"elementor-container elementor-column-gap-default\">\n\t\t\t\t\t<div class=\"elementor-column elementor-col-50 elementor-top-column elementor-element elementor-element-6908c28f\" data-id=\"6908c28f\" data-element_type=\"column\" data-e-type=\"column\">\n\t\t\t<div class=\"elementor-widget-wrap elementor-element-populated\">\n\t\t\t\t\t\t<div class=\"elementor-element elementor-element-b50e27f animated-fast elementor-invisible elementor-widget elementor-widget-image\" data-id=\"b50e27f\" data-element_type=\"widget\" data-e-type=\"widget\" data-settings=\"{&quot;_animation&quot;:&quot;fadeInUp&quot;,&quot;_animation_delay&quot;:200}\" data-widget_type=\"image.default\">\n\t\t\t\t<div class=\"elementor-widget-container\">\n\t\t\t\t\t\t\t\t\t\t\t\t\t\t\t<img decoding=\"async\" width=\"800\" height=\"533\" src=\"https:\/\/www.feine-adressen.online\/rtz\/wp-content\/uploads\/2024\/03\/1P5A2434-1024x682.jpg\" class=\"attachment-large size-large wp-image-4617\" alt=\"Auf Augenh\u00f6he\" srcset=\"https:\/\/www.feine-adressen.online\/rtz\/wp-content\/uploads\/2024\/03\/1P5A2434-1024x682.jpg 1024w, https:\/\/www.feine-adressen.online\/rtz\/wp-content\/uploads\/2024\/03\/1P5A2434-300x200.jpg 300w, https:\/\/www.feine-adressen.online\/rtz\/wp-content\/uploads\/2024\/03\/1P5A2434-768x512.jpg 768w, https:\/\/www.feine-adressen.online\/rtz\/wp-content\/uploads\/2024\/03\/1P5A2434-1536x1024.jpg 1536w, https:\/\/www.feine-adressen.online\/rtz\/wp-content\/uploads\/2024\/03\/1P5A2434.jpg 2000w\" sizes=\"(max-width: 800px) 100vw, 800px\" \/>\t\t\t\t\t\t\t\t\t\t\t\t\t\t\t<\/div>\n\t\t\t\t<\/div>\n\t\t\t\t<div class=\"elementor-element elementor-element-57ab44fc elementor-widget elementor-widget-text-editor\" data-id=\"57ab44fc\" data-element_type=\"widget\" data-e-type=\"widget\" data-widget_type=\"text-editor.default\">\n\t\t\t\t<div class=\"elementor-widget-container\">\n\t\t\t\t\t\t\t\t\t<p>Optik und Akustik mit Herz und Leidenschaft<\/p>\t\t\t\t\t\t\t\t<\/div>\n\t\t\t\t<\/div>\n\t\t\t\t<div class=\"elementor-element elementor-element-edfe952 elementor-widget elementor-widget-text-editor\" data-id=\"edfe952\" data-element_type=\"widget\" data-e-type=\"widget\" data-widget_type=\"text-editor.default\">\n\t\t\t\t<div class=\"elementor-widget-container\">\n\t\t\t\t\t\t\t\t\t<p>In den geschmackvoll eingerichteten Verkaufsr\u00e4umen warten <strong>edle Fassungen und neueste Brillentechnologien<\/strong> darauf, entdeckt zu werden. Egal ob zeitlose Klassiker oder aktuelle Trends \u2013 die Auswahl deckt jeden Geschmack ab. Neben bekannten Marken wie <strong>Prada und Gucci<\/strong> und klassischen Modellen f\u00fchrt sie auch skandinavische Labels wie <strong>Lindberg<\/strong> oder welche, die es nur bei ihr in Reutlingen zu finden gibt wie das e<strong>xklusive Berliner Label Kuboraum.<\/strong> Die Modelle sind extravagant, etwas gewagter und in der Designsprache sp\u00fcrt man einen Hauch Italien. \u201eMit so einer Brille wird man nicht \u00fcbersehen\u201c, erz\u00e4hlt die Inhaberin Bianca Deckart, die selbst gerne die Marke tr\u00e4gt und es liebt mit einer Brille auch mal ein Statement zu setzen.<\/p><p>Das engagierte Personal achtet darauf, dass jeder Kunde genau die Beratung erh\u00e4lt, die er ben\u00f6tigt, um <strong>die perfekte Brille<\/strong> zu finden, die die individuelle Pers\u00f6nlichkeit unterstreicht und den Seh- und Stilanforderungen gerecht wird.<\/p><p>Nicht nur die Brillenauswahl ist vorbildlich, sondern auch das umfangreiche Dienstleistungsspektrum. <strong>Sehtests<\/strong> werden mit modernster Technologie durchgef\u00fchrt, um eine optimale <strong>Anpassung der Brillengl\u00e4ser<\/strong> an die individuellen Sehanforderungen zu gew\u00e4hrleisten. Die <strong>Reparatur und Wartung<\/strong> der Sehhilfen erfolgt ebenso sorgf\u00e4ltig und fachkundig, um eine lange Lebensdauer zu sichern.<\/p>\t\t\t\t\t\t\t\t<\/div>\n\t\t\t\t<\/div>\n\t\t\t\t<div class=\"elementor-element elementor-element-50840fe elementor-widget elementor-widget-image\" data-id=\"50840fe\" data-element_type=\"widget\" data-e-type=\"widget\" data-widget_type=\"image.default\">\n\t\t\t\t<div class=\"elementor-widget-container\">\n\t\t\t\t\t\t\t\t\t\t\t\t\t\t\t<img decoding=\"async\" width=\"800\" height=\"534\" src=\"https:\/\/www.feine-adressen.online\/rtz\/wp-content\/uploads\/2024\/03\/1P5A2412-1024x683.jpg\" class=\"attachment-large size-large wp-image-4620\" alt=\"Auf Augenh\u00f6he\" srcset=\"https:\/\/www.feine-adressen.online\/rtz\/wp-content\/uploads\/2024\/03\/1P5A2412-1024x683.jpg 1024w, https:\/\/www.feine-adressen.online\/rtz\/wp-content\/uploads\/2024\/03\/1P5A2412-300x200.jpg 300w, https:\/\/www.feine-adressen.online\/rtz\/wp-content\/uploads\/2024\/03\/1P5A2412-768x512.jpg 768w, https:\/\/www.feine-adressen.online\/rtz\/wp-content\/uploads\/2024\/03\/1P5A2412.jpg 1500w\" sizes=\"(max-width: 800px) 100vw, 800px\" \/>\t\t\t\t\t\t\t\t\t\t\t\t\t\t\t<\/div>\n\t\t\t\t<\/div>\n\t\t\t\t\t<\/div>\n\t\t<\/div>\n\t\t\t\t<div class=\"elementor-column elementor-col-50 elementor-top-column elementor-element elementor-element-17a62116\" data-id=\"17a62116\" data-element_type=\"column\" data-e-type=\"column\">\n\t\t\t<div class=\"elementor-widget-wrap elementor-element-populated\">\n\t\t\t\t\t\t<div class=\"elementor-element elementor-element-6e91ad0f elementor-widget elementor-widget-text-editor\" data-id=\"6e91ad0f\" data-element_type=\"widget\" data-e-type=\"widget\" data-settings=\"{&quot;motion_fx_motion_fx_scrolling&quot;:&quot;yes&quot;,&quot;motion_fx_translateY_effect&quot;:&quot;yes&quot;,&quot;motion_fx_devices&quot;:[&quot;desktop&quot;],&quot;motion_fx_translateY_speed&quot;:{&quot;unit&quot;:&quot;px&quot;,&quot;size&quot;:4,&quot;sizes&quot;:[]},&quot;motion_fx_translateY_affectedRange&quot;:{&quot;unit&quot;:&quot;%&quot;,&quot;size&quot;:&quot;&quot;,&quot;sizes&quot;:{&quot;start&quot;:0,&quot;end&quot;:100}}}\" data-widget_type=\"text-editor.default\">\n\t\t\t\t<div class=\"elementor-widget-container\">\n\t\t\t\t\t\t\t\t\t<p>\u201eDas Leben ist bezaubernd, man muss es nur durch die richtige Brille sehen.\u201c<\/p>\t\t\t\t\t\t\t\t<\/div>\n\t\t\t\t<\/div>\n\t\t\t\t<div class=\"elementor-element elementor-element-4e61eeef elementor-widget elementor-widget-text-editor\" data-id=\"4e61eeef\" data-element_type=\"widget\" data-e-type=\"widget\" data-settings=\"{&quot;motion_fx_motion_fx_scrolling&quot;:&quot;yes&quot;,&quot;motion_fx_opacity_effect&quot;:&quot;yes&quot;,&quot;motion_fx_opacity_direction&quot;:&quot;in-out&quot;,&quot;motion_fx_opacity_level&quot;:{&quot;unit&quot;:&quot;px&quot;,&quot;size&quot;:10,&quot;sizes&quot;:[]},&quot;motion_fx_opacity_range&quot;:{&quot;unit&quot;:&quot;%&quot;,&quot;size&quot;:&quot;&quot;,&quot;sizes&quot;:{&quot;start&quot;:20,&quot;end&quot;:80}},&quot;motion_fx_devices&quot;:[&quot;desktop&quot;,&quot;tablet&quot;,&quot;mobile&quot;]}\" data-widget_type=\"text-editor.default\">\n\t\t\t\t<div class=\"elementor-widget-container\">\n\t\t\t\t\t\t\t\t\t<p>Zitat von Alexandre Dumas<\/p>\t\t\t\t\t\t\t\t<\/div>\n\t\t\t\t<\/div>\n\t\t\t\t\t<\/div>\n\t\t<\/div>\n\t\t\t\t\t<\/div>\n\t\t<\/section>\n\t\t\t\t<section class=\"elementor-section elementor-top-section elementor-element elementor-element-95b2aab elementor-section-boxed elementor-section-height-default elementor-section-height-default\" data-id=\"95b2aab\" data-element_type=\"section\" data-e-type=\"section\">\n\t\t\t\t\t\t<div class=\"elementor-container elementor-column-gap-default\">\n\t\t\t\t\t<div class=\"elementor-column elementor-col-50 elementor-top-column elementor-element elementor-element-60dd8c7\" data-id=\"60dd8c7\" data-element_type=\"column\" data-e-type=\"column\">\n\t\t\t<div class=\"elementor-widget-wrap elementor-element-populated\">\n\t\t\t\t\t\t<div class=\"elementor-element elementor-element-e9a10d9 elementor-widget elementor-widget-text-editor\" data-id=\"e9a10d9\" data-element_type=\"widget\" data-e-type=\"widget\" data-widget_type=\"text-editor.default\">\n\t\t\t\t<div class=\"elementor-widget-container\">\n\t\t\t\t\t\t\t\t\t<p>Ein starkes Team<\/p>\t\t\t\t\t\t\t\t<\/div>\n\t\t\t\t<\/div>\n\t\t\t\t<div class=\"elementor-element elementor-element-ca93aed elementor-widget elementor-widget-text-editor\" data-id=\"ca93aed\" data-element_type=\"widget\" data-e-type=\"widget\" data-widget_type=\"text-editor.default\">\n\t\t\t\t<div class=\"elementor-widget-container\">\n\t\t\t\t\t\t\t\t\t<p>Bianca Deckart wird von Herr R\u00fcge im Bereich <strong>Akustik<\/strong> und einer weiteren Augenoptik-Kollegin unterst\u00fctzt. Gemeinsam bilden sie ein starkes Team, das sowohl auf akustische als auch optische Bed\u00fcrfnisse eingehen kann. Diese interdisziplin\u00e4re Zusammenarbeit erm\u00f6glicht es, Kunden ganzheitlich zu unterst\u00fctzen, sei es bei der Anpassung von H\u00f6rger\u00e4ten oder Brillen.<\/p><p>F\u00fcr Bianca Deckart steht die Kundenbetreuung an erster Stelle. Sie legt gro\u00dfen Wert darauf, dass sich ihre Kunden gut aufgehoben f\u00fchlen und mit der perfekten Brille und dem besten Service nach Hause gehen. \u201eJeder wird mit einem L\u00e4cheln empfangen und individuell beraten\u201c, erkl\u00e4rt sie. <strong>\u201eAuf Augenh\u00f6he\u201c<\/strong> ist nicht nur der Gesch\u00e4ftsname, es ist die Philosophie, mit der sie ihr Gesch\u00e4ft f\u00fchrt. \u201eAuf Augenh\u00f6he mit den gro\u00dfen und kleinen Kunden, den Mitarbeitern, den Lieferanten, auf Augenh\u00f6he mit allen\u201c, fasst Bianca Deckart zusammen. <\/p>\t\t\t\t\t\t\t\t<\/div>\n\t\t\t\t<\/div>\n\t\t\t\t\t<\/div>\n\t\t<\/div>\n\t\t\t\t<div class=\"elementor-column elementor-col-50 elementor-top-column elementor-element elementor-element-0d912a7\" data-id=\"0d912a7\" data-element_type=\"column\" data-e-type=\"column\">\n\t\t\t<div class=\"elementor-widget-wrap\">\n\t\t\t\t\t\t\t<\/div>\n\t\t<\/div>\n\t\t\t\t\t<\/div>\n\t\t<\/section>\n\t\t\t\t<section class=\"elementor-section elementor-top-section elementor-element elementor-element-b20bd59 elementor-section-boxed elementor-section-height-default elementor-section-height-default\" data-id=\"b20bd59\" data-element_type=\"section\" data-e-type=\"section\">\n\t\t\t\t\t\t<div class=\"elementor-container elementor-column-gap-default\">\n\t\t\t\t\t<div class=\"elementor-column elementor-col-100 elementor-top-column elementor-element elementor-element-decd96e elementor-hidden-desktop\" data-id=\"decd96e\" data-element_type=\"column\" data-e-type=\"column\" data-settings=\"{&quot;background_background&quot;:&quot;classic&quot;}\">\n\t\t\t<div class=\"elementor-widget-wrap elementor-element-populated\">\n\t\t\t\t\t\t<div class=\"elementor-element elementor-element-98a029c elementor-widget__width-initial elementor-widget elementor-widget-text-editor\" data-id=\"98a029c\" data-element_type=\"widget\" data-e-type=\"widget\" data-widget_type=\"text-editor.default\">\n\t\t\t\t<div class=\"elementor-widget-container\">\n\t\t\t\t\t\t\t\t\t<div class=\"ewa-rteLine\"><div class=\"ewa-rteLine\"><strong>Auf Augenh\u00f6he Optiker<\/strong><\/div><\/div><div class=\"ewa-rteLine\">Wilhelmstra\u00dfe 135<\/div><div class=\"ewa-rteLine\">72764 Reutlingen<\/div><div>\u00a0<\/div><div class=\"ewa-rteLine\">Tel.: +49 7121 329639<\/div><div class=\"ewa-rteLine\"><a href=\"mailto:info@aufaugenhoehe-rt.de\">info@aufaugenhoehe-rt.de<\/a><\/div><div class=\"ewa-rteLine\"><a href=\"https:\/\/aufaugenhoehe-rt.de\/\" target=\"_blank\" rel=\"noopener\">www.aufaugenhoehe-rt.de<\/a><\/div>\t\t\t\t\t\t\t\t<\/div>\n\t\t\t\t<\/div>\n\t\t\t\t<div class=\"elementor-element elementor-element-4cc3a59 elementor-widget__width-initial elementor-widget elementor-widget-text-editor\" data-id=\"4cc3a59\" data-element_type=\"widget\" data-e-type=\"widget\" data-widget_type=\"text-editor.default\">\n\t\t\t\t<div class=\"elementor-widget-container\">\n\t\t\t\t\t\t\t\t\t<p>\u00d6ffnungszeiten:<\/p><div class=\"ewa-rteLine\">Montag bis Freitag<\/div><div class=\"ewa-rteLine\">09:00 \u2013 18:00 Uhr<\/div><div class=\"ewa-rteLine\">Samstag<\/div><div class=\"ewa-rteLine\">09:00 \u2013 14:30 Uhr<\/div><p>\u00a0<\/p>\t\t\t\t\t\t\t\t<\/div>\n\t\t\t\t<\/div>\n\t\t\t\t<div class=\"elementor-element elementor-element-5580cc2 elementor-widget elementor-widget-image\" data-id=\"5580cc2\" data-element_type=\"widget\" data-e-type=\"widget\" data-widget_type=\"image.default\">\n\t\t\t\t<div class=\"elementor-widget-container\">\n\t\t\t\t\t\t\t\t\t\t\t\t\t\t\t<img fetchpriority=\"high\" decoding=\"async\" width=\"800\" height=\"255\" src=\"https:\/\/www.feine-adressen.online\/rtz\/wp-content\/uploads\/2024\/03\/auf-augenhoehe_logo-1024x326.png\" class=\"attachment-large size-large wp-image-4626\" alt=\"Auf Augenh\u00f6he Logo\" srcset=\"https:\/\/www.feine-adressen.online\/rtz\/wp-content\/uploads\/2024\/03\/auf-augenhoehe_logo-1024x326.png 1024w, https:\/\/www.feine-adressen.online\/rtz\/wp-content\/uploads\/2024\/03\/auf-augenhoehe_logo-300x95.png 300w, https:\/\/www.feine-adressen.online\/rtz\/wp-content\/uploads\/2024\/03\/auf-augenhoehe_logo-768x244.png 768w, https:\/\/www.feine-adressen.online\/rtz\/wp-content\/uploads\/2024\/03\/auf-augenhoehe_logo.png 1299w\" sizes=\"(max-width: 800px) 100vw, 800px\" \/>\t\t\t\t\t\t\t\t\t\t\t\t\t\t\t<\/div>\n\t\t\t\t<\/div>\n\t\t\t\t<div class=\"elementor-element elementor-element-c522b5f elementor-widget elementor-widget-google_maps\" data-id=\"c522b5f\" data-element_type=\"widget\" data-e-type=\"widget\" data-widget_type=\"google_maps.default\">\n\t\t\t\t<div class=\"elementor-widget-container\">\n\t\t\t\t\t\t\t<div class=\"elementor-custom-embed\">\n\t\t\t<iframe loading=\"lazy\"\n\t\t\t\t\tsrc=\"https:\/\/maps.google.com\/maps?q=%20Auf%20Augenh%C3%B6he%20Optiker%20Wilhelmstra%C3%9Fe%20135%2072764%20Reutlingen&#038;t=m&#038;z=17&#038;output=embed&#038;iwloc=near\"\n\t\t\t\t\ttitle=\" Auf Augenh\u00f6he Optiker Wilhelmstra\u00dfe 135 72764 Reutlingen\"\n\t\t\t\t\taria-label=\" Auf Augenh\u00f6he Optiker Wilhelmstra\u00dfe 135 72764 Reutlingen\"\n\t\t\t><\/iframe>\n\t\t<\/div>\n\t\t\t\t\t\t<\/div>\n\t\t\t\t<\/div>\n\t\t\t\t<div class=\"elementor-element elementor-element-e127a2e elementor-align-left elementor-widget elementor-widget-button\" data-id=\"e127a2e\" data-element_type=\"widget\" data-e-type=\"widget\" data-widget_type=\"button.default\">\n\t\t\t\t<div class=\"elementor-widget-container\">\n\t\t\t\t\t\t\t\t\t<div class=\"elementor-button-wrapper\">\n\t\t\t\t\t<a class=\"elementor-button elementor-button-link elementor-size-sm\" href=\"https:\/\/www.google.com\/maps\/place\/Auf+Augenh\u00f6he\/@48.4903295,9.2126525,17z\/data=!3m1!4b1!4m6!3m5!1s0x4799f3932d8ea045:0x9be3c63bc032a77e!8m2!3d48.4903295!4d9.2152274!16s%2Fg%2F11vf1hgjg7?entry=ttu\" target=\"_blank\">\n\t\t\t\t\t\t<span class=\"elementor-button-content-wrapper\">\n\t\t\t\t\t\t<span class=\"elementor-button-icon\">\n\t\t\t\t<i aria-hidden=\"true\" class=\"fas fa-map-marker-alt\"><\/i>\t\t\t<\/span>\n\t\t\t\t\t\t\t\t\t<span class=\"elementor-button-text\">Routenplaner<\/span>\n\t\t\t\t\t<\/span>\n\t\t\t\t\t<\/a>\n\t\t\t\t<\/div>\n\t\t\t\t\t\t\t\t<\/div>\n\t\t\t\t<\/div>\n\t\t\t\t\t<\/div>\n\t\t<\/div>\n\t\t\t\t\t<\/div>\n\t\t<\/section>\n\t\t\t\t<section class=\"elementor-section elementor-top-section elementor-element elementor-element-6fb4034c elementor-section-boxed elementor-section-height-default elementor-section-height-default\" data-id=\"6fb4034c\" data-element_type=\"section\" data-e-type=\"section\">\n\t\t\t\t\t\t<div class=\"elementor-container elementor-column-gap-default\">\n\t\t\t\t\t<div class=\"elementor-column elementor-col-100 elementor-top-column elementor-element elementor-element-577da0b7\" data-id=\"577da0b7\" data-element_type=\"column\" data-e-type=\"column\">\n\t\t\t<div class=\"elementor-widget-wrap elementor-element-populated\">\n\t\t\t\t\t\t<div class=\"elementor-element elementor-element-644a0159 elementor-widget-divider--view-line elementor-widget elementor-widget-divider\" data-id=\"644a0159\" data-element_type=\"widget\" data-e-type=\"widget\" data-widget_type=\"divider.default\">\n\t\t\t\t<div class=\"elementor-widget-container\">\n\t\t\t\t\t\t\t<div class=\"elementor-divider\">\n\t\t\t<span class=\"elementor-divider-separator\">\n\t\t\t\t\t\t<\/span>\n\t\t<\/div>\n\t\t\t\t\t\t<\/div>\n\t\t\t\t<\/div>\n\t\t\t\t\t<\/div>\n\t\t<\/div>\n\t\t\t\t\t<\/div>\n\t\t<\/section>\n\t\t\t\t<section class=\"elementor-section elementor-top-section elementor-element elementor-element-5a10544f elementor-section-boxed elementor-section-height-default elementor-section-height-default\" data-id=\"5a10544f\" data-element_type=\"section\" data-e-type=\"section\">\n\t\t\t\t\t\t<div class=\"elementor-container elementor-column-gap-default\">\n\t\t\t\t\t<div class=\"elementor-column elementor-col-100 elementor-top-column elementor-element elementor-element-6e615842\" data-id=\"6e615842\" data-element_type=\"column\" data-e-type=\"column\">\n\t\t\t<div class=\"elementor-widget-wrap elementor-element-populated\">\n\t\t\t\t\t\t<div class=\"elementor-element elementor-element-28e76ca7 elementor-widget__width-initial elementor-widget elementor-widget-text-editor\" data-id=\"28e76ca7\" data-element_type=\"widget\" data-e-type=\"widget\" data-widget_type=\"text-editor.default\">\n\t\t\t\t<div class=\"elementor-widget-container\">\n\t\t\t\t\t\t\t\t\t<div class=\"ewa-rteLine\"><p>Das k\u00f6nnte Sie im Bereich <strong>BEAUTY &amp; GESUNDHEIT<\/strong> auch interessieren:<\/p><\/div>\t\t\t\t\t\t\t\t<\/div>\n\t\t\t\t<\/div>\n\t\t\t\t\t<\/div>\n\t\t<\/div>\n\t\t\t\t\t<\/div>\n\t\t<\/section>\n\t\t\t\t<section class=\"elementor-section elementor-top-section elementor-element elementor-element-2dee852d elementor-section-boxed elementor-section-height-default elementor-section-height-default\" data-id=\"2dee852d\" data-element_type=\"section\" data-e-type=\"section\">\n\t\t\t\t\t\t<div class=\"elementor-container elementor-column-gap-default\">\n\t\t\t\t\t<div class=\"elementor-column elementor-col-100 elementor-top-column elementor-element elementor-element-43f95395\" data-id=\"43f95395\" data-element_type=\"column\" data-e-type=\"column\">\n\t\t\t<div class=\"elementor-widget-wrap elementor-element-populated\">\n\t\t\t\t\t\t<div class=\"elementor-element elementor-element-4eed4dd9 elementor-grid-3 elementor-grid-tablet-2 elementor-grid-mobile-1 elementor-posts--thumbnail-top elementor-card-shadow-yes elementor-posts__hover-gradient elementor-widget elementor-widget-posts\" data-id=\"4eed4dd9\" data-element_type=\"widget\" data-e-type=\"widget\" data-settings=\"{&quot;cards_masonry&quot;:&quot;yes&quot;,&quot;pagination_type&quot;:&quot;prev_next&quot;,&quot;cards_columns&quot;:&quot;3&quot;,&quot;cards_columns_tablet&quot;:&quot;2&quot;,&quot;cards_columns_mobile&quot;:&quot;1&quot;,&quot;cards_row_gap&quot;:{&quot;unit&quot;:&quot;px&quot;,&quot;size&quot;:35,&quot;sizes&quot;:[]},&quot;cards_row_gap_tablet&quot;:{&quot;unit&quot;:&quot;px&quot;,&quot;size&quot;:&quot;&quot;,&quot;sizes&quot;:[]},&quot;cards_row_gap_mobile&quot;:{&quot;unit&quot;:&quot;px&quot;,&quot;size&quot;:&quot;&quot;,&quot;sizes&quot;:[]}}\" data-widget_type=\"posts.cards\">\n\t\t\t\t<div class=\"elementor-widget-container\">\n\t\t\t\t\t\t\t<div class=\"elementor-posts-container elementor-posts elementor-posts--skin-cards elementor-grid\" role=\"list\">\n\t\t\t\t<article class=\"elementor-post elementor-grid-item post-1611 post type-post status-publish format-standard has-post-thumbnail hentry category-beauty-gesundheit tag-beauty-gesundheit tag-carecut tag-extensions tag-friseur tag-pflege tag-reutlingen tag-styling tag-tuebingen\" role=\"listitem\">\n\t\t\t<div class=\"elementor-post__card\">\n\t\t\t\t<a class=\"elementor-post__thumbnail__link\" href=\"https:\/\/www.feine-adressen.online\/rtz\/laraia-hairlive\/\" tabindex=\"-1\" ><div class=\"elementor-post__thumbnail\"><img loading=\"lazy\" decoding=\"async\" width=\"300\" height=\"300\" src=\"https:\/\/www.feine-adressen.online\/rtz\/wp-content\/uploads\/2023\/11\/Bildschirmfoto-2023-11-21-um-10.59.56-300x300.png\" class=\"attachment-medium size-medium wp-image-1639\" alt=\"Laraia Hairlive\" srcset=\"https:\/\/www.feine-adressen.online\/rtz\/wp-content\/uploads\/2023\/11\/Bildschirmfoto-2023-11-21-um-10.59.56-300x300.png 300w, https:\/\/www.feine-adressen.online\/rtz\/wp-content\/uploads\/2023\/11\/Bildschirmfoto-2023-11-21-um-10.59.56-1021x1024.png 1021w, https:\/\/www.feine-adressen.online\/rtz\/wp-content\/uploads\/2023\/11\/Bildschirmfoto-2023-11-21-um-10.59.56-150x150.png 150w, https:\/\/www.feine-adressen.online\/rtz\/wp-content\/uploads\/2023\/11\/Bildschirmfoto-2023-11-21-um-10.59.56-768x770.png 768w, https:\/\/www.feine-adressen.online\/rtz\/wp-content\/uploads\/2023\/11\/Bildschirmfoto-2023-11-21-um-10.59.56-1532x1536.png 1532w, https:\/\/www.feine-adressen.online\/rtz\/wp-content\/uploads\/2023\/11\/Bildschirmfoto-2023-11-21-um-10.59.56-2043x2048.png 2043w\" sizes=\"(max-width: 300px) 100vw, 300px\" \/><\/div><\/a>\n\t\t\t\t<div class=\"elementor-post__badge\">Beauty &amp; Gesundheit<\/div>\n\t\t\t\t<div class=\"elementor-post__text\">\n\t\t\t\t<h3 class=\"elementor-post__title\">\n\t\t\t<a href=\"https:\/\/www.feine-adressen.online\/rtz\/laraia-hairlive\/\" >\n\t\t\t\tLaraia Hairlive \u2013 Der Wohlf\u00fchl&shy;friseur in T\u00fcbingen und Reutlingen\t\t\t<\/a>\n\t\t<\/h3>\n\t\t\n\t\t<a class=\"elementor-post__read-more\" href=\"https:\/\/www.feine-adressen.online\/rtz\/laraia-hairlive\/\" aria-label=\"Mehr \u00fcber Laraia Hairlive \u2013 Der Wohlf\u00fchl&shy;friseur in T\u00fcbingen und Reutlingen\" tabindex=\"-1\" >\n\t\t\tMehr Erfahren \u00bb\t\t<\/a>\n\n\t\t\t\t<\/div>\n\t\t\t\t\t<\/div>\n\t\t<\/article>\n\t\t\t\t<article class=\"elementor-post elementor-grid-item post-4999 post type-post status-publish format-standard has-post-thumbnail hentry category-beauty-gesundheit tag-beauty-gesundheit tag-ernaehrung tag-osteopathie tag-praevention tag-praxis tag-reutlingen tag-therapie\" role=\"listitem\">\n\t\t\t<div class=\"elementor-post__card\">\n\t\t\t\t<a class=\"elementor-post__thumbnail__link\" href=\"https:\/\/www.feine-adressen.online\/rtz\/emrich-gesundheitspraxis\/\" tabindex=\"-1\" ><div class=\"elementor-post__thumbnail\"><img loading=\"lazy\" decoding=\"async\" width=\"300\" height=\"300\" src=\"https:\/\/www.feine-adressen.online\/rtz\/wp-content\/uploads\/2024\/03\/Emrich_Kachel-1-e1742826715635-300x300.png\" class=\"attachment-medium size-medium wp-image-5402\" alt=\"Emrich Gesundheitspraxis\" srcset=\"https:\/\/www.feine-adressen.online\/rtz\/wp-content\/uploads\/2024\/03\/Emrich_Kachel-1-e1742826715635-300x300.png 300w, https:\/\/www.feine-adressen.online\/rtz\/wp-content\/uploads\/2024\/03\/Emrich_Kachel-1-e1742826715635-1024x1024.png 1024w, https:\/\/www.feine-adressen.online\/rtz\/wp-content\/uploads\/2024\/03\/Emrich_Kachel-1-e1742826715635-150x150.png 150w, https:\/\/www.feine-adressen.online\/rtz\/wp-content\/uploads\/2024\/03\/Emrich_Kachel-1-e1742826715635-768x768.png 768w, https:\/\/www.feine-adressen.online\/rtz\/wp-content\/uploads\/2024\/03\/Emrich_Kachel-1-e1742826715635.png 1500w\" sizes=\"(max-width: 300px) 100vw, 300px\" \/><\/div><\/a>\n\t\t\t\t<div class=\"elementor-post__badge\">Beauty &amp; Gesundheit<\/div>\n\t\t\t\t<div class=\"elementor-post__text\">\n\t\t\t\t<h3 class=\"elementor-post__title\">\n\t\t\t<a href=\"https:\/\/www.feine-adressen.online\/rtz\/emrich-gesundheitspraxis\/\" >\n\t\t\t\tEmrich Gesundheitspraxis &#8211; pers\u00f6nliches Gesundheits-management\u200b\t\t\t<\/a>\n\t\t<\/h3>\n\t\t\n\t\t<a class=\"elementor-post__read-more\" href=\"https:\/\/www.feine-adressen.online\/rtz\/emrich-gesundheitspraxis\/\" aria-label=\"Mehr \u00fcber Emrich Gesundheitspraxis &#8211; pers\u00f6nliches Gesundheits-management\u200b\" tabindex=\"-1\" >\n\t\t\tMehr Erfahren \u00bb\t\t<\/a>\n\n\t\t\t\t<\/div>\n\t\t\t\t\t<\/div>\n\t\t<\/article>\n\t\t\t\t<article class=\"elementor-post elementor-grid-item post-6904 post type-post status-publish format-standard has-post-thumbnail hentry category-beauty-gesundheit tag-beauty tag-brillen tag-kinderbrillen tag-optiker tag-reparatur tag-reutlingen\" role=\"listitem\">\n\t\t\t<div class=\"elementor-post__card\">\n\t\t\t\t<a class=\"elementor-post__thumbnail__link\" href=\"https:\/\/www.feine-adressen.online\/rtz\/wittel-optik\/\" tabindex=\"-1\" ><div class=\"elementor-post__thumbnail\"><img loading=\"lazy\" decoding=\"async\" width=\"300\" height=\"200\" src=\"https:\/\/www.feine-adressen.online\/rtz\/wp-content\/uploads\/2024\/10\/AF1QipOnwhWqzRsILlfE1NTj2pN2Cq83nEHEl8jI1XVTs1536-300x200.jpeg\" class=\"attachment-medium size-medium wp-image-6918\" alt=\"\" srcset=\"https:\/\/www.feine-adressen.online\/rtz\/wp-content\/uploads\/2024\/10\/AF1QipOnwhWqzRsILlfE1NTj2pN2Cq83nEHEl8jI1XVTs1536-300x200.jpeg 300w, https:\/\/www.feine-adressen.online\/rtz\/wp-content\/uploads\/2024\/10\/AF1QipOnwhWqzRsILlfE1NTj2pN2Cq83nEHEl8jI1XVTs1536.jpeg 709w\" sizes=\"(max-width: 300px) 100vw, 300px\" \/><\/div><\/a>\n\t\t\t\t<div class=\"elementor-post__badge\">Beauty &amp; Gesundheit<\/div>\n\t\t\t\t<div class=\"elementor-post__text\">\n\t\t\t\t<h3 class=\"elementor-post__title\">\n\t\t\t<a href=\"https:\/\/www.feine-adressen.online\/rtz\/wittel-optik\/\" >\n\t\t\t\tWittel Optik \u2013 f\u00fcr den richtigen Durchblick\t\t\t<\/a>\n\t\t<\/h3>\n\t\t\n\t\t<a class=\"elementor-post__read-more\" href=\"https:\/\/www.feine-adressen.online\/rtz\/wittel-optik\/\" aria-label=\"Mehr \u00fcber Wittel Optik \u2013 f\u00fcr den richtigen Durchblick\" tabindex=\"-1\" >\n\t\t\tMehr Erfahren \u00bb\t\t<\/a>\n\n\t\t\t\t<\/div>\n\t\t\t\t\t<\/div>\n\t\t<\/article>\n\t\t\t\t<\/div>\n\t\t\n\t\t\t\t\t\t<\/div>\n\t\t\t\t<\/div>\n\t\t\t\t\t<\/div>\n\t\t<\/div>\n\t\t\t\t\t<\/div>\n\t\t<\/section>\n\t\t\t\t<\/div>\n\t\t","protected":false},"excerpt":{"rendered":"<p>Zur\u00fcck zur Auswahl Auf Augenh\u00f6he Optikfachgesch\u00e4ft Auf Augenh\u00f6he \u2013 sehen und h\u00f6ren Seit August 2023 ist Auf Augenh\u00f6he in die Reutlinger Innenstadt eingezogen. Bianca Deckart<\/p>\n","protected":false},"author":2,"featured_media":4693,"comment_status":"closed","ping_status":"open","sticky":false,"template":"elementor_header_footer","format":"standard","meta":{"iawp_total_views":88,"footnotes":""},"categories":[25],"tags":[240,152,241,239,73],"class_list":["post-4621","post","type-post","status-publish","format-standard","has-post-thumbnail","hentry","category-beauty-gesundheit","tag-akustiker","tag-beauty-gesundheit","tag-brillen-italienisch","tag-optiker","tag-reutlingen"],"yoast_head":"<!-- This site is optimized with the Yoast SEO plugin v26.9 - https:\/\/yoast.com\/product\/yoast-seo-wordpress\/ -->\n<title>Auf Augenh\u00f6he - Optikfachgesch\u00e4ft \u2013 sehen und h\u00f6ren<\/title>\n<meta name=\"description\" content=\"Optikfachgesch\u00e4ft Auf Aufgenh\u00f6he in Reutlingen bietet alle Services rund um Sehen und H\u00f6ren. Jetzt Termin vereinbaren!\" \/>\n<meta name=\"robots\" content=\"index, follow, max-snippet:-1, max-image-preview:large, max-video-preview:-1\" \/>\n<link rel=\"canonical\" href=\"https:\/\/www.feine-adressen.online\/rtz\/optikfachgeschaeft-auf-augenhoehe\/\" \/>\n<meta property=\"og:locale\" content=\"de_DE\" \/>\n<meta property=\"og:type\" content=\"article\" \/>\n<meta property=\"og:title\" content=\"Auf Augenh\u00f6he - Optikfachgesch\u00e4ft \u2013 sehen und h\u00f6ren\" \/>\n<meta property=\"og:description\" content=\"Optikfachgesch\u00e4ft Auf Aufgenh\u00f6he in Reutlingen bietet alle Services rund um Sehen und H\u00f6ren. Jetzt Termin vereinbaren!\" \/>\n<meta property=\"og:url\" content=\"https:\/\/www.feine-adressen.online\/rtz\/optikfachgeschaeft-auf-augenhoehe\/\" \/>\n<meta property=\"og:site_name\" content=\"feine adressen\" \/>\n<meta property=\"article:published_time\" content=\"2024-03-25T13:26:47+00:00\" \/>\n<meta property=\"article:modified_time\" content=\"2024-05-16T13:09:29+00:00\" \/>\n<meta property=\"og:image\" content=\"https:\/\/www.feine-adressen.online\/rtz\/wp-content\/uploads\/2024\/03\/Augenhoehe_Kachel-e1711440124474.jpg\" \/>\n\t<meta property=\"og:image:width\" content=\"1920\" \/>\n\t<meta property=\"og:image:height\" content=\"1920\" \/>\n\t<meta property=\"og:image:type\" content=\"image\/jpeg\" \/>\n<meta name=\"author\" content=\"thomas\" \/>\n<meta name=\"twitter:card\" content=\"summary_large_image\" \/>\n<meta name=\"twitter:label1\" content=\"Verfasst von\" \/>\n\t<meta name=\"twitter:data1\" content=\"thomas\" \/>\n\t<meta name=\"twitter:label2\" content=\"Gesch\u00e4tzte Lesezeit\" \/>\n\t<meta name=\"twitter:data2\" content=\"5\u00a0Minuten\" \/>\n<script type=\"application\/ld+json\" class=\"yoast-schema-graph\">{\"@context\":\"https:\/\/schema.org\",\"@graph\":[{\"@type\":\"Article\",\"@id\":\"https:\/\/www.feine-adressen.online\/rtz\/optikfachgeschaeft-auf-augenhoehe\/#article\",\"isPartOf\":{\"@id\":\"https:\/\/www.feine-adressen.online\/rtz\/optikfachgeschaeft-auf-augenhoehe\/\"},\"author\":{\"name\":\"thomas\",\"@id\":\"https:\/\/www.feine-adressen.online\/rtz\/#\/schema\/person\/9afb47a3a3385433e9879ab55bc3675c\"},\"headline\":\"Optikfachgesch\u00e4ft Auf Augenh\u00f6he \u2013 sehen und h\u00f6ren\",\"datePublished\":\"2024-03-25T13:26:47+00:00\",\"dateModified\":\"2024-05-16T13:09:29+00:00\",\"mainEntityOfPage\":{\"@id\":\"https:\/\/www.feine-adressen.online\/rtz\/optikfachgeschaeft-auf-augenhoehe\/\"},\"wordCount\":552,\"publisher\":{\"@id\":\"https:\/\/www.feine-adressen.online\/rtz\/#organization\"},\"image\":{\"@id\":\"https:\/\/www.feine-adressen.online\/rtz\/optikfachgeschaeft-auf-augenhoehe\/#primaryimage\"},\"thumbnailUrl\":\"https:\/\/www.feine-adressen.online\/rtz\/wp-content\/uploads\/2024\/03\/Augenhoehe_Kachel-e1711440124474.jpg\",\"keywords\":[\"Akustiker\",\"BEAUTY &amp; GESUNDHEIT\",\"Brillen Italienisch\",\"Optiker\",\"Reutlingen\"],\"articleSection\":[\"Beauty &amp; Gesundheit\"],\"inLanguage\":\"de\"},{\"@type\":\"WebPage\",\"@id\":\"https:\/\/www.feine-adressen.online\/rtz\/optikfachgeschaeft-auf-augenhoehe\/\",\"url\":\"https:\/\/www.feine-adressen.online\/rtz\/optikfachgeschaeft-auf-augenhoehe\/\",\"name\":\"Auf Augenh\u00f6he - Optikfachgesch\u00e4ft \u2013 sehen und h\u00f6ren\",\"isPartOf\":{\"@id\":\"https:\/\/www.feine-adressen.online\/rtz\/#website\"},\"primaryImageOfPage\":{\"@id\":\"https:\/\/www.feine-adressen.online\/rtz\/optikfachgeschaeft-auf-augenhoehe\/#primaryimage\"},\"image\":{\"@id\":\"https:\/\/www.feine-adressen.online\/rtz\/optikfachgeschaeft-auf-augenhoehe\/#primaryimage\"},\"thumbnailUrl\":\"https:\/\/www.feine-adressen.online\/rtz\/wp-content\/uploads\/2024\/03\/Augenhoehe_Kachel-e1711440124474.jpg\",\"datePublished\":\"2024-03-25T13:26:47+00:00\",\"dateModified\":\"2024-05-16T13:09:29+00:00\",\"description\":\"Optikfachgesch\u00e4ft Auf Aufgenh\u00f6he in Reutlingen bietet alle Services rund um Sehen und H\u00f6ren. Jetzt Termin vereinbaren!\",\"breadcrumb\":{\"@id\":\"https:\/\/www.feine-adressen.online\/rtz\/optikfachgeschaeft-auf-augenhoehe\/#breadcrumb\"},\"inLanguage\":\"de\",\"potentialAction\":[{\"@type\":\"ReadAction\",\"target\":[\"https:\/\/www.feine-adressen.online\/rtz\/optikfachgeschaeft-auf-augenhoehe\/\"]}]},{\"@type\":\"ImageObject\",\"inLanguage\":\"de\",\"@id\":\"https:\/\/www.feine-adressen.online\/rtz\/optikfachgeschaeft-auf-augenhoehe\/#primaryimage\",\"url\":\"https:\/\/www.feine-adressen.online\/rtz\/wp-content\/uploads\/2024\/03\/Augenhoehe_Kachel-e1711440124474.jpg\",\"contentUrl\":\"https:\/\/www.feine-adressen.online\/rtz\/wp-content\/uploads\/2024\/03\/Augenhoehe_Kachel-e1711440124474.jpg\",\"width\":1920,\"height\":1920,\"caption\":\"Auf Augenh\u00f6he\"},{\"@type\":\"BreadcrumbList\",\"@id\":\"https:\/\/www.feine-adressen.online\/rtz\/optikfachgeschaeft-auf-augenhoehe\/#breadcrumb\",\"itemListElement\":[{\"@type\":\"ListItem\",\"position\":1,\"name\":\"Startseite\",\"item\":\"https:\/\/www.feine-adressen.online\/rtz\/\"},{\"@type\":\"ListItem\",\"position\":2,\"name\":\"Optikfachgesch\u00e4ft Auf Augenh\u00f6he \u2013 sehen und h\u00f6ren\"}]},{\"@type\":\"WebSite\",\"@id\":\"https:\/\/www.feine-adressen.online\/rtz\/#website\",\"url\":\"https:\/\/www.feine-adressen.online\/rtz\/\",\"name\":\"feine adressen\",\"description\":\"Reutlingen \/ T\u00fcbingen \/ Zollernalb\",\"publisher\":{\"@id\":\"https:\/\/www.feine-adressen.online\/rtz\/#organization\"},\"potentialAction\":[{\"@type\":\"SearchAction\",\"target\":{\"@type\":\"EntryPoint\",\"urlTemplate\":\"https:\/\/www.feine-adressen.online\/rtz\/?s={search_term_string}\"},\"query-input\":{\"@type\":\"PropertyValueSpecification\",\"valueRequired\":true,\"valueName\":\"search_term_string\"}}],\"inLanguage\":\"de\"},{\"@type\":\"Organization\",\"@id\":\"https:\/\/www.feine-adressen.online\/rtz\/#organization\",\"name\":\"feine adressen\",\"url\":\"https:\/\/www.feine-adressen.online\/rtz\/\",\"logo\":{\"@type\":\"ImageObject\",\"inLanguage\":\"de\",\"@id\":\"https:\/\/www.feine-adressen.online\/rtz\/#\/schema\/logo\/image\/\",\"url\":\"https:\/\/www.feine-adressen.online\/rtz\/wp-content\/uploads\/2023\/08\/kopf_2000.png\",\"contentUrl\":\"https:\/\/www.feine-adressen.online\/rtz\/wp-content\/uploads\/2023\/08\/kopf_2000.png\",\"width\":2000,\"height\":800,\"caption\":\"feine adressen\"},\"image\":{\"@id\":\"https:\/\/www.feine-adressen.online\/rtz\/#\/schema\/logo\/image\/\"}},{\"@type\":\"Person\",\"@id\":\"https:\/\/www.feine-adressen.online\/rtz\/#\/schema\/person\/9afb47a3a3385433e9879ab55bc3675c\",\"name\":\"thomas\",\"image\":{\"@type\":\"ImageObject\",\"inLanguage\":\"de\",\"@id\":\"https:\/\/www.feine-adressen.online\/rtz\/#\/schema\/person\/image\/\",\"url\":\"https:\/\/secure.gravatar.com\/avatar\/b121218ce010fef9e9d1bbba38a84a6ab6278186dd77e78d0137afb2b3dc3eaf?s=96&d=mm&r=g\",\"contentUrl\":\"https:\/\/secure.gravatar.com\/avatar\/b121218ce010fef9e9d1bbba38a84a6ab6278186dd77e78d0137afb2b3dc3eaf?s=96&d=mm&r=g\",\"caption\":\"thomas\"},\"url\":\"https:\/\/www.feine-adressen.online\/rtz\/author\/thomas\/\"}]}<\/script>\n<!-- \/ Yoast SEO plugin. -->","yoast_head_json":{"title":"Auf Augenh\u00f6he - Optikfachgesch\u00e4ft \u2013 sehen und h\u00f6ren","description":"Optikfachgesch\u00e4ft Auf Aufgenh\u00f6he in Reutlingen bietet alle Services rund um Sehen und H\u00f6ren. Jetzt Termin vereinbaren!","robots":{"index":"index","follow":"follow","max-snippet":"max-snippet:-1","max-image-preview":"max-image-preview:large","max-video-preview":"max-video-preview:-1"},"canonical":"https:\/\/www.feine-adressen.online\/rtz\/optikfachgeschaeft-auf-augenhoehe\/","og_locale":"de_DE","og_type":"article","og_title":"Auf Augenh\u00f6he - Optikfachgesch\u00e4ft \u2013 sehen und h\u00f6ren","og_description":"Optikfachgesch\u00e4ft Auf Aufgenh\u00f6he in Reutlingen bietet alle Services rund um Sehen und H\u00f6ren. Jetzt Termin vereinbaren!","og_url":"https:\/\/www.feine-adressen.online\/rtz\/optikfachgeschaeft-auf-augenhoehe\/","og_site_name":"feine adressen","article_published_time":"2024-03-25T13:26:47+00:00","article_modified_time":"2024-05-16T13:09:29+00:00","og_image":[{"width":1920,"height":1920,"url":"https:\/\/www.feine-adressen.online\/rtz\/wp-content\/uploads\/2024\/03\/Augenhoehe_Kachel-e1711440124474.jpg","type":"image\/jpeg"}],"author":"thomas","twitter_card":"summary_large_image","twitter_misc":{"Verfasst von":"thomas","Gesch\u00e4tzte Lesezeit":"5\u00a0Minuten"},"schema":{"@context":"https:\/\/schema.org","@graph":[{"@type":"Article","@id":"https:\/\/www.feine-adressen.online\/rtz\/optikfachgeschaeft-auf-augenhoehe\/#article","isPartOf":{"@id":"https:\/\/www.feine-adressen.online\/rtz\/optikfachgeschaeft-auf-augenhoehe\/"},"author":{"name":"thomas","@id":"https:\/\/www.feine-adressen.online\/rtz\/#\/schema\/person\/9afb47a3a3385433e9879ab55bc3675c"},"headline":"Optikfachgesch\u00e4ft Auf Augenh\u00f6he \u2013 sehen und h\u00f6ren","datePublished":"2024-03-25T13:26:47+00:00","dateModified":"2024-05-16T13:09:29+00:00","mainEntityOfPage":{"@id":"https:\/\/www.feine-adressen.online\/rtz\/optikfachgeschaeft-auf-augenhoehe\/"},"wordCount":552,"publisher":{"@id":"https:\/\/www.feine-adressen.online\/rtz\/#organization"},"image":{"@id":"https:\/\/www.feine-adressen.online\/rtz\/optikfachgeschaeft-auf-augenhoehe\/#primaryimage"},"thumbnailUrl":"https:\/\/www.feine-adressen.online\/rtz\/wp-content\/uploads\/2024\/03\/Augenhoehe_Kachel-e1711440124474.jpg","keywords":["Akustiker","BEAUTY &amp; GESUNDHEIT","Brillen Italienisch","Optiker","Reutlingen"],"articleSection":["Beauty &amp; Gesundheit"],"inLanguage":"de"},{"@type":"WebPage","@id":"https:\/\/www.feine-adressen.online\/rtz\/optikfachgeschaeft-auf-augenhoehe\/","url":"https:\/\/www.feine-adressen.online\/rtz\/optikfachgeschaeft-auf-augenhoehe\/","name":"Auf Augenh\u00f6he - Optikfachgesch\u00e4ft \u2013 sehen und h\u00f6ren","isPartOf":{"@id":"https:\/\/www.feine-adressen.online\/rtz\/#website"},"primaryImageOfPage":{"@id":"https:\/\/www.feine-adressen.online\/rtz\/optikfachgeschaeft-auf-augenhoehe\/#primaryimage"},"image":{"@id":"https:\/\/www.feine-adressen.online\/rtz\/optikfachgeschaeft-auf-augenhoehe\/#primaryimage"},"thumbnailUrl":"https:\/\/www.feine-adressen.online\/rtz\/wp-content\/uploads\/2024\/03\/Augenhoehe_Kachel-e1711440124474.jpg","datePublished":"2024-03-25T13:26:47+00:00","dateModified":"2024-05-16T13:09:29+00:00","description":"Optikfachgesch\u00e4ft Auf Aufgenh\u00f6he in Reutlingen bietet alle Services rund um Sehen und H\u00f6ren. Jetzt Termin vereinbaren!","breadcrumb":{"@id":"https:\/\/www.feine-adressen.online\/rtz\/optikfachgeschaeft-auf-augenhoehe\/#breadcrumb"},"inLanguage":"de","potentialAction":[{"@type":"ReadAction","target":["https:\/\/www.feine-adressen.online\/rtz\/optikfachgeschaeft-auf-augenhoehe\/"]}]},{"@type":"ImageObject","inLanguage":"de","@id":"https:\/\/www.feine-adressen.online\/rtz\/optikfachgeschaeft-auf-augenhoehe\/#primaryimage","url":"https:\/\/www.feine-adressen.online\/rtz\/wp-content\/uploads\/2024\/03\/Augenhoehe_Kachel-e1711440124474.jpg","contentUrl":"https:\/\/www.feine-adressen.online\/rtz\/wp-content\/uploads\/2024\/03\/Augenhoehe_Kachel-e1711440124474.jpg","width":1920,"height":1920,"caption":"Auf Augenh\u00f6he"},{"@type":"BreadcrumbList","@id":"https:\/\/www.feine-adressen.online\/rtz\/optikfachgeschaeft-auf-augenhoehe\/#breadcrumb","itemListElement":[{"@type":"ListItem","position":1,"name":"Startseite","item":"https:\/\/www.feine-adressen.online\/rtz\/"},{"@type":"ListItem","position":2,"name":"Optikfachgesch\u00e4ft Auf Augenh\u00f6he \u2013 sehen und h\u00f6ren"}]},{"@type":"WebSite","@id":"https:\/\/www.feine-adressen.online\/rtz\/#website","url":"https:\/\/www.feine-adressen.online\/rtz\/","name":"feine adressen","description":"Reutlingen \/ T\u00fcbingen \/ Zollernalb","publisher":{"@id":"https:\/\/www.feine-adressen.online\/rtz\/#organization"},"potentialAction":[{"@type":"SearchAction","target":{"@type":"EntryPoint","urlTemplate":"https:\/\/www.feine-adressen.online\/rtz\/?s={search_term_string}"},"query-input":{"@type":"PropertyValueSpecification","valueRequired":true,"valueName":"search_term_string"}}],"inLanguage":"de"},{"@type":"Organization","@id":"https:\/\/www.feine-adressen.online\/rtz\/#organization","name":"feine adressen","url":"https:\/\/www.feine-adressen.online\/rtz\/","logo":{"@type":"ImageObject","inLanguage":"de","@id":"https:\/\/www.feine-adressen.online\/rtz\/#\/schema\/logo\/image\/","url":"https:\/\/www.feine-adressen.online\/rtz\/wp-content\/uploads\/2023\/08\/kopf_2000.png","contentUrl":"https:\/\/www.feine-adressen.online\/rtz\/wp-content\/uploads\/2023\/08\/kopf_2000.png","width":2000,"height":800,"caption":"feine adressen"},"image":{"@id":"https:\/\/www.feine-adressen.online\/rtz\/#\/schema\/logo\/image\/"}},{"@type":"Person","@id":"https:\/\/www.feine-adressen.online\/rtz\/#\/schema\/person\/9afb47a3a3385433e9879ab55bc3675c","name":"thomas","image":{"@type":"ImageObject","inLanguage":"de","@id":"https:\/\/www.feine-adressen.online\/rtz\/#\/schema\/person\/image\/","url":"https:\/\/secure.gravatar.com\/avatar\/b121218ce010fef9e9d1bbba38a84a6ab6278186dd77e78d0137afb2b3dc3eaf?s=96&d=mm&r=g","contentUrl":"https:\/\/secure.gravatar.com\/avatar\/b121218ce010fef9e9d1bbba38a84a6ab6278186dd77e78d0137afb2b3dc3eaf?s=96&d=mm&r=g","caption":"thomas"},"url":"https:\/\/www.feine-adressen.online\/rtz\/author\/thomas\/"}]}},"_links":{"self":[{"href":"https:\/\/www.feine-adressen.online\/rtz\/wp-json\/wp\/v2\/posts\/4621","targetHints":{"allow":["GET"]}}],"collection":[{"href":"https:\/\/www.feine-adressen.online\/rtz\/wp-json\/wp\/v2\/posts"}],"about":[{"href":"https:\/\/www.feine-adressen.online\/rtz\/wp-json\/wp\/v2\/types\/post"}],"author":[{"embeddable":true,"href":"https:\/\/www.feine-adressen.online\/rtz\/wp-json\/wp\/v2\/users\/2"}],"replies":[{"embeddable":true,"href":"https:\/\/www.feine-adressen.online\/rtz\/wp-json\/wp\/v2\/comments?post=4621"}],"version-history":[{"count":34,"href":"https:\/\/www.feine-adressen.online\/rtz\/wp-json\/wp\/v2\/posts\/4621\/revisions"}],"predecessor-version":[{"id":6009,"href":"https:\/\/www.feine-adressen.online\/rtz\/wp-json\/wp\/v2\/posts\/4621\/revisions\/6009"}],"wp:featuredmedia":[{"embeddable":true,"href":"https:\/\/www.feine-adressen.online\/rtz\/wp-json\/wp\/v2\/media\/4693"}],"wp:attachment":[{"href":"https:\/\/www.feine-adressen.online\/rtz\/wp-json\/wp\/v2\/media?parent=4621"}],"wp:term":[{"taxonomy":"category","embeddable":true,"href":"https:\/\/www.feine-adressen.online\/rtz\/wp-json\/wp\/v2\/categories?post=4621"},{"taxonomy":"post_tag","embeddable":true,"href":"https:\/\/www.feine-adressen.online\/rtz\/wp-json\/wp\/v2\/tags?post=4621"}],"curies":[{"name":"wp","href":"https:\/\/api.w.org\/{rel}","templated":true}]}}