{"id":6129,"date":"2024-07-23T14:50:36","date_gmt":"2024-07-23T12:50:36","guid":{"rendered":"https:\/\/www.feine-adressen.online\/rtz\/?p=6129"},"modified":"2025-09-02T11:45:58","modified_gmt":"2025-09-02T09:45:58","slug":"podcast","status":"publish","type":"post","link":"https:\/\/www.feine-adressen.online\/rtz\/podcast\/","title":{"rendered":"Region erleben. Der \u00bbfeine adressen\u00ab &#8211; Podcast"},"content":{"rendered":"\t\t<div data-elementor-type=\"wp-post\" data-elementor-id=\"6129\" class=\"elementor elementor-6129\" data-elementor-post-type=\"post\">\n\t\t\t\t\t\t<section class=\"elementor-section elementor-top-section elementor-element elementor-element-2da7793b elementor-section-boxed elementor-section-height-default elementor-section-height-default\" data-id=\"2da7793b\" data-element_type=\"section\" data-e-type=\"section\">\n\t\t\t\t\t\t<div class=\"elementor-container elementor-column-gap-default\">\n\t\t\t\t\t<div class=\"elementor-column elementor-col-100 elementor-top-column elementor-element elementor-element-fd41d34\" data-id=\"fd41d34\" data-element_type=\"column\" data-e-type=\"column\">\n\t\t\t<div class=\"elementor-widget-wrap elementor-element-populated\">\n\t\t\t\t\t\t<div class=\"elementor-element elementor-element-1723ad5d elementor-widget elementor-widget-html\" data-id=\"1723ad5d\" data-element_type=\"widget\" data-e-type=\"widget\" data-widget_type=\"html.default\">\n\t\t\t\t<div class=\"elementor-widget-container\">\n\t\t\t\t\t<script>\ndocument.addEventListener('DOMContentLoaded', function () {\n    let backButtons = document.querySelectorAll('.back-history');\n    backButtons.forEach(function (backButton) {\n        backButton.addEventListener('click', function (e) {\n            e.preventDefault();\n            history.back();\n        });\n    });\n});\n<\/script>\n\t\t\t\t<\/div>\n\t\t\t\t<\/div>\n\t\t\t\t<div class=\"elementor-element elementor-element-6e53adb elementor-align-center back-history elementor-widget elementor-widget-button\" data-id=\"6e53adb\" data-element_type=\"widget\" data-e-type=\"widget\" data-widget_type=\"button.default\">\n\t\t\t\t<div class=\"elementor-widget-container\">\n\t\t\t\t\t\t\t\t\t<div class=\"elementor-button-wrapper\">\n\t\t\t\t\t<a class=\"elementor-button elementor-button-link elementor-size-sm\" href=\"#\">\n\t\t\t\t\t\t<span class=\"elementor-button-content-wrapper\">\n\t\t\t\t\t\t<span class=\"elementor-button-icon\">\n\t\t\t\t<i aria-hidden=\"true\" class=\"fas fa-long-arrow-alt-left\"><\/i>\t\t\t<\/span>\n\t\t\t\t\t\t\t\t\t<span class=\"elementor-button-text\">Zur\u00fcck zur Auswahl<\/span>\n\t\t\t\t\t<\/span>\n\t\t\t\t\t<\/a>\n\t\t\t\t<\/div>\n\t\t\t\t\t\t\t\t<\/div>\n\t\t\t\t<\/div>\n\t\t\t\t\t<\/div>\n\t\t<\/div>\n\t\t\t\t\t<\/div>\n\t\t<\/section>\n\t\t\t\t<section class=\"elementor-section elementor-top-section elementor-element elementor-element-170245ec elementor-section-boxed elementor-section-height-default elementor-section-height-default\" data-id=\"170245ec\" data-element_type=\"section\" data-e-type=\"section\">\n\t\t\t\t\t\t<div class=\"elementor-container elementor-column-gap-default\">\n\t\t\t\t\t<div class=\"elementor-column elementor-col-100 elementor-top-column elementor-element elementor-element-711f6283\" data-id=\"711f6283\" data-element_type=\"column\" data-e-type=\"column\">\n\t\t\t<div class=\"elementor-widget-wrap elementor-element-populated\">\n\t\t\t\t\t\t<div class=\"elementor-element elementor-element-17da6ec2 elementor-widget elementor-widget-heading\" data-id=\"17da6ec2\" data-element_type=\"widget\" data-e-type=\"widget\" data-widget_type=\"heading.default\">\n\t\t\t\t<div class=\"elementor-widget-container\">\n\t\t\t\t\t<h2 class=\"elementor-heading-title elementor-size-default\">Region erleben.\nDer \u00bbfeine adressen\u00ab - Podcast<\/h2>\t\t\t\t<\/div>\n\t\t\t\t<\/div>\n\t\t\t\t<div class=\"elementor-element elementor-element-33b32918 elementor-widget__width-initial elementor-widget elementor-widget-text-editor\" data-id=\"33b32918\" data-element_type=\"widget\" data-e-type=\"widget\" data-widget_type=\"text-editor.default\">\n\t\t\t\t<div class=\"elementor-widget-container\">\n\t\t\t\t\t\t\t\t\t<p>Entdecken Sie die <strong>Faszination unserer Region und ihren Menschen<\/strong> mit dem brandneuen \u00bbfeine adressen\u00ab &#8211; Podcast: <strong>Region erleben.<\/strong> Wir laden Sie herzlich dazu ein, gemeinsam mit uns Neues zu erfahren, Interessantes zu entdecken und Spannendes zu h\u00f6ren.<\/p><p>Gute <strong>Unterhaltung und tiefgehende Einblicke<\/strong> in das Leben und Schaffen dieser einzigartigen Menschen und Macher. Was k\u00f6nnen sie uns mit auf den Weg geben? Welche Perspektiven, Erfahrungen und pers\u00f6nlichen Geschichten teilen sie mit unserer Community? All das und mehr erwartet Sie in einem unterhaltsamen Talk. Begleiten Sie uns auf dieser Reise, lernen Sie von faszinierenden Pers\u00f6nlichkeiten noch besser kennen und entdecken Sie die Vielfalt unserer Region auf eine v\u00f6llig neue Art. Seien gespannt auf inspirierende Einblicke, lokale Geheimnisse und bereichernde Erkenntnisse.<\/p><p>\u00bbfeine adressen\u00ab l\u00e4dt Sie herzlich ein, mit uns in die Welt der Region erleben einzutauchen \u2013 seien Sie gespannt auf jede Menge Gespr\u00e4che, die bewegen, begeistern und zum Nachdenken anregen!<\/p>\t\t\t\t\t\t\t\t<\/div>\n\t\t\t\t<\/div>\n\t\t\t\t\t<\/div>\n\t\t<\/div>\n\t\t\t\t\t<\/div>\n\t\t<\/section>\n\t\t\t\t<section class=\"elementor-section elementor-top-section elementor-element elementor-element-2a0afc17 elementor-section-boxed elementor-section-height-default elementor-section-height-default\" data-id=\"2a0afc17\" data-element_type=\"section\" data-e-type=\"section\">\n\t\t\t\t\t\t<div class=\"elementor-container elementor-column-gap-default\">\n\t\t\t\t\t<div class=\"elementor-column elementor-col-100 elementor-top-column elementor-element elementor-element-4897013b\" data-id=\"4897013b\" data-element_type=\"column\" data-e-type=\"column\">\n\t\t\t<div class=\"elementor-widget-wrap elementor-element-populated\">\n\t\t\t\t\t\t<div class=\"elementor-element elementor-element-329f6261 elementor-widget elementor-widget-video\" data-id=\"329f6261\" data-element_type=\"widget\" data-e-type=\"widget\" data-settings=\"{&quot;video_type&quot;:&quot;vimeo&quot;,&quot;show_image_overlay&quot;:&quot;yes&quot;,&quot;image_overlay&quot;:{&quot;url&quot;:&quot;https:\\\/\\\/www.feine-adressen.online\\\/rtz\\\/wp-content\\\/uploads\\\/2024\\\/07\\\/Thumbnail_Podcast_FAD_Hoefert_Stand1925-scaled.png&quot;,&quot;id&quot;:8541,&quot;size&quot;:&quot;&quot;,&quot;alt&quot;:&quot;&quot;,&quot;source&quot;:&quot;library&quot;}}\" data-widget_type=\"video.default\">\n\t\t\t\t<div class=\"elementor-widget-container\">\n\t\t\t\t\t\t\t<div class=\"elementor-wrapper elementor-open-inline\">\n\t\t\t<iframe class=\"elementor-video-iframe\" allowfullscreen allow=\"clipboard-write\" title=\"vimeo Video Player\" src=\"https:\/\/player.vimeo.com\/video\/1113173348?color&amp;autopause=0&amp;loop=0&amp;muted=0&amp;title=1&amp;portrait=1&amp;byline=1#t=\"><\/iframe>\t\t\t\t<div class=\"elementor-custom-embed-image-overlay\" style=\"background-image: url(https:\/\/www.feine-adressen.online\/rtz\/wp-content\/uploads\/2024\/07\/Thumbnail_Podcast_FAD_Hoefert_Stand1925-scaled.png);\">\n\t\t\t\t\t\t\t\t\t\t\t\t\t\t\t\t<div class=\"elementor-custom-embed-play\" role=\"button\" aria-label=\"Video abspielen\" tabindex=\"0\">\n\t\t\t\t\t\t\t<i aria-hidden=\"true\" class=\"eicon-play\"><\/i>\t\t\t\t\t\t<\/div>\n\t\t\t\t\t\t\t\t\t<\/div>\n\t\t\t\t\t<\/div>\n\t\t\t\t\t\t<\/div>\n\t\t\t\t<\/div>\n\t\t\t\t<div class=\"elementor-element elementor-element-11746df5 elementor-widget__width-initial elementor-widget elementor-widget-text-editor\" data-id=\"11746df5\" data-element_type=\"widget\" data-e-type=\"widget\" data-widget_type=\"text-editor.default\">\n\t\t\t\t<div class=\"elementor-widget-container\">\n\t\t\t\t\t\t\t\t\t<p><em>Folge 5:<\/em> <strong>Ein L\u00e4cheln, das bleibt. Dr. Claudia Sade Hoefert, Fach\u00e4rztin f\u00fcr Kieferorthop\u00e4die<\/strong><\/p><div><p style=\"font-weight: 400;\"><span data-ogsc=\"black\">Ein sch\u00f6nes L\u00e4cheln ist mehr als \u00c4sthetik \u2013 es zeigt Pers\u00f6nlichkeit, Lebensfreude und Selbstvertrauen. In der Praxis von Dr. Claudia Sade Hoefert in T\u00fcbingen stehen Patient:innen jeden Alters im Mittelpunkt \u2013 mit moderner Technik, individueller Beratung und einem Team, das mit Herz arbeitet.<br \/><\/span><span data-ogsc=\"black\">Ob glitzernde Zahnspange, fast unsichtbare Aligner oder sanfte Korrektur f\u00fcr Erwachsene: Hier werden Z\u00e4hne in Stellung gebracht \u2013 f\u00fcr ein L\u00e4cheln, das bleibt.<br \/><\/span>Neugierig geworden? In der aktuellen Folge erfahrt ihr noch\u00a0mehr \u00fcber die Praxis und das besondere Behandlungskonzept.<\/p><\/div>\t\t\t\t\t\t\t\t<\/div>\n\t\t\t\t<\/div>\n\t\t\t\t<div class=\"elementor-element elementor-element-481947b8 elementor-widget-divider--view-line elementor-widget elementor-widget-divider\" data-id=\"481947b8\" data-element_type=\"widget\" data-e-type=\"widget\" data-widget_type=\"divider.default\">\n\t\t\t\t<div class=\"elementor-widget-container\">\n\t\t\t\t\t\t\t<div class=\"elementor-divider\">\n\t\t\t<span class=\"elementor-divider-separator\">\n\t\t\t\t\t\t<\/span>\n\t\t<\/div>\n\t\t\t\t\t\t<\/div>\n\t\t\t\t<\/div>\n\t\t\t\t\t<\/div>\n\t\t<\/div>\n\t\t\t\t\t<\/div>\n\t\t<\/section>\n\t\t\t\t<section class=\"elementor-section elementor-top-section elementor-element elementor-element-98f9e97 elementor-section-boxed elementor-section-height-default elementor-section-height-default\" data-id=\"98f9e97\" data-element_type=\"section\" data-e-type=\"section\">\n\t\t\t\t\t\t<div class=\"elementor-container elementor-column-gap-default\">\n\t\t\t\t\t<div class=\"elementor-column elementor-col-100 elementor-top-column elementor-element elementor-element-dc424ed\" data-id=\"dc424ed\" data-element_type=\"column\" data-e-type=\"column\">\n\t\t\t<div class=\"elementor-widget-wrap elementor-element-populated\">\n\t\t\t\t\t\t<div class=\"elementor-element elementor-element-78d1e78 elementor-widget elementor-widget-video\" data-id=\"78d1e78\" data-element_type=\"widget\" data-e-type=\"widget\" data-settings=\"{&quot;video_type&quot;:&quot;vimeo&quot;,&quot;show_image_overlay&quot;:&quot;yes&quot;,&quot;image_overlay&quot;:{&quot;url&quot;:&quot;https:\\\/\\\/www.feine-adressen.online\\\/rtz\\\/wp-content\\\/uploads\\\/2024\\\/07\\\/FAD-Podcast-Thumbnails1.png&quot;,&quot;id&quot;:7482,&quot;size&quot;:&quot;&quot;,&quot;alt&quot;:&quot;&quot;,&quot;source&quot;:&quot;library&quot;}}\" data-widget_type=\"video.default\">\n\t\t\t\t<div class=\"elementor-widget-container\">\n\t\t\t\t\t\t\t<div class=\"elementor-wrapper elementor-open-inline\">\n\t\t\t<iframe class=\"elementor-video-iframe\" allowfullscreen allow=\"clipboard-write\" title=\"vimeo Video Player\" src=\"https:\/\/player.vimeo.com\/video\/1041048937?color&amp;autopause=0&amp;loop=0&amp;muted=0&amp;title=1&amp;portrait=1&amp;byline=1#t=\"><\/iframe>\t\t\t\t<div class=\"elementor-custom-embed-image-overlay\" style=\"background-image: url(https:\/\/www.feine-adressen.online\/rtz\/wp-content\/uploads\/2024\/07\/FAD-Podcast-Thumbnails1.png);\">\n\t\t\t\t\t\t\t\t\t\t\t\t\t\t\t\t<div class=\"elementor-custom-embed-play\" role=\"button\" aria-label=\"Video abspielen\" tabindex=\"0\">\n\t\t\t\t\t\t\t<i aria-hidden=\"true\" class=\"eicon-play\"><\/i>\t\t\t\t\t\t<\/div>\n\t\t\t\t\t\t\t\t\t<\/div>\n\t\t\t\t\t<\/div>\n\t\t\t\t\t\t<\/div>\n\t\t\t\t<\/div>\n\t\t\t\t<div class=\"elementor-element elementor-element-2b2723d elementor-widget__width-initial elementor-widget elementor-widget-text-editor\" data-id=\"2b2723d\" data-element_type=\"widget\" data-e-type=\"widget\" data-widget_type=\"text-editor.default\">\n\t\t\t\t<div class=\"elementor-widget-container\">\n\t\t\t\t\t\t\t\t\t<p><em>Folge 4:<\/em> <strong>Innere und \u00e4u\u00dfere Sch\u00f6nheit<\/strong><\/p><div><p>F\u00fcr unsere vierte Podcast-Folge haben wir uns gleich zwei G\u00e4ste in unseren Podcast eingeladen. Und das hat gute Gr\u00fcnde, denn was Priv.-Doz. Dr. med. Oliver Lotter und Dr. Philipp Braun in ihrem Aestheticum in T\u00fcbingen leisten, ist schlichtweg beeindruckend: In einer der f\u00fchrenden Adressen f\u00fcr \u00c4sthetik in Deutschland begleiten sie Patienten aus ganz Europa seit vielen Jahren auf ihrem Weg, mehr Lebensqualit\u00e4t zu erlangen oder zur\u00fcckzugewinnen. H\u00f6chste Zeit f\u00fcr ein Gespr\u00e4ch \u00fcber Sch\u00f6nheit, Zufriedenheit und uns selbst. Denn wie wusste schon Coco Chanel: \u201eSch\u00f6nheit beginnt in dem Moment, in dem du beschlie\u00dft, du selbst zu sein.\u201c<\/p><\/div>\t\t\t\t\t\t\t\t<\/div>\n\t\t\t\t<\/div>\n\t\t\t\t<div class=\"elementor-element elementor-element-ca54d42 elementor-widget-divider--view-line elementor-widget elementor-widget-divider\" data-id=\"ca54d42\" data-element_type=\"widget\" data-e-type=\"widget\" data-widget_type=\"divider.default\">\n\t\t\t\t<div class=\"elementor-widget-container\">\n\t\t\t\t\t\t\t<div class=\"elementor-divider\">\n\t\t\t<span class=\"elementor-divider-separator\">\n\t\t\t\t\t\t<\/span>\n\t\t<\/div>\n\t\t\t\t\t\t<\/div>\n\t\t\t\t<\/div>\n\t\t\t\t\t<\/div>\n\t\t<\/div>\n\t\t\t\t\t<\/div>\n\t\t<\/section>\n\t\t\t\t<section class=\"elementor-section elementor-top-section elementor-element elementor-element-9354aff elementor-section-boxed elementor-section-height-default elementor-section-height-default\" data-id=\"9354aff\" data-element_type=\"section\" data-e-type=\"section\">\n\t\t\t\t\t\t<div class=\"elementor-container elementor-column-gap-default\">\n\t\t\t\t\t<div class=\"elementor-column elementor-col-100 elementor-top-column elementor-element elementor-element-1814442\" data-id=\"1814442\" data-element_type=\"column\" data-e-type=\"column\">\n\t\t\t<div class=\"elementor-widget-wrap elementor-element-populated\">\n\t\t\t\t\t\t<div class=\"elementor-element elementor-element-bc2cce1 elementor-widget elementor-widget-video\" data-id=\"bc2cce1\" data-element_type=\"widget\" data-e-type=\"widget\" data-settings=\"{&quot;video_type&quot;:&quot;vimeo&quot;,&quot;show_image_overlay&quot;:&quot;yes&quot;,&quot;image_overlay&quot;:{&quot;url&quot;:&quot;https:\\\/\\\/www.feine-adressen.online\\\/rtz\\\/wp-content\\\/uploads\\\/2024\\\/05\\\/FAD-Podcast-Thumbnails2.png&quot;,&quot;id&quot;:5896,&quot;size&quot;:&quot;&quot;,&quot;alt&quot;:&quot;Feine Adressen Video Podcast&quot;,&quot;source&quot;:&quot;library&quot;}}\" data-widget_type=\"video.default\">\n\t\t\t\t<div class=\"elementor-widget-container\">\n\t\t\t\t\t\t\t<div class=\"elementor-wrapper elementor-open-inline\">\n\t\t\t<iframe class=\"elementor-video-iframe\" allowfullscreen allow=\"clipboard-write\" title=\"vimeo Video Player\" src=\"https:\/\/player.vimeo.com\/video\/945782338?color&amp;autopause=0&amp;loop=0&amp;muted=0&amp;title=1&amp;portrait=1&amp;byline=1#t=\"><\/iframe>\t\t\t\t<div class=\"elementor-custom-embed-image-overlay\" style=\"background-image: url(https:\/\/www.feine-adressen.online\/rtz\/wp-content\/uploads\/2024\/05\/FAD-Podcast-Thumbnails2.png);\">\n\t\t\t\t\t\t\t\t\t\t\t\t\t\t\t\t<div class=\"elementor-custom-embed-play\" role=\"button\" aria-label=\"Video abspielen \u00fcber Feine Adressen Video Podcast\" tabindex=\"0\">\n\t\t\t\t\t\t\t<i aria-hidden=\"true\" class=\"eicon-play\"><\/i>\t\t\t\t\t\t<\/div>\n\t\t\t\t\t\t\t\t\t<\/div>\n\t\t\t\t\t<\/div>\n\t\t\t\t\t\t<\/div>\n\t\t\t\t<\/div>\n\t\t\t\t<div class=\"elementor-element elementor-element-b9490b2 elementor-widget__width-initial elementor-widget elementor-widget-text-editor\" data-id=\"b9490b2\" data-element_type=\"widget\" data-e-type=\"widget\" data-widget_type=\"text-editor.default\">\n\t\t\t\t<div class=\"elementor-widget-container\">\n\t\t\t\t\t\t\t\t\t<p><em>Folge 3:<\/em> <strong>Film als Schl\u00fcssel zum Erfolg<br><\/strong><\/p>\n<p>Unser dritter Gast ist <strong>Michael Wittel<\/strong>. Seit zehn Jahren ist er Gesch\u00e4ftsf\u00fchrer der W&amp;W ModernMedia und hat sich als kompetenter Partner f\u00fcr professionelle High-End-Werbefilme einen Namen gemacht. Der Kundenstamm ist gro\u00df: vom Mittelst\u00e4ndler bis hin zu den Big Playern&nbsp;wie Hugo Boss, Vogue und Porsche  &#8211; keine Produktion ist zu umfangreich. In unserem Podcast erz\u00e4hlt Michael Wittel von seinem Werdegang, dem Spiel mit Emotionen und Tr\u00e4umen und erkl\u00e4rt, warum eine umfassende Beratung heutzutage so wichtig und essenziell f\u00fcr den Erfolg eines Films ist.<\/p>\t\t\t\t\t\t\t\t<\/div>\n\t\t\t\t<\/div>\n\t\t\t\t<div class=\"elementor-element elementor-element-10424cc elementor-widget-divider--view-line elementor-widget elementor-widget-divider\" data-id=\"10424cc\" data-element_type=\"widget\" data-e-type=\"widget\" data-widget_type=\"divider.default\">\n\t\t\t\t<div class=\"elementor-widget-container\">\n\t\t\t\t\t\t\t<div class=\"elementor-divider\">\n\t\t\t<span class=\"elementor-divider-separator\">\n\t\t\t\t\t\t<\/span>\n\t\t<\/div>\n\t\t\t\t\t\t<\/div>\n\t\t\t\t<\/div>\n\t\t\t\t\t<\/div>\n\t\t<\/div>\n\t\t\t\t\t<\/div>\n\t\t<\/section>\n\t\t\t\t<section class=\"elementor-section elementor-top-section elementor-element elementor-element-3f731219 elementor-section-boxed elementor-section-height-default elementor-section-height-default\" data-id=\"3f731219\" data-element_type=\"section\" data-e-type=\"section\">\n\t\t\t\t\t\t<div class=\"elementor-container elementor-column-gap-default\">\n\t\t\t\t\t<div class=\"elementor-column elementor-col-100 elementor-top-column elementor-element elementor-element-4a05ad4e\" data-id=\"4a05ad4e\" data-element_type=\"column\" data-e-type=\"column\">\n\t\t\t<div class=\"elementor-widget-wrap elementor-element-populated\">\n\t\t\t\t\t\t<div class=\"elementor-element elementor-element-77f053d0 elementor-widget elementor-widget-video\" data-id=\"77f053d0\" data-element_type=\"widget\" data-e-type=\"widget\" data-settings=\"{&quot;video_type&quot;:&quot;vimeo&quot;,&quot;show_image_overlay&quot;:&quot;yes&quot;,&quot;image_overlay&quot;:{&quot;url&quot;:&quot;https:\\\/\\\/www.feine-adressen.online\\\/rtz\\\/wp-content\\\/uploads\\\/2024\\\/05\\\/FAD-Podcast-Thumbnails1.png&quot;,&quot;id&quot;:5895,&quot;size&quot;:&quot;&quot;,&quot;alt&quot;:&quot;&quot;,&quot;source&quot;:&quot;library&quot;}}\" data-widget_type=\"video.default\">\n\t\t\t\t<div class=\"elementor-widget-container\">\n\t\t\t\t\t\t\t<div class=\"elementor-wrapper elementor-open-inline\">\n\t\t\t<iframe class=\"elementor-video-iframe\" allowfullscreen allow=\"clipboard-write\" title=\"vimeo Video Player\" src=\"https:\/\/player.vimeo.com\/video\/910324663?color&amp;autopause=0&amp;loop=0&amp;muted=0&amp;title=1&amp;portrait=1&amp;byline=1&amp;h=privacy#t=\"><\/iframe>\t\t\t\t<div class=\"elementor-custom-embed-image-overlay\" style=\"background-image: url(https:\/\/www.feine-adressen.online\/rtz\/wp-content\/uploads\/2024\/05\/FAD-Podcast-Thumbnails1.png);\">\n\t\t\t\t\t\t\t\t\t\t\t\t\t\t\t\t<div class=\"elementor-custom-embed-play\" role=\"button\" aria-label=\"Video abspielen\" tabindex=\"0\">\n\t\t\t\t\t\t\t<i aria-hidden=\"true\" class=\"eicon-play\"><\/i>\t\t\t\t\t\t<\/div>\n\t\t\t\t\t\t\t\t\t<\/div>\n\t\t\t\t\t<\/div>\n\t\t\t\t\t\t<\/div>\n\t\t\t\t<\/div>\n\t\t\t\t<div class=\"elementor-element elementor-element-e6b2f47 elementor-widget__width-initial elementor-widget elementor-widget-text-editor\" data-id=\"e6b2f47\" data-element_type=\"widget\" data-e-type=\"widget\" data-widget_type=\"text-editor.default\">\n\t\t\t\t<div class=\"elementor-widget-container\">\n\t\t\t\t\t\t\t\t\t<p><em>Folge 2:<\/em> <strong>Selbstwirksamkeit der inneren Zufriedenheit<\/strong><\/p><p>In unserer zweiten Podcast-Folge treffen wir Frau<strong> Dr. Monika Br\u00fcck, <\/strong>Fach\u00e4rztin f\u00fcr Dermatologie und \u00e4sthetische Medizin<strong>.<\/strong> Wir unterhalten uns \u00fcber den Einfluss der Epigenetik auf die Anti-Aging-Medizin. Weiter gibt sie uns einen Einblick in ihr Engagement im Bereich Frauen-F\u00f6rderung und Forschung. Sie erz\u00e4hlt von ihrem Werdegang und was sie zu der Person gemacht hat, die sie heute ist und einen unglaublichen Erfahrungsschatz in sich tr\u00e4gt.<\/p>\t\t\t\t\t\t\t\t<\/div>\n\t\t\t\t<\/div>\n\t\t\t\t<div class=\"elementor-element elementor-element-57f12f28 elementor-widget-divider--view-line elementor-widget elementor-widget-divider\" data-id=\"57f12f28\" data-element_type=\"widget\" data-e-type=\"widget\" data-widget_type=\"divider.default\">\n\t\t\t\t<div class=\"elementor-widget-container\">\n\t\t\t\t\t\t\t<div class=\"elementor-divider\">\n\t\t\t<span class=\"elementor-divider-separator\">\n\t\t\t\t\t\t<\/span>\n\t\t<\/div>\n\t\t\t\t\t\t<\/div>\n\t\t\t\t<\/div>\n\t\t\t\t\t<\/div>\n\t\t<\/div>\n\t\t\t\t\t<\/div>\n\t\t<\/section>\n\t\t\t\t<section class=\"elementor-section elementor-top-section elementor-element elementor-element-5f2c765 elementor-section-boxed elementor-section-height-default elementor-section-height-default\" data-id=\"5f2c765\" data-element_type=\"section\" data-e-type=\"section\">\n\t\t\t\t\t\t<div class=\"elementor-container elementor-column-gap-default\">\n\t\t\t\t\t<div class=\"elementor-column elementor-col-100 elementor-top-column elementor-element elementor-element-3fa7135\" data-id=\"3fa7135\" data-element_type=\"column\" data-e-type=\"column\">\n\t\t\t<div class=\"elementor-widget-wrap elementor-element-populated\">\n\t\t\t\t\t\t<div class=\"elementor-element elementor-element-4cad745b elementor-widget elementor-widget-video\" data-id=\"4cad745b\" data-element_type=\"widget\" data-e-type=\"widget\" data-settings=\"{&quot;video_type&quot;:&quot;vimeo&quot;,&quot;show_image_overlay&quot;:&quot;yes&quot;,&quot;image_overlay&quot;:{&quot;url&quot;:&quot;https:\\\/\\\/www.feine-adressen.online\\\/rtz\\\/wp-content\\\/uploads\\\/2024\\\/05\\\/FAD-Podcast-Thumbnails.png&quot;,&quot;id&quot;:5894,&quot;size&quot;:&quot;&quot;,&quot;alt&quot;:&quot;&quot;,&quot;source&quot;:&quot;library&quot;}}\" data-widget_type=\"video.default\">\n\t\t\t\t<div class=\"elementor-widget-container\">\n\t\t\t\t\t\t\t<div class=\"elementor-wrapper elementor-open-inline\">\n\t\t\t<iframe class=\"elementor-video-iframe\" allowfullscreen allow=\"clipboard-write\" title=\"vimeo Video Player\" src=\"https:\/\/player.vimeo.com\/video\/896643200?color&amp;autopause=0&amp;loop=0&amp;muted=0&amp;title=1&amp;portrait=1&amp;byline=1&amp;h=8a7b67431a#t=\"><\/iframe>\t\t\t\t<div class=\"elementor-custom-embed-image-overlay\" style=\"background-image: url(https:\/\/www.feine-adressen.online\/rtz\/wp-content\/uploads\/2024\/05\/FAD-Podcast-Thumbnails.png);\">\n\t\t\t\t\t\t\t\t\t\t\t\t\t\t\t\t<div class=\"elementor-custom-embed-play\" role=\"button\" aria-label=\"Video abspielen\" tabindex=\"0\">\n\t\t\t\t\t\t\t<i aria-hidden=\"true\" class=\"eicon-play\"><\/i>\t\t\t\t\t\t<\/div>\n\t\t\t\t\t\t\t\t\t<\/div>\n\t\t\t\t\t<\/div>\n\t\t\t\t\t\t<\/div>\n\t\t\t\t<\/div>\n\t\t\t\t<div class=\"elementor-element elementor-element-6e732779 elementor-widget__width-initial elementor-widget elementor-widget-text-editor\" data-id=\"6e732779\" data-element_type=\"widget\" data-e-type=\"widget\" data-widget_type=\"text-editor.default\">\n\t\t\t\t<div class=\"elementor-widget-container\">\n\t\t\t\t\t\t\t\t\t<p><em>Folge 1:<\/em> <strong>Erfolg ist kein Zufall<br \/><\/strong><br \/>Frau<strong> Regine Sch\u00f6llkopf-Pinakidis<\/strong> gew\u00e4hrt uns einen Einblick in ihr Schaffen als COO in der Outletcity Metzingen und was sie pers\u00f6nlich antreibt. Wir sprechen \u00fcber Inspirationen, Kindheitshelden und ihre liebsten Spots in der Region. Selbstverst\u00e4ndlich behandeln wir auch die Zukunft der Outletcity und was diese tut, um die Region zu st\u00e4rken.<\/p>\t\t\t\t\t\t\t\t<\/div>\n\t\t\t\t<\/div>\n\t\t\t\t<div class=\"elementor-element elementor-element-4adb07f7 elementor-widget-divider--view-line elementor-widget elementor-widget-divider\" data-id=\"4adb07f7\" data-element_type=\"widget\" data-e-type=\"widget\" data-widget_type=\"divider.default\">\n\t\t\t\t<div class=\"elementor-widget-container\">\n\t\t\t\t\t\t\t<div class=\"elementor-divider\">\n\t\t\t<span class=\"elementor-divider-separator\">\n\t\t\t\t\t\t<\/span>\n\t\t<\/div>\n\t\t\t\t\t\t<\/div>\n\t\t\t\t<\/div>\n\t\t\t\t\t<\/div>\n\t\t<\/div>\n\t\t\t\t\t<\/div>\n\t\t<\/section>\n\t\t\t\t<\/div>\n\t\t","protected":false},"excerpt":{"rendered":"<p>Zur\u00fcck zur Auswahl Region erleben. Der \u00bbfeine adressen\u00ab &#8211; Podcast Entdecken Sie die Faszination unserer Region und ihren Menschen mit dem brandneuen \u00bbfeine adressen\u00ab &#8211; Podcast: Region erleben. Wir laden Sie herzlich dazu ein, gemeinsam mit uns Neues zu erfahren, Interessantes zu entdecken und Spannendes zu h\u00f6ren. Gute Unterhaltung und tiefgehende Einblicke in das Leben [&hellip;]<\/p>\n","protected":false},"author":2,"featured_media":6142,"comment_status":"closed","ping_status":"closed","sticky":true,"template":"elementor_header_footer","format":"standard","meta":{"iawp_total_views":248,"footnotes":""},"categories":[283],"tags":[],"class_list":["post-6129","post","type-post","status-publish","format-standard","has-post-thumbnail","hentry","category-podcasts"],"yoast_head":"<!-- This site is optimized with the Yoast SEO plugin v26.9 - https:\/\/yoast.com\/product\/yoast-seo-wordpress\/ -->\n<title>Region erleben. Der \u00bbfeine adressen\u00ab - Podcast - feine adressen<\/title>\n<meta name=\"description\" content=\"Entdecken Sie die Faszination unserer Region und ihren Menschen mit dem brandneuen \u00bbfeine adressen\u00ab \u2013 Podcast: Region erleben.\" \/>\n<meta name=\"robots\" content=\"index, follow, max-snippet:-1, max-image-preview:large, max-video-preview:-1\" \/>\n<link rel=\"canonical\" href=\"https:\/\/www.feine-adressen.online\/rtz\/podcast\/\" \/>\n<meta property=\"og:locale\" content=\"de_DE\" \/>\n<meta property=\"og:type\" content=\"article\" \/>\n<meta property=\"og:title\" content=\"Region erleben. Der \u00bbfeine adressen\u00ab - Podcast - feine adressen\" \/>\n<meta property=\"og:description\" content=\"Entdecken Sie die Faszination unserer Region und ihren Menschen mit dem brandneuen \u00bbfeine adressen\u00ab \u2013 Podcast: Region erleben.\" \/>\n<meta property=\"og:url\" content=\"https:\/\/www.feine-adressen.online\/rtz\/podcast\/\" \/>\n<meta property=\"og:site_name\" content=\"feine adressen\" \/>\n<meta property=\"article:published_time\" content=\"2024-07-23T12:50:36+00:00\" \/>\n<meta property=\"article:modified_time\" content=\"2025-09-02T09:45:58+00:00\" \/>\n<meta property=\"og:image\" content=\"https:\/\/www.feine-adressen.online\/rtz\/wp-content\/uploads\/2024\/05\/Podcast_OCM_Titelbild.jpg\" \/>\n\t<meta property=\"og:image:width\" content=\"1920\" \/>\n\t<meta property=\"og:image:height\" content=\"1080\" \/>\n\t<meta property=\"og:image:type\" content=\"image\/jpeg\" \/>\n<meta name=\"author\" content=\"thomas\" \/>\n<meta name=\"twitter:card\" content=\"summary_large_image\" \/>\n<meta name=\"twitter:label1\" content=\"Verfasst von\" \/>\n\t<meta name=\"twitter:data1\" content=\"thomas\" \/>\n\t<meta name=\"twitter:label2\" content=\"Gesch\u00e4tzte Lesezeit\" \/>\n\t<meta name=\"twitter:data2\" content=\"4\u00a0Minuten\" \/>\n<script type=\"application\/ld+json\" class=\"yoast-schema-graph\">{\"@context\":\"https:\/\/schema.org\",\"@graph\":[{\"@type\":\"Article\",\"@id\":\"https:\/\/www.feine-adressen.online\/rtz\/podcast\/#article\",\"isPartOf\":{\"@id\":\"https:\/\/www.feine-adressen.online\/rtz\/podcast\/\"},\"author\":{\"name\":\"thomas\",\"@id\":\"https:\/\/www.feine-adressen.online\/rtz\/#\/schema\/person\/9afb47a3a3385433e9879ab55bc3675c\"},\"headline\":\"Region erleben. Der \u00bbfeine adressen\u00ab &#8211; Podcast\",\"datePublished\":\"2024-07-23T12:50:36+00:00\",\"dateModified\":\"2025-09-02T09:45:58+00:00\",\"mainEntityOfPage\":{\"@id\":\"https:\/\/www.feine-adressen.online\/rtz\/podcast\/\"},\"wordCount\":663,\"publisher\":{\"@id\":\"https:\/\/www.feine-adressen.online\/rtz\/#organization\"},\"image\":{\"@id\":\"https:\/\/www.feine-adressen.online\/rtz\/podcast\/#primaryimage\"},\"thumbnailUrl\":\"https:\/\/www.feine-adressen.online\/rtz\/wp-content\/uploads\/2024\/05\/Podcast_OCM_Titelbild.jpg\",\"articleSection\":[\"Podcasts\"],\"inLanguage\":\"de\"},{\"@type\":\"WebPage\",\"@id\":\"https:\/\/www.feine-adressen.online\/rtz\/podcast\/\",\"url\":\"https:\/\/www.feine-adressen.online\/rtz\/podcast\/\",\"name\":\"Region erleben. Der \u00bbfeine adressen\u00ab - Podcast - feine adressen\",\"isPartOf\":{\"@id\":\"https:\/\/www.feine-adressen.online\/rtz\/#website\"},\"primaryImageOfPage\":{\"@id\":\"https:\/\/www.feine-adressen.online\/rtz\/podcast\/#primaryimage\"},\"image\":{\"@id\":\"https:\/\/www.feine-adressen.online\/rtz\/podcast\/#primaryimage\"},\"thumbnailUrl\":\"https:\/\/www.feine-adressen.online\/rtz\/wp-content\/uploads\/2024\/05\/Podcast_OCM_Titelbild.jpg\",\"datePublished\":\"2024-07-23T12:50:36+00:00\",\"dateModified\":\"2025-09-02T09:45:58+00:00\",\"description\":\"Entdecken Sie die Faszination unserer Region und ihren Menschen mit dem brandneuen \u00bbfeine adressen\u00ab \u2013 Podcast: Region erleben.\",\"breadcrumb\":{\"@id\":\"https:\/\/www.feine-adressen.online\/rtz\/podcast\/#breadcrumb\"},\"inLanguage\":\"de\",\"potentialAction\":[{\"@type\":\"ReadAction\",\"target\":[\"https:\/\/www.feine-adressen.online\/rtz\/podcast\/\"]}]},{\"@type\":\"ImageObject\",\"inLanguage\":\"de\",\"@id\":\"https:\/\/www.feine-adressen.online\/rtz\/podcast\/#primaryimage\",\"url\":\"https:\/\/www.feine-adressen.online\/rtz\/wp-content\/uploads\/2024\/05\/Podcast_OCM_Titelbild.jpg\",\"contentUrl\":\"https:\/\/www.feine-adressen.online\/rtz\/wp-content\/uploads\/2024\/05\/Podcast_OCM_Titelbild.jpg\",\"width\":1920,\"height\":1080},{\"@type\":\"BreadcrumbList\",\"@id\":\"https:\/\/www.feine-adressen.online\/rtz\/podcast\/#breadcrumb\",\"itemListElement\":[{\"@type\":\"ListItem\",\"position\":1,\"name\":\"Startseite\",\"item\":\"https:\/\/www.feine-adressen.online\/rtz\/\"},{\"@type\":\"ListItem\",\"position\":2,\"name\":\"Region erleben. Der \u00bbfeine adressen\u00ab &#8211; Podcast\"}]},{\"@type\":\"WebSite\",\"@id\":\"https:\/\/www.feine-adressen.online\/rtz\/#website\",\"url\":\"https:\/\/www.feine-adressen.online\/rtz\/\",\"name\":\"feine adressen\",\"description\":\"Reutlingen \/ T\u00fcbingen \/ Zollernalb\",\"publisher\":{\"@id\":\"https:\/\/www.feine-adressen.online\/rtz\/#organization\"},\"potentialAction\":[{\"@type\":\"SearchAction\",\"target\":{\"@type\":\"EntryPoint\",\"urlTemplate\":\"https:\/\/www.feine-adressen.online\/rtz\/?s={search_term_string}\"},\"query-input\":{\"@type\":\"PropertyValueSpecification\",\"valueRequired\":true,\"valueName\":\"search_term_string\"}}],\"inLanguage\":\"de\"},{\"@type\":\"Organization\",\"@id\":\"https:\/\/www.feine-adressen.online\/rtz\/#organization\",\"name\":\"feine adressen\",\"url\":\"https:\/\/www.feine-adressen.online\/rtz\/\",\"logo\":{\"@type\":\"ImageObject\",\"inLanguage\":\"de\",\"@id\":\"https:\/\/www.feine-adressen.online\/rtz\/#\/schema\/logo\/image\/\",\"url\":\"https:\/\/www.feine-adressen.online\/rtz\/wp-content\/uploads\/2023\/08\/kopf_2000.png\",\"contentUrl\":\"https:\/\/www.feine-adressen.online\/rtz\/wp-content\/uploads\/2023\/08\/kopf_2000.png\",\"width\":2000,\"height\":800,\"caption\":\"feine adressen\"},\"image\":{\"@id\":\"https:\/\/www.feine-adressen.online\/rtz\/#\/schema\/logo\/image\/\"}},{\"@type\":\"Person\",\"@id\":\"https:\/\/www.feine-adressen.online\/rtz\/#\/schema\/person\/9afb47a3a3385433e9879ab55bc3675c\",\"name\":\"thomas\",\"image\":{\"@type\":\"ImageObject\",\"inLanguage\":\"de\",\"@id\":\"https:\/\/www.feine-adressen.online\/rtz\/#\/schema\/person\/image\/\",\"url\":\"https:\/\/secure.gravatar.com\/avatar\/b121218ce010fef9e9d1bbba38a84a6ab6278186dd77e78d0137afb2b3dc3eaf?s=96&d=mm&r=g\",\"contentUrl\":\"https:\/\/secure.gravatar.com\/avatar\/b121218ce010fef9e9d1bbba38a84a6ab6278186dd77e78d0137afb2b3dc3eaf?s=96&d=mm&r=g\",\"caption\":\"thomas\"},\"url\":\"https:\/\/www.feine-adressen.online\/rtz\/author\/thomas\/\"}]}<\/script>\n<!-- \/ Yoast SEO plugin. -->","yoast_head_json":{"title":"Region erleben. Der \u00bbfeine adressen\u00ab - Podcast - feine adressen","description":"Entdecken Sie die Faszination unserer Region und ihren Menschen mit dem brandneuen \u00bbfeine adressen\u00ab \u2013 Podcast: Region erleben.","robots":{"index":"index","follow":"follow","max-snippet":"max-snippet:-1","max-image-preview":"max-image-preview:large","max-video-preview":"max-video-preview:-1"},"canonical":"https:\/\/www.feine-adressen.online\/rtz\/podcast\/","og_locale":"de_DE","og_type":"article","og_title":"Region erleben. Der \u00bbfeine adressen\u00ab - Podcast - feine adressen","og_description":"Entdecken Sie die Faszination unserer Region und ihren Menschen mit dem brandneuen \u00bbfeine adressen\u00ab \u2013 Podcast: Region erleben.","og_url":"https:\/\/www.feine-adressen.online\/rtz\/podcast\/","og_site_name":"feine adressen","article_published_time":"2024-07-23T12:50:36+00:00","article_modified_time":"2025-09-02T09:45:58+00:00","og_image":[{"width":1920,"height":1080,"url":"https:\/\/www.feine-adressen.online\/rtz\/wp-content\/uploads\/2024\/05\/Podcast_OCM_Titelbild.jpg","type":"image\/jpeg"}],"author":"thomas","twitter_card":"summary_large_image","twitter_misc":{"Verfasst von":"thomas","Gesch\u00e4tzte Lesezeit":"4\u00a0Minuten"},"schema":{"@context":"https:\/\/schema.org","@graph":[{"@type":"Article","@id":"https:\/\/www.feine-adressen.online\/rtz\/podcast\/#article","isPartOf":{"@id":"https:\/\/www.feine-adressen.online\/rtz\/podcast\/"},"author":{"name":"thomas","@id":"https:\/\/www.feine-adressen.online\/rtz\/#\/schema\/person\/9afb47a3a3385433e9879ab55bc3675c"},"headline":"Region erleben. Der \u00bbfeine adressen\u00ab &#8211; Podcast","datePublished":"2024-07-23T12:50:36+00:00","dateModified":"2025-09-02T09:45:58+00:00","mainEntityOfPage":{"@id":"https:\/\/www.feine-adressen.online\/rtz\/podcast\/"},"wordCount":663,"publisher":{"@id":"https:\/\/www.feine-adressen.online\/rtz\/#organization"},"image":{"@id":"https:\/\/www.feine-adressen.online\/rtz\/podcast\/#primaryimage"},"thumbnailUrl":"https:\/\/www.feine-adressen.online\/rtz\/wp-content\/uploads\/2024\/05\/Podcast_OCM_Titelbild.jpg","articleSection":["Podcasts"],"inLanguage":"de"},{"@type":"WebPage","@id":"https:\/\/www.feine-adressen.online\/rtz\/podcast\/","url":"https:\/\/www.feine-adressen.online\/rtz\/podcast\/","name":"Region erleben. Der \u00bbfeine adressen\u00ab - Podcast - feine adressen","isPartOf":{"@id":"https:\/\/www.feine-adressen.online\/rtz\/#website"},"primaryImageOfPage":{"@id":"https:\/\/www.feine-adressen.online\/rtz\/podcast\/#primaryimage"},"image":{"@id":"https:\/\/www.feine-adressen.online\/rtz\/podcast\/#primaryimage"},"thumbnailUrl":"https:\/\/www.feine-adressen.online\/rtz\/wp-content\/uploads\/2024\/05\/Podcast_OCM_Titelbild.jpg","datePublished":"2024-07-23T12:50:36+00:00","dateModified":"2025-09-02T09:45:58+00:00","description":"Entdecken Sie die Faszination unserer Region und ihren Menschen mit dem brandneuen \u00bbfeine adressen\u00ab \u2013 Podcast: Region erleben.","breadcrumb":{"@id":"https:\/\/www.feine-adressen.online\/rtz\/podcast\/#breadcrumb"},"inLanguage":"de","potentialAction":[{"@type":"ReadAction","target":["https:\/\/www.feine-adressen.online\/rtz\/podcast\/"]}]},{"@type":"ImageObject","inLanguage":"de","@id":"https:\/\/www.feine-adressen.online\/rtz\/podcast\/#primaryimage","url":"https:\/\/www.feine-adressen.online\/rtz\/wp-content\/uploads\/2024\/05\/Podcast_OCM_Titelbild.jpg","contentUrl":"https:\/\/www.feine-adressen.online\/rtz\/wp-content\/uploads\/2024\/05\/Podcast_OCM_Titelbild.jpg","width":1920,"height":1080},{"@type":"BreadcrumbList","@id":"https:\/\/www.feine-adressen.online\/rtz\/podcast\/#breadcrumb","itemListElement":[{"@type":"ListItem","position":1,"name":"Startseite","item":"https:\/\/www.feine-adressen.online\/rtz\/"},{"@type":"ListItem","position":2,"name":"Region erleben. Der \u00bbfeine adressen\u00ab &#8211; Podcast"}]},{"@type":"WebSite","@id":"https:\/\/www.feine-adressen.online\/rtz\/#website","url":"https:\/\/www.feine-adressen.online\/rtz\/","name":"feine adressen","description":"Reutlingen \/ T\u00fcbingen \/ Zollernalb","publisher":{"@id":"https:\/\/www.feine-adressen.online\/rtz\/#organization"},"potentialAction":[{"@type":"SearchAction","target":{"@type":"EntryPoint","urlTemplate":"https:\/\/www.feine-adressen.online\/rtz\/?s={search_term_string}"},"query-input":{"@type":"PropertyValueSpecification","valueRequired":true,"valueName":"search_term_string"}}],"inLanguage":"de"},{"@type":"Organization","@id":"https:\/\/www.feine-adressen.online\/rtz\/#organization","name":"feine adressen","url":"https:\/\/www.feine-adressen.online\/rtz\/","logo":{"@type":"ImageObject","inLanguage":"de","@id":"https:\/\/www.feine-adressen.online\/rtz\/#\/schema\/logo\/image\/","url":"https:\/\/www.feine-adressen.online\/rtz\/wp-content\/uploads\/2023\/08\/kopf_2000.png","contentUrl":"https:\/\/www.feine-adressen.online\/rtz\/wp-content\/uploads\/2023\/08\/kopf_2000.png","width":2000,"height":800,"caption":"feine adressen"},"image":{"@id":"https:\/\/www.feine-adressen.online\/rtz\/#\/schema\/logo\/image\/"}},{"@type":"Person","@id":"https:\/\/www.feine-adressen.online\/rtz\/#\/schema\/person\/9afb47a3a3385433e9879ab55bc3675c","name":"thomas","image":{"@type":"ImageObject","inLanguage":"de","@id":"https:\/\/www.feine-adressen.online\/rtz\/#\/schema\/person\/image\/","url":"https:\/\/secure.gravatar.com\/avatar\/b121218ce010fef9e9d1bbba38a84a6ab6278186dd77e78d0137afb2b3dc3eaf?s=96&d=mm&r=g","contentUrl":"https:\/\/secure.gravatar.com\/avatar\/b121218ce010fef9e9d1bbba38a84a6ab6278186dd77e78d0137afb2b3dc3eaf?s=96&d=mm&r=g","caption":"thomas"},"url":"https:\/\/www.feine-adressen.online\/rtz\/author\/thomas\/"}]}},"_links":{"self":[{"href":"https:\/\/www.feine-adressen.online\/rtz\/wp-json\/wp\/v2\/posts\/6129","targetHints":{"allow":["GET"]}}],"collection":[{"href":"https:\/\/www.feine-adressen.online\/rtz\/wp-json\/wp\/v2\/posts"}],"about":[{"href":"https:\/\/www.feine-adressen.online\/rtz\/wp-json\/wp\/v2\/types\/post"}],"author":[{"embeddable":true,"href":"https:\/\/www.feine-adressen.online\/rtz\/wp-json\/wp\/v2\/users\/2"}],"replies":[{"embeddable":true,"href":"https:\/\/www.feine-adressen.online\/rtz\/wp-json\/wp\/v2\/comments?post=6129"}],"version-history":[{"count":29,"href":"https:\/\/www.feine-adressen.online\/rtz\/wp-json\/wp\/v2\/posts\/6129\/revisions"}],"predecessor-version":[{"id":8544,"href":"https:\/\/www.feine-adressen.online\/rtz\/wp-json\/wp\/v2\/posts\/6129\/revisions\/8544"}],"wp:featuredmedia":[{"embeddable":true,"href":"https:\/\/www.feine-adressen.online\/rtz\/wp-json\/wp\/v2\/media\/6142"}],"wp:attachment":[{"href":"https:\/\/www.feine-adressen.online\/rtz\/wp-json\/wp\/v2\/media?parent=6129"}],"wp:term":[{"taxonomy":"category","embeddable":true,"href":"https:\/\/www.feine-adressen.online\/rtz\/wp-json\/wp\/v2\/categories?post=6129"},{"taxonomy":"post_tag","embeddable":true,"href":"https:\/\/www.feine-adressen.online\/rtz\/wp-json\/wp\/v2\/tags?post=6129"}],"curies":[{"name":"wp","href":"https:\/\/api.w.org\/{rel}","templated":true}]}}