{"id":7362,"date":"2024-12-17T11:20:53","date_gmt":"2024-12-17T10:20:53","guid":{"rendered":"https:\/\/www.feine-adressen.online\/rtz\/?p=7362"},"modified":"2025-02-04T11:07:46","modified_gmt":"2025-02-04T10:07:46","slug":"christian-o-erbe","status":"publish","type":"post","link":"https:\/\/www.feine-adressen.online\/rtz\/christian-o-erbe\/","title":{"rendered":"Christian O. Erbe \u2013 Ich will kein Hidden Champion mehr sein."},"content":{"rendered":"\t\t<div data-elementor-type=\"wp-post\" data-elementor-id=\"7362\" class=\"elementor elementor-7362\" data-elementor-post-type=\"post\">\n\t\t\t\t\t\t<section class=\"elementor-section elementor-top-section elementor-element elementor-element-77b6aa4a elementor-section-boxed elementor-section-height-default elementor-section-height-default\" data-id=\"77b6aa4a\" data-element_type=\"section\" data-e-type=\"section\">\n\t\t\t\t\t\t<div class=\"elementor-container elementor-column-gap-default\">\n\t\t\t\t\t<div class=\"elementor-column elementor-col-100 elementor-top-column elementor-element elementor-element-8a4afd4\" data-id=\"8a4afd4\" data-element_type=\"column\" data-e-type=\"column\">\n\t\t\t<div class=\"elementor-widget-wrap elementor-element-populated\">\n\t\t\t\t\t\t<div class=\"elementor-element elementor-element-7223b90d elementor-widget elementor-widget-html\" data-id=\"7223b90d\" data-element_type=\"widget\" data-e-type=\"widget\" data-widget_type=\"html.default\">\n\t\t\t\t<div class=\"elementor-widget-container\">\n\t\t\t\t\t<script>\ndocument.addEventListener('DOMContentLoaded', function () {\n    let backButtons = document.querySelectorAll('.back-history');\n    backButtons.forEach(function (backButton) {\n        backButton.addEventListener('click', function (e) {\n            e.preventDefault();\n            history.back();\n        });\n    });\n});\n<\/script>\n\t\t\t\t<\/div>\n\t\t\t\t<\/div>\n\t\t\t\t<div class=\"elementor-element elementor-element-48e6d96b elementor-align-center back-history elementor-widget elementor-widget-button\" data-id=\"48e6d96b\" data-element_type=\"widget\" data-e-type=\"widget\" data-widget_type=\"button.default\">\n\t\t\t\t<div class=\"elementor-widget-container\">\n\t\t\t\t\t\t\t\t\t<div class=\"elementor-button-wrapper\">\n\t\t\t\t\t<a class=\"elementor-button elementor-button-link elementor-size-sm\" href=\"#\">\n\t\t\t\t\t\t<span class=\"elementor-button-content-wrapper\">\n\t\t\t\t\t\t<span class=\"elementor-button-icon\">\n\t\t\t\t<i aria-hidden=\"true\" class=\"fas fa-long-arrow-alt-left\"><\/i>\t\t\t<\/span>\n\t\t\t\t\t\t\t\t\t<span class=\"elementor-button-text\">Zur\u00fcck zur Auswahl<\/span>\n\t\t\t\t\t<\/span>\n\t\t\t\t\t<\/a>\n\t\t\t\t<\/div>\n\t\t\t\t\t\t\t\t<\/div>\n\t\t\t\t<\/div>\n\t\t\t\t\t<\/div>\n\t\t<\/div>\n\t\t\t\t\t<\/div>\n\t\t<\/section>\n\t\t<div class=\"elementor-element elementor-element-8014b27 e-flex e-con-boxed e-con e-parent\" data-id=\"8014b27\" data-element_type=\"container\" data-e-type=\"container\">\n\t\t\t\t\t<div class=\"e-con-inner\">\n\t\t\t\t<div class=\"elementor-element elementor-element-4f47474 elementor-widget elementor-widget-image\" data-id=\"4f47474\" data-element_type=\"widget\" data-e-type=\"widget\" data-widget_type=\"image.default\">\n\t\t\t\t<div class=\"elementor-widget-container\">\n\t\t\t\t\t\t\t\t\t\t\t\t\t\t\t<img fetchpriority=\"high\" decoding=\"async\" width=\"2381\" height=\"1587\" src=\"https:\/\/www.feine-adressen.online\/rtz\/wp-content\/uploads\/2024\/12\/RKoch_Christian-Erbe-Interview-11-print.jpg\" class=\"attachment-full size-full wp-image-7368\" alt=\"\" srcset=\"https:\/\/www.feine-adressen.online\/rtz\/wp-content\/uploads\/2024\/12\/RKoch_Christian-Erbe-Interview-11-print.jpg 2381w, https:\/\/www.feine-adressen.online\/rtz\/wp-content\/uploads\/2024\/12\/RKoch_Christian-Erbe-Interview-11-print-300x200.jpg 300w, https:\/\/www.feine-adressen.online\/rtz\/wp-content\/uploads\/2024\/12\/RKoch_Christian-Erbe-Interview-11-print-1024x683.jpg 1024w, https:\/\/www.feine-adressen.online\/rtz\/wp-content\/uploads\/2024\/12\/RKoch_Christian-Erbe-Interview-11-print-768x512.jpg 768w, https:\/\/www.feine-adressen.online\/rtz\/wp-content\/uploads\/2024\/12\/RKoch_Christian-Erbe-Interview-11-print-1536x1024.jpg 1536w, https:\/\/www.feine-adressen.online\/rtz\/wp-content\/uploads\/2024\/12\/RKoch_Christian-Erbe-Interview-11-print-2048x1365.jpg 2048w\" sizes=\"(max-width: 2381px) 100vw, 2381px\" \/>\t\t\t\t\t\t\t\t\t\t\t\t\t\t\t<\/div>\n\t\t\t\t<\/div>\n\t\t\t\t\t<\/div>\n\t\t\t\t<\/div>\n\t\t\t\t<section class=\"elementor-section elementor-top-section elementor-element elementor-element-bb7f136 elementor-section-boxed elementor-section-height-default elementor-section-height-default\" data-id=\"bb7f136\" data-element_type=\"section\" data-e-type=\"section\">\n\t\t\t\t\t\t<div class=\"elementor-container elementor-column-gap-default\">\n\t\t\t\t\t<div class=\"elementor-column elementor-col-50 elementor-top-column elementor-element elementor-element-34f7d6b5\" data-id=\"34f7d6b5\" data-element_type=\"column\" data-e-type=\"column\">\n\t\t\t<div class=\"elementor-widget-wrap elementor-element-populated\">\n\t\t\t\t\t\t<div class=\"elementor-element elementor-element-2969f635 elementor-widget elementor-widget-text-editor\" data-id=\"2969f635\" data-element_type=\"widget\" data-e-type=\"widget\" data-widget_type=\"text-editor.default\">\n\t\t\t\t<div class=\"elementor-widget-container\">\n\t\t\t\t\t\t\t\t\t<h2>Christian O. Erbe<\/h2>\t\t\t\t\t\t\t\t<\/div>\n\t\t\t\t<\/div>\n\t\t\t\t<div class=\"elementor-element elementor-element-54216c20 elementor-widget elementor-widget-heading\" data-id=\"54216c20\" data-element_type=\"widget\" data-e-type=\"widget\" data-widget_type=\"heading.default\">\n\t\t\t\t<div class=\"elementor-widget-container\">\n\t\t\t\t\t<h1 class=\"elementor-heading-title elementor-size-default\">Ich will kein\nHidden Champion mehr sein.<\/h1>\t\t\t\t<\/div>\n\t\t\t\t<\/div>\n\t\t\t\t\t<\/div>\n\t\t<\/div>\n\t\t\t\t<div class=\"elementor-column elementor-col-50 elementor-top-column elementor-element elementor-element-6b91523c\" data-id=\"6b91523c\" data-element_type=\"column\" data-e-type=\"column\">\n\t\t\t<div class=\"elementor-widget-wrap elementor-element-populated\">\n\t\t\t\t\t\t<div class=\"elementor-element elementor-element-7d7f4ab7 elementor-align-left elementor-widget elementor-widget-post-info\" data-id=\"7d7f4ab7\" data-element_type=\"widget\" data-e-type=\"widget\" data-widget_type=\"post-info.default\">\n\t\t\t\t<div class=\"elementor-widget-container\">\n\t\t\t\t\t\t\t<ul class=\"elementor-inline-items elementor-icon-list-items elementor-post-info\">\n\t\t\t\t\t\t\t\t<li class=\"elementor-icon-list-item elementor-repeater-item-7fe14cd elementor-inline-item\" itemprop=\"about\">\n\t\t\t\t\t\t\t\t\t\t\t\t\t<span class=\"elementor-icon-list-text elementor-post-info__item elementor-post-info__item--type-terms\">\n\t\t\t\t\t\t\t\t\t\t<span class=\"elementor-post-info__terms-list\">\n\t\t\t\t<a href=\"https:\/\/www.feine-adressen.online\/rtz\/tag\/elektromedizin\/\" class=\"elementor-post-info__terms-list-item\">Elektromedizin<\/a>, <a href=\"https:\/\/www.feine-adressen.online\/rtz\/tag\/gesundheit\/\" class=\"elementor-post-info__terms-list-item\">Gesundheit<\/a>, <a href=\"https:\/\/www.feine-adressen.online\/rtz\/tag\/medizin\/\" class=\"elementor-post-info__terms-list-item\">Medizin<\/a>, <a href=\"https:\/\/www.feine-adressen.online\/rtz\/tag\/medizintechnik\/\" class=\"elementor-post-info__terms-list-item\">Medizintechnik<\/a>, <a href=\"https:\/\/www.feine-adressen.online\/rtz\/tag\/menschen\/\" class=\"elementor-post-info__terms-list-item\">Menschen<\/a>, <a href=\"https:\/\/www.feine-adressen.online\/rtz\/tag\/tuebingen\/\" class=\"elementor-post-info__terms-list-item\">T\u00fcbingen<\/a>\t\t\t\t<\/span>\n\t\t\t\t\t<\/span>\n\t\t\t\t\t\t\t\t<\/li>\n\t\t\t\t<\/ul>\n\t\t\t\t\t\t<\/div>\n\t\t\t\t<\/div>\n\t\t\t\t\t<\/div>\n\t\t<\/div>\n\t\t\t\t\t<\/div>\n\t\t<\/section>\n\t\t\t\t<section class=\"elementor-section elementor-top-section elementor-element elementor-element-d6da67e elementor-section-boxed elementor-section-height-default elementor-section-height-default\" data-id=\"d6da67e\" data-element_type=\"section\" data-e-type=\"section\">\n\t\t\t\t\t\t<div class=\"elementor-container elementor-column-gap-default\">\n\t\t\t\t\t<div class=\"elementor-column elementor-col-50 elementor-top-column elementor-element elementor-element-e13e745\" data-id=\"e13e745\" data-element_type=\"column\" data-e-type=\"column\">\n\t\t\t<div class=\"elementor-widget-wrap elementor-element-populated\">\n\t\t\t\t\t\t<section class=\"elementor-section elementor-inner-section elementor-element elementor-element-a648895 elementor-section-boxed elementor-section-height-default elementor-section-height-default\" data-id=\"a648895\" data-element_type=\"section\" data-e-type=\"section\">\n\t\t\t\t\t\t<div class=\"elementor-container elementor-column-gap-default\">\n\t\t\t\t\t\t<\/div>\n\t\t<\/section>\n\t\t\t\t<div class=\"elementor-element elementor-element-c3f002f elementor-widget elementor-widget-text-editor\" data-id=\"c3f002f\" data-element_type=\"widget\" data-e-type=\"widget\" data-widget_type=\"text-editor.default\">\n\t\t\t\t<div class=\"elementor-widget-container\">\n\t\t\t\t\t\t\t\t\tLange galt es fu\u0308r erfolgreiche schw\u00e4bische Unternehmer als erstrebenswert, zur Weltspitze zu geh\u00f6ren, ohne dass es in der \u00d6ffentlichkeit bemerkt wurde \u2013 also ein sogenannter Hidden Champion zu sein. Im Unternehmergespr\u00e4ch\nmit \u00bbfeine adressen\u00ab erkl\u00e4rt Christian O. Erbe, CEO des gleichnamigen Medizintechnik&shy;herstellers aus\nTu\u0308bingen und Pr\u00e4sident der IHK Reutlingen, Tu\u0308bingen und Zollernalb, warum er das in Zeiten von Fachkr\u00e4ftemangel fu\u0308r u\u0308berholt h\u00e4lt.\t\t\t\t\t\t\t\t<\/div>\n\t\t\t\t<\/div>\n\t\t\t\t<div class=\"elementor-element elementor-element-39ee667 elementor-widget elementor-widget-image\" data-id=\"39ee667\" data-element_type=\"widget\" data-e-type=\"widget\" data-widget_type=\"image.default\">\n\t\t\t\t<div class=\"elementor-widget-container\">\n\t\t\t\t\t\t\t\t\t\t\t\t<figure class=\"wp-caption\">\n\t\t\t\t\t\t\t\t\t\t<img decoding=\"async\" width=\"1587\" height=\"2381\" src=\"https:\/\/www.feine-adressen.online\/rtz\/wp-content\/uploads\/2024\/12\/RKoch_Christian-Erbe-Interview-28-print.jpg\" class=\"attachment-full size-full wp-image-7371\" alt=\"\" srcset=\"https:\/\/www.feine-adressen.online\/rtz\/wp-content\/uploads\/2024\/12\/RKoch_Christian-Erbe-Interview-28-print.jpg 1587w, https:\/\/www.feine-adressen.online\/rtz\/wp-content\/uploads\/2024\/12\/RKoch_Christian-Erbe-Interview-28-print-200x300.jpg 200w, https:\/\/www.feine-adressen.online\/rtz\/wp-content\/uploads\/2024\/12\/RKoch_Christian-Erbe-Interview-28-print-683x1024.jpg 683w, https:\/\/www.feine-adressen.online\/rtz\/wp-content\/uploads\/2024\/12\/RKoch_Christian-Erbe-Interview-28-print-768x1152.jpg 768w, https:\/\/www.feine-adressen.online\/rtz\/wp-content\/uploads\/2024\/12\/RKoch_Christian-Erbe-Interview-28-print-1024x1536.jpg 1024w, https:\/\/www.feine-adressen.online\/rtz\/wp-content\/uploads\/2024\/12\/RKoch_Christian-Erbe-Interview-28-print-1365x2048.jpg 1365w\" sizes=\"(max-width: 1587px) 100vw, 1587px\" \/>\t\t\t\t\t\t\t\t\t\t\t<figcaption class=\"widget-image-caption wp-caption-text\">Christian O. Erbe, CEO des gleichnamigen Medizintechnikherstellers aus T\u00fcbingen und Pr\u00e4sident der IHK Reutlingen,T\u00fcbingen und Zollernalb.<\/figcaption>\n\t\t\t\t\t\t\t\t\t\t<\/figure>\n\t\t\t\t\t\t\t\t\t<\/div>\n\t\t\t\t<\/div>\n\t\t\t\t<div class=\"elementor-element elementor-element-133248f elementor-widget elementor-widget-text-editor\" data-id=\"133248f\" data-element_type=\"widget\" data-e-type=\"widget\" data-widget_type=\"text-editor.default\">\n\t\t\t\t<div class=\"elementor-widget-container\">\n\t\t\t\t\t\t\t\t\t<h3>Herr Erbe, das Thema Fachkr\u00e4ftemangel besch\u00e4ftigt viele Unter\u00adnehmen in der Region. Wie stellt es sich fu\u0308r Ihr Unternehmen dar?<\/h3>\t\t\t\t\t\t\t\t<\/div>\n\t\t\t\t<\/div>\n\t\t\t\t<div class=\"elementor-element elementor-element-d3f2537 elementor-widget elementor-widget-text-editor\" data-id=\"d3f2537\" data-element_type=\"widget\" data-e-type=\"widget\" data-widget_type=\"text-editor.default\">\n\t\t\t\t<div class=\"elementor-widget-container\">\n\t\t\t\t\t\t\t\t\tUm weiter wie bisher wachsen zu k\u00f6nnen, ben\u00f6tigen wir 100 bis 150 neue Mitarbeiter pro Jahr. Das ist fu\u0308r ein Unternehmen mit unserer Gr\u00f6\u00dfe schon ganz sch\u00f6n viel, die muss man erstmal finden. Wir versuchen daher unter anderem, Frauen zu motivieren, in den Beruf zu gehen oder ihre T\u00e4tigkeit auszuweiten. Wenn jede teilzeitbesch\u00e4ftige Fachkraft nur eine Stunde mehr arbeiten wu\u0308rde, dann entspr\u00e4che das allein in Baden-Wu\u0308rttemberg einem zus\u00e4tzlichen Potential von 80.000 Vollzeit-Arbeitskr\u00e4ften! Aber man muss in allen Bereichen ansetzen. Vor allem die Tatsache, dass wir trotz Fachkr\u00e4ftemangel immer noch Programme haben, die Menschen motivieren, fru\u0308her aus dem Arbeits&shy;leben auszusteigen, ist ein gro\u00dfes Problem. Natu\u0308rlich g\u00f6nne ich es jedem, fru\u0308her seinen Ruhestand zu genie\u00dfen. Aber diese Menschen fehlen dann halt auf dem Arbeitsmarkt. Als Unternehmen muss man da schon alle Register ziehen, um am Ende erfolgreich zu sein.\t\t\t\t\t\t\t\t<\/div>\n\t\t\t\t<\/div>\n\t\t\t\t<section class=\"elementor-section elementor-inner-section elementor-element elementor-element-24e395a elementor-section-boxed elementor-section-height-default elementor-section-height-default\" data-id=\"24e395a\" data-element_type=\"section\" data-e-type=\"section\">\n\t\t\t\t\t\t<div class=\"elementor-container elementor-column-gap-default\">\n\t\t\t\t\t\t<\/div>\n\t\t<\/section>\n\t\t\t\t<section class=\"elementor-section elementor-inner-section elementor-element elementor-element-06d300b elementor-section-boxed elementor-section-height-default elementor-section-height-default\" data-id=\"06d300b\" data-element_type=\"section\" data-e-type=\"section\">\n\t\t\t\t\t\t<div class=\"elementor-container elementor-column-gap-default\">\n\t\t\t\t\t\t<\/div>\n\t\t<\/section>\n\t\t\t\t<section class=\"elementor-section elementor-inner-section elementor-element elementor-element-e0ddf86 elementor-section-boxed elementor-section-height-default elementor-section-height-default\" data-id=\"e0ddf86\" data-element_type=\"section\" data-e-type=\"section\">\n\t\t\t\t\t\t<div class=\"elementor-container elementor-column-gap-default\">\n\t\t\t\t\t\t<\/div>\n\t\t<\/section>\n\t\t\t\t\t<\/div>\n\t\t<\/div>\n\t\t\t\t<div class=\"elementor-column elementor-col-50 elementor-top-column elementor-element elementor-element-d326519 elementor-hidden-tablet elementor-hidden-mobile\" data-id=\"d326519\" data-element_type=\"column\" data-e-type=\"column\" data-settings=\"{&quot;background_background&quot;:&quot;classic&quot;}\">\n\t\t\t<div class=\"elementor-widget-wrap elementor-element-populated\">\n\t\t\t\t\t\t<div class=\"elementor-element elementor-element-75aef70 elementor-widget__width-initial elementor-widget elementor-widget-text-editor\" data-id=\"75aef70\" data-element_type=\"widget\" data-e-type=\"widget\" data-widget_type=\"text-editor.default\">\n\t\t\t\t<div class=\"elementor-widget-container\">\n\t\t\t\t\t\t\t\t\t<p><strong>Erbe Elektromedizin GmbH<\/strong><\/p><div>Waldh\u00f6rnlestra\u00dfe 17<\/div><div>72072 T\u00fcbingen<\/div><div>+49 7071 755-0<\/div><div><a href=\"mailto:info@erbe-med.com\">info@erbe-med.com<\/a><\/div><div><a href=\"https:\/\/de.erbe-med.com\/de-de\/\" target=\"_blank\" rel=\"noopener\">erbe-med.com<\/a><\/div>\t\t\t\t\t\t\t\t<\/div>\n\t\t\t\t<\/div>\n\t\t\t\t<div class=\"elementor-element elementor-element-fb9747c elementor-widget elementor-widget-image\" data-id=\"fb9747c\" data-element_type=\"widget\" data-e-type=\"widget\" data-widget_type=\"image.default\">\n\t\t\t\t<div class=\"elementor-widget-container\">\n\t\t\t\t\t\t\t\t\t\t\t\t\t\t\t<img decoding=\"async\" width=\"169\" height=\"64\" src=\"https:\/\/www.feine-adressen.online\/rtz\/wp-content\/uploads\/2024\/12\/csm_erbe_logo_b163165627.png\" class=\"attachment-large size-large wp-image-7377\" alt=\"\" \/>\t\t\t\t\t\t\t\t\t\t\t\t\t\t\t<\/div>\n\t\t\t\t<\/div>\n\t\t\t\t<div class=\"elementor-element elementor-element-5210fb0 elementor-widget elementor-widget-google_maps\" data-id=\"5210fb0\" data-element_type=\"widget\" data-e-type=\"widget\" data-widget_type=\"google_maps.default\">\n\t\t\t\t<div class=\"elementor-widget-container\">\n\t\t\t\t\t\t\t<div class=\"elementor-custom-embed\">\n\t\t\t<iframe loading=\"lazy\"\n\t\t\t\t\tsrc=\"https:\/\/maps.google.com\/maps?q=Erbe%20Elektromedizin%20GmbH%2C%20Waldh%C3%B6rnlestra%C3%9Fe%2017%2C%2072072%20T%C3%BCbingen&#038;t=m&#038;z=17&#038;output=embed&#038;iwloc=near\"\n\t\t\t\t\ttitle=\"Erbe Elektromedizin GmbH, Waldh\u00f6rnlestra\u00dfe 17, 72072 T\u00fcbingen\"\n\t\t\t\t\taria-label=\"Erbe Elektromedizin GmbH, Waldh\u00f6rnlestra\u00dfe 17, 72072 T\u00fcbingen\"\n\t\t\t><\/iframe>\n\t\t<\/div>\n\t\t\t\t\t\t<\/div>\n\t\t\t\t<\/div>\n\t\t\t\t<div class=\"elementor-element elementor-element-0cf81ec elementor-align-left elementor-widget elementor-widget-button\" data-id=\"0cf81ec\" data-element_type=\"widget\" data-e-type=\"widget\" data-widget_type=\"button.default\">\n\t\t\t\t<div class=\"elementor-widget-container\">\n\t\t\t\t\t\t\t\t\t<div class=\"elementor-button-wrapper\">\n\t\t\t\t\t<a class=\"elementor-button elementor-button-link elementor-size-sm\" href=\"https:\/\/www.google.de\/maps\/dir\/\/Erbe+Elektromedizin+GmbH,+Waldh\u00f6rnlestra\u00dfe+17,+72072+T\u00fcbingen\/@48.3793112,8.2930021,10z\/data=!4m8!4m7!1m0!1m5!1m1!1s0x4799fae932b54cd9:0x8985bb7d63e8934d!2m2!1d9.057819!2d48.49845?entry=ttu&#038;g_ep=EgoyMDI0MTIxMS4wIKXMDSoASAFQAw%3D%3D\" target=\"_blank\">\n\t\t\t\t\t\t<span class=\"elementor-button-content-wrapper\">\n\t\t\t\t\t\t<span class=\"elementor-button-icon\">\n\t\t\t\t<i aria-hidden=\"true\" class=\"fas fa-map-marker-alt\"><\/i>\t\t\t<\/span>\n\t\t\t\t\t\t\t\t\t<span class=\"elementor-button-text\">Routenplaner<\/span>\n\t\t\t\t\t<\/span>\n\t\t\t\t\t<\/a>\n\t\t\t\t<\/div>\n\t\t\t\t\t\t\t\t<\/div>\n\t\t\t\t<\/div>\n\t\t\t\t<div class=\"elementor-element elementor-element-da84c4c elementor-widget__width-initial elementor-widget elementor-widget-text-editor\" data-id=\"da84c4c\" data-element_type=\"widget\" data-e-type=\"widget\" data-widget_type=\"text-editor.default\">\n\t\t\t\t<div class=\"elementor-widget-container\">\n\t\t\t\t\t\t\t\t\t<p><strong>Erbe Elektromedizin GmbH<\/strong><\/p><div>Rudolf-Diesel-Stra\u00dfe 29<\/div><div>72414 Rangendingen<\/div><div>+49 7071 755-0<\/div><div><a href=\"mailto:info@erbe-med.com\">info@erbe-med.com<\/a><\/div><div><a href=\"https:\/\/de.erbe-med.com\/de-de\/\" target=\"_blank\" rel=\"noopener\">erbe-med.com<\/a><\/div>\t\t\t\t\t\t\t\t<\/div>\n\t\t\t\t<\/div>\n\t\t\t\t<div class=\"elementor-element elementor-element-6cb9ccf elementor-widget elementor-widget-google_maps\" data-id=\"6cb9ccf\" data-element_type=\"widget\" data-e-type=\"widget\" data-widget_type=\"google_maps.default\">\n\t\t\t\t<div class=\"elementor-widget-container\">\n\t\t\t\t\t\t\t<div class=\"elementor-custom-embed\">\n\t\t\t<iframe loading=\"lazy\"\n\t\t\t\t\tsrc=\"https:\/\/maps.google.com\/maps?q=Erbe%20Elektromedizin%20GmbH%2C%20Rudolf-Diesel-Stra%C3%9Fe%2029%2C%2072414%20Rangendingen&#038;t=m&#038;z=17&#038;output=embed&#038;iwloc=near\"\n\t\t\t\t\ttitle=\"Erbe Elektromedizin GmbH, Rudolf-Diesel-Stra\u00dfe 29, 72414 Rangendingen\"\n\t\t\t\t\taria-label=\"Erbe Elektromedizin GmbH, Rudolf-Diesel-Stra\u00dfe 29, 72414 Rangendingen\"\n\t\t\t><\/iframe>\n\t\t<\/div>\n\t\t\t\t\t\t<\/div>\n\t\t\t\t<\/div>\n\t\t\t\t<div class=\"elementor-element elementor-element-2ff7359 elementor-align-left elementor-widget elementor-widget-button\" data-id=\"2ff7359\" data-element_type=\"widget\" data-e-type=\"widget\" data-widget_type=\"button.default\">\n\t\t\t\t<div class=\"elementor-widget-container\">\n\t\t\t\t\t\t\t\t\t<div class=\"elementor-button-wrapper\">\n\t\t\t\t\t<a class=\"elementor-button elementor-button-link elementor-size-sm\" href=\"https:\/\/www.google.de\/maps\/dir\/\/Erbe+Elektromedizin+GmbH,+Rudolf-Diesel-Stra\u00dfe+29,+72414+Rangendingen\/@48.3793112,8.2930021,10z\/data=!4m8!4m7!1m0!1m5!1m1!1s0x4799ff78ac56877f:0x4730d39bf6f004ca!2m2!1d8.9027212!2d48.3793205?entry=ttu&#038;g_ep=EgoyMDI0MTIxMS4wIKXMDSoASAFQAw%3D%3D\" target=\"_blank\">\n\t\t\t\t\t\t<span class=\"elementor-button-content-wrapper\">\n\t\t\t\t\t\t<span class=\"elementor-button-icon\">\n\t\t\t\t<i aria-hidden=\"true\" class=\"fas fa-map-marker-alt\"><\/i>\t\t\t<\/span>\n\t\t\t\t\t\t\t\t\t<span class=\"elementor-button-text\">Routenplaner<\/span>\n\t\t\t\t\t<\/span>\n\t\t\t\t\t<\/a>\n\t\t\t\t<\/div>\n\t\t\t\t\t\t\t\t<\/div>\n\t\t\t\t<\/div>\n\t\t\t\t\t<\/div>\n\t\t<\/div>\n\t\t\t\t\t<\/div>\n\t\t<\/section>\n\t\t\t\t<section class=\"elementor-section elementor-top-section elementor-element elementor-element-84b18ba elementor-section-boxed elementor-section-height-default elementor-section-height-default\" data-id=\"84b18ba\" data-element_type=\"section\" data-e-type=\"section\">\n\t\t\t\t\t\t<div class=\"elementor-container elementor-column-gap-default\">\n\t\t\t\t\t<div class=\"elementor-column elementor-col-50 elementor-top-column elementor-element elementor-element-b550358\" data-id=\"b550358\" data-element_type=\"column\" data-e-type=\"column\">\n\t\t\t<div class=\"elementor-widget-wrap elementor-element-populated\">\n\t\t\t\t\t\t<div class=\"elementor-element elementor-element-96e001e elementor-widget elementor-widget-image\" data-id=\"96e001e\" data-element_type=\"widget\" data-e-type=\"widget\" data-widget_type=\"image.default\">\n\t\t\t\t<div class=\"elementor-widget-container\">\n\t\t\t\t\t\t\t\t\t\t\t\t<figure class=\"wp-caption\">\n\t\t\t\t\t\t\t\t\t\t<img loading=\"lazy\" decoding=\"async\" width=\"800\" height=\"534\" src=\"https:\/\/www.feine-adressen.online\/rtz\/wp-content\/uploads\/2024\/12\/RKoch_Christian-Erbe-Interview-16-1024x683.jpg\" class=\"attachment-large size-large wp-image-7369\" alt=\"\" srcset=\"https:\/\/www.feine-adressen.online\/rtz\/wp-content\/uploads\/2024\/12\/RKoch_Christian-Erbe-Interview-16-1024x683.jpg 1024w, https:\/\/www.feine-adressen.online\/rtz\/wp-content\/uploads\/2024\/12\/RKoch_Christian-Erbe-Interview-16-300x200.jpg 300w, https:\/\/www.feine-adressen.online\/rtz\/wp-content\/uploads\/2024\/12\/RKoch_Christian-Erbe-Interview-16-768x512.jpg 768w, https:\/\/www.feine-adressen.online\/rtz\/wp-content\/uploads\/2024\/12\/RKoch_Christian-Erbe-Interview-16-1536x1024.jpg 1536w, https:\/\/www.feine-adressen.online\/rtz\/wp-content\/uploads\/2024\/12\/RKoch_Christian-Erbe-Interview-16-2048x1365.jpg 2048w\" sizes=\"(max-width: 800px) 100vw, 800px\" \/>\t\t\t\t\t\t\t\t\t\t\t<figcaption class=\"widget-image-caption wp-caption-text\">Zur Mitarbeitergewinnung setzt Christian O. Erbe auch auf Methoden, die oft vernachl\u00e4ssigt werden aber nah am Menschen sind: Die Mund-zu-Mund-Proganda. Re. Herausgeber \u00bbfeine adressen\u00ab RTZ Ioannis Mavridis<\/figcaption>\n\t\t\t\t\t\t\t\t\t\t<\/figure>\n\t\t\t\t\t\t\t\t\t<\/div>\n\t\t\t\t<\/div>\n\t\t\t\t<div class=\"elementor-element elementor-element-d17ee30 elementor-widget elementor-widget-text-editor\" data-id=\"d17ee30\" data-element_type=\"widget\" data-e-type=\"widget\" data-widget_type=\"text-editor.default\">\n\t\t\t\t<div class=\"elementor-widget-container\">\n\t\t\t\t\t\t\t\t\t<h3>Was hat dann bei Ihnen den Erfolg gebracht? Vielleicht auch als kleiner Tipp an Ihre Arbeitgeber-Kollegen in der Region, die sich mit dem Thema Employer Branding besch\u00e4ftigen?<\/h3>\t\t\t\t\t\t\t\t<\/div>\n\t\t\t\t<\/div>\n\t\t\t\t<div class=\"elementor-element elementor-element-8d0e794 elementor-widget elementor-widget-text-editor\" data-id=\"8d0e794\" data-element_type=\"widget\" data-e-type=\"widget\" data-widget_type=\"text-editor.default\">\n\t\t\t\t<div class=\"elementor-widget-container\">\n\t\t\t\t\t\t\t\t\t<p>Das h\u00f6rt sich jetzt vielleicht einfach an, aber es war f\u00fcr uns schon ein gro\u00dfer Schritt: Wir haben aufgeh\u00f6rt, ein Hidden Champion sein zu wollen. Uns wurde bewusst, dass man als Unternehmen Aufmerk\u00adsamkeit erzeugen muss. Wir machen jetzt zum Beispiel mehr Veranstal\u00adtungen, engagieren uns als Sponsor von Konzerten, Sportveranstaltun&amp;shygen. Damit mehr Menschen auch mitbekommen, dass es das High-Tech-Unternehmen Erbe gibt. Und sie es sich vielleicht auch als Arbeitgeber vorstellen k\u00f6nnen.<\/p>\t\t\t\t\t\t\t\t<\/div>\n\t\t\t\t<\/div>\n\t\t\t\t<div class=\"elementor-element elementor-element-8ff93c0 elementor-widget elementor-widget-text-editor\" data-id=\"8ff93c0\" data-element_type=\"widget\" data-e-type=\"widget\" data-widget_type=\"text-editor.default\">\n\t\t\t\t<div class=\"elementor-widget-container\">\n\t\t\t\t\t\t\t\t\t<h3>Gewinnen Sie so auch junge Menschen<br \/>als Auszubildende f\u00fcr sich?<\/h3>\t\t\t\t\t\t\t\t<\/div>\n\t\t\t\t<\/div>\n\t\t\t\t<div class=\"elementor-element elementor-element-968d935 elementor-widget elementor-widget-text-editor\" data-id=\"968d935\" data-element_type=\"widget\" data-e-type=\"widget\" data-widget_type=\"text-editor.default\">\n\t\t\t\t<div class=\"elementor-widget-container\">\n\t\t\t\t\t\t\t\t\t<p>Da ist eine gute Mund-zu-Mund-Propaganda ganz wichtig. Deshalb laden wir regelm\u00e4\u00dfig die Eltern unserer Auszubildenden zu einem Abend zu uns ein, bei dem diese zeigen, was sie machen. Aber nat\u00fcrlich auch, damit wir die Eltern kennenlernen k\u00f6nnen. Und wissen Sie was: Dadurch bekommen wir Bewerbungen von den Eltern unserer Azubis, weil sie auch bei uns arbeiten wollen! Es sind so viele Softfaktoren, da muss man einfach auch kreativ sein.<\/p>\t\t\t\t\t\t\t\t<\/div>\n\t\t\t\t<\/div>\n\t\t\t\t\t<\/div>\n\t\t<\/div>\n\t\t\t\t<div class=\"elementor-column elementor-col-50 elementor-top-column elementor-element elementor-element-9518162\" data-id=\"9518162\" data-element_type=\"column\" data-e-type=\"column\">\n\t\t\t<div class=\"elementor-widget-wrap elementor-element-populated\">\n\t\t\t\t\t\t<div class=\"elementor-element elementor-element-d3714e5 elementor-widget elementor-widget-text-editor\" data-id=\"d3714e5\" data-element_type=\"widget\" data-e-type=\"widget\" data-settings=\"{&quot;motion_fx_motion_fx_scrolling&quot;:&quot;yes&quot;,&quot;motion_fx_translateY_effect&quot;:&quot;yes&quot;,&quot;motion_fx_devices&quot;:[&quot;desktop&quot;],&quot;motion_fx_translateY_speed&quot;:{&quot;unit&quot;:&quot;px&quot;,&quot;size&quot;:4,&quot;sizes&quot;:[]},&quot;motion_fx_translateY_affectedRange&quot;:{&quot;unit&quot;:&quot;%&quot;,&quot;size&quot;:&quot;&quot;,&quot;sizes&quot;:{&quot;start&quot;:0,&quot;end&quot;:100}}}\" data-widget_type=\"text-editor.default\">\n\t\t\t\t<div class=\"elementor-widget-container\">\n\t\t\t\t\t\t\t\t\t\u00bbWir laden regelm\u00e4\u00dfig die Eltern unserer Auszubildenden zu einem Abend zu uns ein \u2013 und einige von diesen Eltern bewerben sich dann auch.\u00ab\t\t\t\t\t\t\t\t<\/div>\n\t\t\t\t<\/div>\n\t\t\t\t\t<\/div>\n\t\t<\/div>\n\t\t\t\t\t<\/div>\n\t\t<\/section>\n\t\t\t\t<section class=\"elementor-section elementor-top-section elementor-element elementor-element-ed6588f elementor-section-boxed elementor-section-height-default elementor-section-height-default\" data-id=\"ed6588f\" data-element_type=\"section\" data-e-type=\"section\">\n\t\t\t\t\t\t<div class=\"elementor-container elementor-column-gap-default\">\n\t\t\t\t\t<div class=\"elementor-column elementor-col-100 elementor-top-column elementor-element elementor-element-3351e9a\" data-id=\"3351e9a\" data-element_type=\"column\" data-e-type=\"column\">\n\t\t\t<div class=\"elementor-widget-wrap elementor-element-populated\">\n\t\t\t\t\t\t<div class=\"elementor-element elementor-element-9d1e98f elementor-widget elementor-widget-image\" data-id=\"9d1e98f\" data-element_type=\"widget\" data-e-type=\"widget\" data-widget_type=\"image.default\">\n\t\t\t\t<div class=\"elementor-widget-container\">\n\t\t\t\t\t\t\t\t\t\t\t\t<figure class=\"wp-caption\">\n\t\t\t\t\t\t\t\t\t\t<img loading=\"lazy\" decoding=\"async\" width=\"2381\" height=\"1587\" src=\"https:\/\/www.feine-adressen.online\/rtz\/wp-content\/uploads\/2024\/12\/RKoch_Christian-Erbe-Interview-25-print.jpg\" class=\"attachment-full size-full wp-image-7370\" alt=\"\" srcset=\"https:\/\/www.feine-adressen.online\/rtz\/wp-content\/uploads\/2024\/12\/RKoch_Christian-Erbe-Interview-25-print.jpg 2381w, https:\/\/www.feine-adressen.online\/rtz\/wp-content\/uploads\/2024\/12\/RKoch_Christian-Erbe-Interview-25-print-300x200.jpg 300w, https:\/\/www.feine-adressen.online\/rtz\/wp-content\/uploads\/2024\/12\/RKoch_Christian-Erbe-Interview-25-print-1024x683.jpg 1024w, https:\/\/www.feine-adressen.online\/rtz\/wp-content\/uploads\/2024\/12\/RKoch_Christian-Erbe-Interview-25-print-768x512.jpg 768w, https:\/\/www.feine-adressen.online\/rtz\/wp-content\/uploads\/2024\/12\/RKoch_Christian-Erbe-Interview-25-print-1536x1024.jpg 1536w, https:\/\/www.feine-adressen.online\/rtz\/wp-content\/uploads\/2024\/12\/RKoch_Christian-Erbe-Interview-25-print-2048x1365.jpg 2048w\" sizes=\"(max-width: 2381px) 100vw, 2381px\" \/>\t\t\t\t\t\t\t\t\t\t\t<figcaption class=\"widget-image-caption wp-caption-text\">Christian O. Erbe sprach im Interview mit Berthold Doerrich offen \u00fcber seine Erfahrungen als Unternehmer.<\/figcaption>\n\t\t\t\t\t\t\t\t\t\t<\/figure>\n\t\t\t\t\t\t\t\t\t<\/div>\n\t\t\t\t<\/div>\n\t\t\t\t\t<\/div>\n\t\t<\/div>\n\t\t\t\t\t<\/div>\n\t\t<\/section>\n\t\t\t\t<section class=\"elementor-section elementor-top-section elementor-element elementor-element-ecc323f elementor-section-boxed elementor-section-height-default elementor-section-height-default\" data-id=\"ecc323f\" data-element_type=\"section\" data-e-type=\"section\">\n\t\t\t\t\t\t<div class=\"elementor-container elementor-column-gap-default\">\n\t\t\t\t\t<div class=\"elementor-column elementor-col-50 elementor-top-column elementor-element elementor-element-8fdf62f\" data-id=\"8fdf62f\" data-element_type=\"column\" data-e-type=\"column\">\n\t\t\t<div class=\"elementor-widget-wrap elementor-element-populated\">\n\t\t\t\t\t\t<div class=\"elementor-element elementor-element-f0a3458 elementor-widget elementor-widget-text-editor\" data-id=\"f0a3458\" data-element_type=\"widget\" data-e-type=\"widget\" data-widget_type=\"text-editor.default\">\n\t\t\t\t<div class=\"elementor-widget-container\">\n\t\t\t\t\t\t\t\t\t<h3>Wie wirkt sich Ihr Standort in der Region<br \/>Neckar-Alb auf Ihre Personalsuche aus?<\/h3>\t\t\t\t\t\t\t\t<\/div>\n\t\t\t\t<\/div>\n\t\t\t\t<div class=\"elementor-element elementor-element-7ba9bc3 elementor-widget elementor-widget-text-editor\" data-id=\"7ba9bc3\" data-element_type=\"widget\" data-e-type=\"widget\" data-widget_type=\"text-editor.default\">\n\t\t\t\t<div class=\"elementor-widget-container\">\n\t\t\t\t\t\t\t\t\t<p>Wir wissen von vielen Mitarbeitern, die zu uns gekommen sind, dass sie zun\u00e4chst einmal skeptisch waren. Und dann erstaunt dar\u00fcber, welche Lebensqualit\u00e4t sie hier vorfinden: Man ist schnell am Bodensee, im Schwarzwald sowieso, die Schw\u00e4bische Alb liegt vor der Haust\u00fcre. Verkehrstechnisch sind wir gut angebunden und geh\u00f6ren als s\u00fcdlicher Teil zur Metropolregion Stuttgart. Das m\u00fcssen wir weiter herausstellen, das ist auch ein Teil des Bewusstseins, eben nicht mehr ein Hidden Champion sein zu wollen. Wir unterst\u00fctzen auch die Arbeit der Standortagentur Neckar-Alb, um den Bekanntheitsgrad der Region zu erh\u00f6hen.<\/p>\t\t\t\t\t\t\t\t<\/div>\n\t\t\t\t<\/div>\n\t\t\t\t<div class=\"elementor-element elementor-element-bc7112b elementor-widget elementor-widget-text-editor\" data-id=\"bc7112b\" data-element_type=\"widget\" data-e-type=\"widget\" data-widget_type=\"text-editor.default\">\n\t\t\t\t<div class=\"elementor-widget-container\">\n\t\t\t\t\t\t\t\t\t<h3>Herr Erbe, Ihnen wurde vor kurzem die Ehrensenatorw\u00fcrde der Universit\u00e4t T\u00fcbingen f\u00fcr Ihre Verdienste um die F\u00f6rderung von Wissenschaft und Technik verliehen. Welche Bedeutung hat Bildung als Standortfaktor f\u00fcr die Wirtschaft der Region Neckar-Alb?<\/h3>\t\t\t\t\t\t\t\t<\/div>\n\t\t\t\t<\/div>\n\t\t\t\t<div class=\"elementor-element elementor-element-a6a02e0 elementor-widget elementor-widget-text-editor\" data-id=\"a6a02e0\" data-element_type=\"widget\" data-e-type=\"widget\" data-widget_type=\"text-editor.default\">\n\t\t\t\t<div class=\"elementor-widget-container\">\n\t\t\t\t\t\t\t\t\tDie Entwicklung der Stadt T\u00fcbingen zeigt, was passieren kann, wenn man die verschiedenen Player aus Wissenschaft, Forschung und Industrie zusammenbringt. Denn Bildung ist die wichtigste Ressource, die wir hier haben. Wer h\u00e4tte sich vor f\u00fcnfzig Jahren vorstellen k\u00f6nnen, dass das kleine T\u00fcbingen einmal Reutlingen bei den Gewerbesteuereinnahmen \u00fcberfl\u00fcgeln w\u00fcrde? Das ist das Ergebnis einer Entwicklung, bei der Bildung, Forschung und Industrie zusammenkommen und gemeinsam Transformation gestalten.\n\t\t\t\t\t\t\t\t<\/div>\n\t\t\t\t<\/div>\n\t\t\t\t<div class=\"elementor-element elementor-element-90d77fd elementor-widget elementor-widget-text-editor\" data-id=\"90d77fd\" data-element_type=\"widget\" data-e-type=\"widget\" data-widget_type=\"text-editor.default\">\n\t\t\t\t<div class=\"elementor-widget-container\">\n\t\t\t\t\t\t\t\t\t<h3>F\u00fcr Sie als Unternehmen hat diese Zusammenarbeit mit Universit\u00e4t und Forschung eine lange Tradition?<\/h3>\t\t\t\t\t\t\t\t<\/div>\n\t\t\t\t<\/div>\n\t\t\t\t<div class=\"elementor-element elementor-element-1a7432e elementor-widget elementor-widget-text-editor\" data-id=\"1a7432e\" data-element_type=\"widget\" data-e-type=\"widget\" data-widget_type=\"text-editor.default\">\n\t\t\t\t<div class=\"elementor-widget-container\">\n\t\t\t\t\t\t\t\t\tJa, mein Ur-Urgro\u00dfvater entwickelte schon seit der Firmengr\u00fcndung im Jahre 1851 zusammen mit den Chef\u00e4rzten der Uniklinik neue Eingriff&shy;methoden. Da ist eine gute Kooperation auf Augenh\u00f6he entstanden. Mittlerweile arbeiten wir aber auch mit Universit\u00e4tskliniken und anderen Forschungseinrichtungen weltweit zusammen. \n\t\t\t\t\t\t\t\t<\/div>\n\t\t\t\t<\/div>\n\t\t\t\t<div class=\"elementor-element elementor-element-b321255 elementor-widget elementor-widget-image\" data-id=\"b321255\" data-element_type=\"widget\" data-e-type=\"widget\" data-widget_type=\"image.default\">\n\t\t\t\t<div class=\"elementor-widget-container\">\n\t\t\t\t\t\t\t\t\t\t\t\t\t\t\t<img loading=\"lazy\" decoding=\"async\" width=\"794\" height=\"1191\" src=\"https:\/\/www.feine-adressen.online\/rtz\/wp-content\/uploads\/2024\/12\/RKoch_Christian-Erbe-Interview-29.jpg\" class=\"attachment-full size-full wp-image-7373\" alt=\"\" srcset=\"https:\/\/www.feine-adressen.online\/rtz\/wp-content\/uploads\/2024\/12\/RKoch_Christian-Erbe-Interview-29.jpg 794w, https:\/\/www.feine-adressen.online\/rtz\/wp-content\/uploads\/2024\/12\/RKoch_Christian-Erbe-Interview-29-200x300.jpg 200w, https:\/\/www.feine-adressen.online\/rtz\/wp-content\/uploads\/2024\/12\/RKoch_Christian-Erbe-Interview-29-683x1024.jpg 683w, https:\/\/www.feine-adressen.online\/rtz\/wp-content\/uploads\/2024\/12\/RKoch_Christian-Erbe-Interview-29-768x1152.jpg 768w\" sizes=\"(max-width: 794px) 100vw, 794px\" \/>\t\t\t\t\t\t\t\t\t\t\t\t\t\t\t<\/div>\n\t\t\t\t<\/div>\n\t\t\t\t\t<\/div>\n\t\t<\/div>\n\t\t\t\t<div class=\"elementor-column elementor-col-50 elementor-top-column elementor-element elementor-element-97c32ef\" data-id=\"97c32ef\" data-element_type=\"column\" data-e-type=\"column\">\n\t\t\t<div class=\"elementor-widget-wrap elementor-element-populated\">\n\t\t\t\t\t\t<div class=\"elementor-element elementor-element-91c998c elementor-widget elementor-widget-text-editor\" data-id=\"91c998c\" data-element_type=\"widget\" data-e-type=\"widget\" data-settings=\"{&quot;motion_fx_motion_fx_scrolling&quot;:&quot;yes&quot;,&quot;motion_fx_translateY_effect&quot;:&quot;yes&quot;,&quot;motion_fx_devices&quot;:[&quot;desktop&quot;],&quot;motion_fx_translateY_speed&quot;:{&quot;unit&quot;:&quot;px&quot;,&quot;size&quot;:4,&quot;sizes&quot;:[]},&quot;motion_fx_translateY_affectedRange&quot;:{&quot;unit&quot;:&quot;%&quot;,&quot;size&quot;:&quot;&quot;,&quot;sizes&quot;:{&quot;start&quot;:0,&quot;end&quot;:100}}}\" data-widget_type=\"text-editor.default\">\n\t\t\t\t<div class=\"elementor-widget-container\">\n\t\t\t\t\t\t\t\t\t<p>\u00bbWir haben uns entschieden, weiter zu wachsen. Auch durch Akquisitionen von Firmen und Technologien.\u00ab<\/p>\t\t\t\t\t\t\t\t<\/div>\n\t\t\t\t<\/div>\n\t\t\t\t\t<\/div>\n\t\t<\/div>\n\t\t\t\t\t<\/div>\n\t\t<\/section>\n\t\t\t\t<section class=\"elementor-section elementor-top-section elementor-element elementor-element-be166a9 elementor-section-boxed elementor-section-height-default elementor-section-height-default\" data-id=\"be166a9\" data-element_type=\"section\" data-e-type=\"section\">\n\t\t\t\t\t\t<div class=\"elementor-container elementor-column-gap-default\">\n\t\t\t\t\t<div class=\"elementor-column elementor-col-50 elementor-top-column elementor-element elementor-element-e645234\" data-id=\"e645234\" data-element_type=\"column\" data-e-type=\"column\">\n\t\t\t<div class=\"elementor-widget-wrap elementor-element-populated\">\n\t\t\t\t\t\t<div class=\"elementor-element elementor-element-1ce36a4 elementor-widget elementor-widget-text-editor\" data-id=\"1ce36a4\" data-element_type=\"widget\" data-e-type=\"widget\" data-widget_type=\"text-editor.default\">\n\t\t\t\t<div class=\"elementor-widget-container\">\n\t\t\t\t\t\t\t\t\t<h3>Sehen Sie sich da in guter Tradition mit anderen Unternehmen aus der Region?<\/h3>\t\t\t\t\t\t\t\t<\/div>\n\t\t\t\t<\/div>\n\t\t\t\t<div class=\"elementor-element elementor-element-f42ec5d elementor-widget elementor-widget-text-editor\" data-id=\"f42ec5d\" data-element_type=\"widget\" data-e-type=\"widget\" data-widget_type=\"text-editor.default\">\n\t\t\t\t<div class=\"elementor-widget-container\">\n\t\t\t\t\t\t\t\t\tF\u00fcr uns als Medizintechnik-Unternehmen liegt die Kooperation mit der Uniklinik nat\u00fcrlich nahe. In den anderen Bereichen ist das nicht ganz so einfach, da an der Universit\u00e4t T\u00fcbingen neben der Medizin die Geistes- und Sozialwissenschaften dominieren. Wichtig w\u00e4re zum Beispiel eine st\u00e4rkere Einbindung der Wirtschaftswissenschaften in den Dialog mit der Wirtschaft. Vor kurzem hatten wir Besuch einer Studentengruppe des ehemaligen Wirtschaftsministers, Professor Hausmann. Als ich fragte, wie viele von ihnen schon einmal in einem Wirtschaftsunternehmen waren, da gingen ganze f\u00fcnf H\u00e4nde hoch. \t\t\t\t\t\t\t\t<\/div>\n\t\t\t\t<\/div>\n\t\t\t\t<div class=\"elementor-element elementor-element-4f97f1e elementor-widget elementor-widget-text-editor\" data-id=\"4f97f1e\" data-element_type=\"widget\" data-e-type=\"widget\" data-widget_type=\"text-editor.default\">\n\t\t\t\t<div class=\"elementor-widget-container\">\n\t\t\t\t\t\t\t\t\t<h3>Mit Blick auf die junge Generation: Was soll die Politik aus Ihrer Perspektive als Unternehmer, aber auch als Pr\u00e4sident der Industrie- und Handelskammer, f\u00fcr den Nachwuchs tun?<\/h3>\t\t\t\t\t\t\t\t<\/div>\n\t\t\t\t<\/div>\n\t\t\t\t<div class=\"elementor-element elementor-element-d8d795f elementor-widget elementor-widget-text-editor\" data-id=\"d8d795f\" data-element_type=\"widget\" data-e-type=\"widget\" data-widget_type=\"text-editor.default\">\n\t\t\t\t<div class=\"elementor-widget-container\">\n\t\t\t\t\t\t\t\t\tDie Bildungspolitik muss dringend zu einer Reform kommen. Und die muss sehr fr\u00fch beginnen \u2013 idealerweise schon im Vorschulbereich. Denn viele Kinder starten ihre Ausbildung schon mit einem Handicap, das sie dann auf ihrem gesamten Bildungsweg begleitet. Das sollte man den jungen Menschen ersparen.\t\t\t\t\t\t\t\t<\/div>\n\t\t\t\t<\/div>\n\t\t\t\t<div class=\"elementor-element elementor-element-584bb9f elementor-widget elementor-widget-image\" data-id=\"584bb9f\" data-element_type=\"widget\" data-e-type=\"widget\" data-widget_type=\"image.default\">\n\t\t\t\t<div class=\"elementor-widget-container\">\n\t\t\t\t\t\t\t\t\t\t\t\t\t\t\t<img loading=\"lazy\" decoding=\"async\" width=\"800\" height=\"534\" src=\"https:\/\/www.feine-adressen.online\/rtz\/wp-content\/uploads\/2024\/12\/RKoch_Christian-Erbe-Interview-1-print-1024x683.jpg\" class=\"attachment-large size-large wp-image-7372\" alt=\"\" srcset=\"https:\/\/www.feine-adressen.online\/rtz\/wp-content\/uploads\/2024\/12\/RKoch_Christian-Erbe-Interview-1-print-1024x683.jpg 1024w, https:\/\/www.feine-adressen.online\/rtz\/wp-content\/uploads\/2024\/12\/RKoch_Christian-Erbe-Interview-1-print-300x200.jpg 300w, https:\/\/www.feine-adressen.online\/rtz\/wp-content\/uploads\/2024\/12\/RKoch_Christian-Erbe-Interview-1-print-768x512.jpg 768w, https:\/\/www.feine-adressen.online\/rtz\/wp-content\/uploads\/2024\/12\/RKoch_Christian-Erbe-Interview-1-print.jpg 1191w\" sizes=\"(max-width: 800px) 100vw, 800px\" \/>\t\t\t\t\t\t\t\t\t\t\t\t\t\t\t<\/div>\n\t\t\t\t<\/div>\n\t\t\t\t<div class=\"elementor-element elementor-element-b3eaec9 elementor-widget elementor-widget-text-editor\" data-id=\"b3eaec9\" data-element_type=\"widget\" data-e-type=\"widget\" data-widget_type=\"text-editor.default\">\n\t\t\t\t<div class=\"elementor-widget-container\">\n\t\t\t\t\t\t\t\t\t<h3>Vor einiger Zeit haben Sie die operative F\u00fchrung Ihres Unternehmens in die H\u00e4nde von familienfremden Managern \u00fcbergeben. Das ist f\u00fcr einen Familienunternehmer ja ein schwieriges Thema. Und ich vermute mal, dass manche Ihrer Unternehmerkollegen gerne wissen m\u00f6chten, was Sie dazu bewogen hat \u2013 und welche Erfahrungen<br \/>Sie damit machen?<\/h3>\t\t\t\t\t\t\t\t<\/div>\n\t\t\t\t<\/div>\n\t\t\t\t<div class=\"elementor-element elementor-element-94f4229 elementor-widget elementor-widget-text-editor\" data-id=\"94f4229\" data-element_type=\"widget\" data-e-type=\"widget\" data-widget_type=\"text-editor.default\">\n\t\t\t\t<div class=\"elementor-widget-container\">\n\t\t\t\t\t\t\t\t\t<p>Mit 2.000 Mitarbeitern sind wir im Bereich der Medizintechnik in Deutschland im Mittelfeld. Die meisten unserer Wettbewerber sind entweder deutlich kleiner \u2013 oder deutlich gr\u00f6\u00dfer. Wir waren also an einem Punkt, an dem wir entscheiden mussten, ob wir zu den Kleinen geh\u00f6ren oder weiter wachsen wollen. Wir haben uns entschieden, weiter zu wachsen. Auch durch Akquisitionen von Firmen und Technologien. Das ist etwas, was wir fr\u00fcher nie getan haben. Diese weiteren Firmen m\u00fcssen sie nat\u00fcrlich auch integrieren. All das w\u00e4re mit der kleinen F\u00fchrungsspitze, wie wir sie bisher hatten, nicht mehr zu leisten gewesen. Dabei haben wir die F\u00fchrungspositionen aber konsequent mit eigenen Mitarbeitern besetzt, bei denen wir unternehmerische F\u00e4higkeiten erkannt haben. Diese Zusammenarbeit in der neuen Gesch\u00e4ftsleitung funktioniert ganz hervorragend.<\/p>\t\t\t\t\t\t\t\t<\/div>\n\t\t\t\t<\/div>\n\t\t\t\t\t<\/div>\n\t\t<\/div>\n\t\t\t\t<div class=\"elementor-column elementor-col-50 elementor-top-column elementor-element elementor-element-90e7165\" data-id=\"90e7165\" data-element_type=\"column\" data-e-type=\"column\">\n\t\t\t<div class=\"elementor-widget-wrap\">\n\t\t\t\t\t\t\t<\/div>\n\t\t<\/div>\n\t\t\t\t\t<\/div>\n\t\t<\/section>\n\t\t\t\t<section class=\"elementor-section elementor-top-section elementor-element elementor-element-aac4029 elementor-hidden-desktop elementor-section-boxed elementor-section-height-default elementor-section-height-default\" data-id=\"aac4029\" data-element_type=\"section\" data-e-type=\"section\">\n\t\t\t\t\t\t<div class=\"elementor-container elementor-column-gap-default\">\n\t\t\t\t\t<div class=\"elementor-column elementor-col-50 elementor-top-column elementor-element elementor-element-5248636 elementor-hidden-desktop\" data-id=\"5248636\" data-element_type=\"column\" data-e-type=\"column\" data-settings=\"{&quot;background_background&quot;:&quot;classic&quot;}\">\n\t\t\t<div class=\"elementor-widget-wrap elementor-element-populated\">\n\t\t\t\t\t\t<div class=\"elementor-element elementor-element-7fa8124 elementor-widget__width-initial elementor-widget elementor-widget-text-editor\" data-id=\"7fa8124\" data-element_type=\"widget\" data-e-type=\"widget\" data-widget_type=\"text-editor.default\">\n\t\t\t\t<div class=\"elementor-widget-container\">\n\t\t\t\t\t\t\t\t\t<p><strong>Erbe Elektromedizin GmbH<\/strong><\/p><div>Waldh\u00f6rnlestra\u00dfe 17<\/div><div>72072 T\u00fcbingen<\/div><div>+49 7071 755-0<\/div><div><a href=\"mailto:info@erbe-med.com\">info@erbe-med.com<\/a><\/div><div><a href=\"https:\/\/de.erbe-med.com\/de-de\/\" target=\"_blank\" rel=\"noopener\">erbe-med.com<\/a><\/div>\t\t\t\t\t\t\t\t<\/div>\n\t\t\t\t<\/div>\n\t\t\t\t<div class=\"elementor-element elementor-element-7384130 elementor-widget elementor-widget-image\" data-id=\"7384130\" data-element_type=\"widget\" data-e-type=\"widget\" data-widget_type=\"image.default\">\n\t\t\t\t<div class=\"elementor-widget-container\">\n\t\t\t\t\t\t\t\t\t\t\t\t\t\t\t<img decoding=\"async\" width=\"169\" height=\"64\" src=\"https:\/\/www.feine-adressen.online\/rtz\/wp-content\/uploads\/2024\/12\/csm_erbe_logo_b163165627.png\" class=\"attachment-large size-large wp-image-7377\" alt=\"\" \/>\t\t\t\t\t\t\t\t\t\t\t\t\t\t\t<\/div>\n\t\t\t\t<\/div>\n\t\t\t\t<div class=\"elementor-element elementor-element-29389de elementor-widget elementor-widget-google_maps\" data-id=\"29389de\" data-element_type=\"widget\" data-e-type=\"widget\" data-widget_type=\"google_maps.default\">\n\t\t\t\t<div class=\"elementor-widget-container\">\n\t\t\t\t\t\t\t<div class=\"elementor-custom-embed\">\n\t\t\t<iframe loading=\"lazy\"\n\t\t\t\t\tsrc=\"https:\/\/maps.google.com\/maps?q=Erbe%20Elektromedizin%20GmbH%2C%20Waldh%C3%B6rnlestra%C3%9Fe%2017%2C%2072072%20T%C3%BCbingen&#038;t=m&#038;z=17&#038;output=embed&#038;iwloc=near\"\n\t\t\t\t\ttitle=\"Erbe Elektromedizin GmbH, Waldh\u00f6rnlestra\u00dfe 17, 72072 T\u00fcbingen\"\n\t\t\t\t\taria-label=\"Erbe Elektromedizin GmbH, Waldh\u00f6rnlestra\u00dfe 17, 72072 T\u00fcbingen\"\n\t\t\t><\/iframe>\n\t\t<\/div>\n\t\t\t\t\t\t<\/div>\n\t\t\t\t<\/div>\n\t\t\t\t<div class=\"elementor-element elementor-element-39a9aa1 elementor-align-left elementor-widget elementor-widget-button\" data-id=\"39a9aa1\" data-element_type=\"widget\" data-e-type=\"widget\" data-widget_type=\"button.default\">\n\t\t\t\t<div class=\"elementor-widget-container\">\n\t\t\t\t\t\t\t\t\t<div class=\"elementor-button-wrapper\">\n\t\t\t\t\t<a class=\"elementor-button elementor-button-link elementor-size-sm\" href=\"https:\/\/www.google.de\/maps\/dir\/\/Erbe+Elektromedizin+GmbH,+Waldh\u00f6rnlestra\u00dfe+17,+72072+T\u00fcbingen\/@48.3793112,8.2930021,10z\/data=!4m8!4m7!1m0!1m5!1m1!1s0x4799fae932b54cd9:0x8985bb7d63e8934d!2m2!1d9.057819!2d48.49845?entry=ttu&#038;g_ep=EgoyMDI0MTIxMS4wIKXMDSoASAFQAw%3D%3D\" target=\"_blank\">\n\t\t\t\t\t\t<span class=\"elementor-button-content-wrapper\">\n\t\t\t\t\t\t<span class=\"elementor-button-icon\">\n\t\t\t\t<i aria-hidden=\"true\" class=\"fas fa-map-marker-alt\"><\/i>\t\t\t<\/span>\n\t\t\t\t\t\t\t\t\t<span class=\"elementor-button-text\">Routenplaner<\/span>\n\t\t\t\t\t<\/span>\n\t\t\t\t\t<\/a>\n\t\t\t\t<\/div>\n\t\t\t\t\t\t\t\t<\/div>\n\t\t\t\t<\/div>\n\t\t\t\t\t<\/div>\n\t\t<\/div>\n\t\t\t\t<div class=\"elementor-column elementor-col-50 elementor-top-column elementor-element elementor-element-ebc7db9 elementor-hidden-desktop\" data-id=\"ebc7db9\" data-element_type=\"column\" data-e-type=\"column\" data-settings=\"{&quot;background_background&quot;:&quot;classic&quot;}\">\n\t\t\t<div class=\"elementor-widget-wrap elementor-element-populated\">\n\t\t\t\t\t\t<div class=\"elementor-element elementor-element-db9afa9 elementor-widget__width-initial elementor-widget elementor-widget-text-editor\" data-id=\"db9afa9\" data-element_type=\"widget\" data-e-type=\"widget\" data-widget_type=\"text-editor.default\">\n\t\t\t\t<div class=\"elementor-widget-container\">\n\t\t\t\t\t\t\t\t\t<p><strong>Erbe Elektromedizin GmbH<\/strong><\/p><div>Rudolf-Diesel-Stra\u00dfe 29<\/div><div>72414 Rangendingen<\/div><div>+49 7071 755-0<\/div><div><a href=\"mailto:info@erbe-med.com\">info@erbe-med.com<\/a><\/div><div><a href=\"https:\/\/de.erbe-med.com\/de-de\/\" target=\"_blank\" rel=\"noopener\">erbe-med.com<\/a><\/div>\t\t\t\t\t\t\t\t<\/div>\n\t\t\t\t<\/div>\n\t\t\t\t<div class=\"elementor-element elementor-element-32c1fa8 elementor-widget elementor-widget-image\" data-id=\"32c1fa8\" data-element_type=\"widget\" data-e-type=\"widget\" data-widget_type=\"image.default\">\n\t\t\t\t<div class=\"elementor-widget-container\">\n\t\t\t\t\t\t\t\t\t\t\t\t\t\t\t<img decoding=\"async\" width=\"169\" height=\"64\" src=\"https:\/\/www.feine-adressen.online\/rtz\/wp-content\/uploads\/2024\/12\/csm_erbe_logo_b163165627.png\" class=\"attachment-large size-large wp-image-7377\" alt=\"\" \/>\t\t\t\t\t\t\t\t\t\t\t\t\t\t\t<\/div>\n\t\t\t\t<\/div>\n\t\t\t\t<div class=\"elementor-element elementor-element-21c9b7b elementor-widget elementor-widget-google_maps\" data-id=\"21c9b7b\" data-element_type=\"widget\" data-e-type=\"widget\" data-widget_type=\"google_maps.default\">\n\t\t\t\t<div class=\"elementor-widget-container\">\n\t\t\t\t\t\t\t<div class=\"elementor-custom-embed\">\n\t\t\t<iframe loading=\"lazy\"\n\t\t\t\t\tsrc=\"https:\/\/maps.google.com\/maps?q=Erbe%20Elektromedizin%20GmbH%2C%20Rudolf-Diesel-Stra%C3%9Fe%2029%2C%2072414%20Rangendingen&#038;t=m&#038;z=17&#038;output=embed&#038;iwloc=near\"\n\t\t\t\t\ttitle=\"Erbe Elektromedizin GmbH, Rudolf-Diesel-Stra\u00dfe 29, 72414 Rangendingen\"\n\t\t\t\t\taria-label=\"Erbe Elektromedizin GmbH, Rudolf-Diesel-Stra\u00dfe 29, 72414 Rangendingen\"\n\t\t\t><\/iframe>\n\t\t<\/div>\n\t\t\t\t\t\t<\/div>\n\t\t\t\t<\/div>\n\t\t\t\t<div class=\"elementor-element elementor-element-6ce224a elementor-align-left elementor-widget elementor-widget-button\" data-id=\"6ce224a\" data-element_type=\"widget\" data-e-type=\"widget\" data-widget_type=\"button.default\">\n\t\t\t\t<div class=\"elementor-widget-container\">\n\t\t\t\t\t\t\t\t\t<div class=\"elementor-button-wrapper\">\n\t\t\t\t\t<a class=\"elementor-button elementor-button-link elementor-size-sm\" href=\"https:\/\/www.google.de\/maps\/dir\/\/Erbe+Elektromedizin+GmbH,+Rudolf-Diesel-Stra\u00dfe+29,+72414+Rangendingen\/@48.3793112,8.2930021,10z\/data=!4m8!4m7!1m0!1m5!1m1!1s0x4799ff78ac56877f:0x4730d39bf6f004ca!2m2!1d8.9027212!2d48.3793205?entry=ttu&#038;g_ep=EgoyMDI0MTIxMS4wIKXMDSoASAFQAw%3D%3D\" target=\"_blank\">\n\t\t\t\t\t\t<span class=\"elementor-button-content-wrapper\">\n\t\t\t\t\t\t<span class=\"elementor-button-icon\">\n\t\t\t\t<i aria-hidden=\"true\" class=\"fas fa-map-marker-alt\"><\/i>\t\t\t<\/span>\n\t\t\t\t\t\t\t\t\t<span class=\"elementor-button-text\">Routenplaner<\/span>\n\t\t\t\t\t<\/span>\n\t\t\t\t\t<\/a>\n\t\t\t\t<\/div>\n\t\t\t\t\t\t\t\t<\/div>\n\t\t\t\t<\/div>\n\t\t\t\t\t<\/div>\n\t\t<\/div>\n\t\t\t\t\t<\/div>\n\t\t<\/section>\n\t\t\t\t<section class=\"elementor-section elementor-top-section elementor-element elementor-element-4b47c327 elementor-section-boxed elementor-section-height-default elementor-section-height-default\" data-id=\"4b47c327\" data-element_type=\"section\" data-e-type=\"section\">\n\t\t\t\t\t\t<div class=\"elementor-container elementor-column-gap-default\">\n\t\t\t\t\t<div class=\"elementor-column elementor-col-100 elementor-top-column elementor-element elementor-element-2ccba325\" data-id=\"2ccba325\" data-element_type=\"column\" data-e-type=\"column\">\n\t\t\t<div class=\"elementor-widget-wrap elementor-element-populated\">\n\t\t\t\t\t\t<div class=\"elementor-element elementor-element-9a72311 elementor-widget-divider--view-line elementor-widget elementor-widget-divider\" data-id=\"9a72311\" data-element_type=\"widget\" data-e-type=\"widget\" data-widget_type=\"divider.default\">\n\t\t\t\t<div class=\"elementor-widget-container\">\n\t\t\t\t\t\t\t<div class=\"elementor-divider\">\n\t\t\t<span class=\"elementor-divider-separator\">\n\t\t\t\t\t\t<\/span>\n\t\t<\/div>\n\t\t\t\t\t\t<\/div>\n\t\t\t\t<\/div>\n\t\t\t\t<div class=\"elementor-element elementor-element-3d63e675 elementor-widget__width-initial elementor-widget elementor-widget-text-editor\" data-id=\"3d63e675\" data-element_type=\"widget\" data-e-type=\"widget\" data-widget_type=\"text-editor.default\">\n\t\t\t\t<div class=\"elementor-widget-container\">\n\t\t\t\t\t\t\t\t\t<div class=\"ewa-rteLine\"><p>Mehr aus dem Bereich <strong>MENSCHEN<\/strong> entdecken:<\/p><\/div>\t\t\t\t\t\t\t\t<\/div>\n\t\t\t\t<\/div>\n\t\t\t\t<div class=\"elementor-element elementor-element-5fce60af elementor-grid-3 elementor-grid-tablet-2 elementor-grid-mobile-1 elementor-posts--thumbnail-top elementor-card-shadow-yes elementor-posts__hover-gradient elementor-widget elementor-widget-posts\" data-id=\"5fce60af\" data-element_type=\"widget\" data-e-type=\"widget\" data-settings=\"{&quot;cards_masonry&quot;:&quot;yes&quot;,&quot;pagination_type&quot;:&quot;prev_next&quot;,&quot;cards_columns&quot;:&quot;3&quot;,&quot;cards_columns_tablet&quot;:&quot;2&quot;,&quot;cards_columns_mobile&quot;:&quot;1&quot;,&quot;cards_row_gap&quot;:{&quot;unit&quot;:&quot;px&quot;,&quot;size&quot;:35,&quot;sizes&quot;:[]},&quot;cards_row_gap_tablet&quot;:{&quot;unit&quot;:&quot;px&quot;,&quot;size&quot;:&quot;&quot;,&quot;sizes&quot;:[]},&quot;cards_row_gap_mobile&quot;:{&quot;unit&quot;:&quot;px&quot;,&quot;size&quot;:&quot;&quot;,&quot;sizes&quot;:[]}}\" data-widget_type=\"posts.cards\">\n\t\t\t\t<div class=\"elementor-widget-container\">\n\t\t\t\t\t\t\t<div class=\"elementor-posts-container elementor-posts elementor-posts--skin-cards elementor-grid\" role=\"list\">\n\t\t\t\t<article class=\"elementor-post elementor-grid-item post-9036 post type-post status-publish format-standard has-post-thumbnail hentry category-menschen tag-interview tag-loesdau tag-pferdesport\" role=\"listitem\">\n\t\t\t<div class=\"elementor-post__card\">\n\t\t\t\t<a class=\"elementor-post__thumbnail__link\" href=\"https:\/\/www.feine-adressen.online\/rtz\/ralf-berger-ceo-loesdau\/\" tabindex=\"-1\" ><div class=\"elementor-post__thumbnail\"><img loading=\"lazy\" decoding=\"async\" width=\"188\" height=\"300\" src=\"https:\/\/www.feine-adressen.online\/rtz\/wp-content\/uploads\/2025\/11\/LOEDAU_d29d89ca-395b-499a-88d7-a2d140ed0e3e-188x300.jpg\" class=\"attachment-medium size-medium wp-image-8977\" alt=\"\" srcset=\"https:\/\/www.feine-adressen.online\/rtz\/wp-content\/uploads\/2025\/11\/LOEDAU_d29d89ca-395b-499a-88d7-a2d140ed0e3e-188x300.jpg 188w, https:\/\/www.feine-adressen.online\/rtz\/wp-content\/uploads\/2025\/11\/LOEDAU_d29d89ca-395b-499a-88d7-a2d140ed0e3e-640x1024.jpg 640w, https:\/\/www.feine-adressen.online\/rtz\/wp-content\/uploads\/2025\/11\/LOEDAU_d29d89ca-395b-499a-88d7-a2d140ed0e3e-768x1229.jpg 768w, https:\/\/www.feine-adressen.online\/rtz\/wp-content\/uploads\/2025\/11\/LOEDAU_d29d89ca-395b-499a-88d7-a2d140ed0e3e-960x1536.jpg 960w, https:\/\/www.feine-adressen.online\/rtz\/wp-content\/uploads\/2025\/11\/LOEDAU_d29d89ca-395b-499a-88d7-a2d140ed0e3e.jpg 1000w\" sizes=\"(max-width: 188px) 100vw, 188px\" \/><\/div><\/a>\n\t\t\t\t<div class=\"elementor-post__badge\">Menschen<\/div>\n\t\t\t\t<div class=\"elementor-post__text\">\n\t\t\t\t<h3 class=\"elementor-post__title\">\n\t\t\t<a href=\"https:\/\/www.feine-adressen.online\/rtz\/ralf-berger-ceo-loesdau\/\" >\n\t\t\t\tPassion aus Tradition &#8211; Ralf Berger CEO Loesdau\t\t\t<\/a>\n\t\t<\/h3>\n\t\t\n\t\t<a class=\"elementor-post__read-more\" href=\"https:\/\/www.feine-adressen.online\/rtz\/ralf-berger-ceo-loesdau\/\" aria-label=\"Mehr \u00fcber Passion aus Tradition &#8211; Ralf Berger CEO Loesdau\" tabindex=\"-1\" >\n\t\t\tMehr Erfahren \u00bb\t\t<\/a>\n\n\t\t\t\t<\/div>\n\t\t\t\t\t<\/div>\n\t\t<\/article>\n\t\t\t\t<article class=\"elementor-post elementor-grid-item post-7973 post type-post status-publish format-standard has-post-thumbnail hentry category-menschen tag-gomaringen tag-menschen tag-wildbakers\" role=\"listitem\">\n\t\t\t<div class=\"elementor-post__card\">\n\t\t\t\t<a class=\"elementor-post__thumbnail__link\" href=\"https:\/\/www.feine-adressen.online\/rtz\/joerg-schmid\/\" tabindex=\"-1\" ><div class=\"elementor-post__thumbnail\"><img loading=\"lazy\" decoding=\"async\" width=\"300\" height=\"269\" src=\"https:\/\/www.feine-adressen.online\/rtz\/wp-content\/uploads\/2025\/04\/S218711-Verbessert-NR_fx-300x269.jpg\" class=\"attachment-medium size-medium wp-image-7979\" alt=\"\" srcset=\"https:\/\/www.feine-adressen.online\/rtz\/wp-content\/uploads\/2025\/04\/S218711-Verbessert-NR_fx-300x269.jpg 300w, https:\/\/www.feine-adressen.online\/rtz\/wp-content\/uploads\/2025\/04\/S218711-Verbessert-NR_fx-1024x920.jpg 1024w, https:\/\/www.feine-adressen.online\/rtz\/wp-content\/uploads\/2025\/04\/S218711-Verbessert-NR_fx-768x690.jpg 768w, https:\/\/www.feine-adressen.online\/rtz\/wp-content\/uploads\/2025\/04\/S218711-Verbessert-NR_fx-1536x1379.jpg 1536w, https:\/\/www.feine-adressen.online\/rtz\/wp-content\/uploads\/2025\/04\/S218711-Verbessert-NR_fx.jpg 2000w\" sizes=\"(max-width: 300px) 100vw, 300px\" \/><\/div><\/a>\n\t\t\t\t<div class=\"elementor-post__badge\">Menschen<\/div>\n\t\t\t\t<div class=\"elementor-post__text\">\n\t\t\t\t<h3 class=\"elementor-post__title\">\n\t\t\t<a href=\"https:\/\/www.feine-adressen.online\/rtz\/joerg-schmid\/\" >\n\t\t\t\tAm Anfang war das Brot \u2013 J\u00f6rg Schmid\t\t\t<\/a>\n\t\t<\/h3>\n\t\t\n\t\t<a class=\"elementor-post__read-more\" href=\"https:\/\/www.feine-adressen.online\/rtz\/joerg-schmid\/\" aria-label=\"Mehr \u00fcber Am Anfang war das Brot \u2013 J\u00f6rg Schmid\" tabindex=\"-1\" >\n\t\t\tMehr Erfahren \u00bb\t\t<\/a>\n\n\t\t\t\t<\/div>\n\t\t\t\t\t<\/div>\n\t\t<\/article>\n\t\t\t\t<article class=\"elementor-post elementor-grid-item post-9021 post type-post status-publish format-standard has-post-thumbnail hentry category-menschen tag-reutlingen tag-solarparks tag-willi-schoeller tag-windparks\" role=\"listitem\">\n\t\t\t<div class=\"elementor-post__card\">\n\t\t\t\t<a class=\"elementor-post__thumbnail__link\" href=\"https:\/\/www.feine-adressen.online\/rtz\/willi-schoeller\/\" tabindex=\"-1\" ><div class=\"elementor-post__thumbnail\"><img loading=\"lazy\" decoding=\"async\" width=\"225\" height=\"300\" src=\"https:\/\/www.feine-adressen.online\/rtz\/wp-content\/uploads\/2025\/11\/Willi-Scholler-1-225x300.jpg\" class=\"attachment-medium size-medium wp-image-9035\" alt=\"\" srcset=\"https:\/\/www.feine-adressen.online\/rtz\/wp-content\/uploads\/2025\/11\/Willi-Scholler-1-225x300.jpg 225w, https:\/\/www.feine-adressen.online\/rtz\/wp-content\/uploads\/2025\/11\/Willi-Scholler-1.jpg 600w\" sizes=\"(max-width: 225px) 100vw, 225px\" \/><\/div><\/a>\n\t\t\t\t<div class=\"elementor-post__badge\">Menschen<\/div>\n\t\t\t\t<div class=\"elementor-post__text\">\n\t\t\t\t<h3 class=\"elementor-post__title\">\n\t\t\t<a href=\"https:\/\/www.feine-adressen.online\/rtz\/willi-schoeller\/\" >\n\t\t\t\tFu\u0308r eine Region, von der alle etwas haben &#8211; Sch\u00f6ller SI\t\t\t<\/a>\n\t\t<\/h3>\n\t\t\n\t\t<a class=\"elementor-post__read-more\" href=\"https:\/\/www.feine-adressen.online\/rtz\/willi-schoeller\/\" aria-label=\"Mehr \u00fcber Fu\u0308r eine Region, von der alle etwas haben &#8211; Sch\u00f6ller SI\" tabindex=\"-1\" >\n\t\t\tMehr Erfahren \u00bb\t\t<\/a>\n\n\t\t\t\t<\/div>\n\t\t\t\t\t<\/div>\n\t\t<\/article>\n\t\t\t\t<\/div>\n\t\t\n\t\t\t\t\t\t<\/div>\n\t\t\t\t<\/div>\n\t\t\t\t\t<\/div>\n\t\t<\/div>\n\t\t\t\t\t<\/div>\n\t\t<\/section>\n\t\t\t\t<\/div>\n\t\t","protected":false},"excerpt":{"rendered":"<p>Zur\u00fcck zur Auswahl Christian O. Erbe Ich will kein Hidden Champion mehr sein. Lange galt es fu\u0308r erfolgreiche schw\u00e4bische Unternehmer als erstrebenswert, zur Weltspitze zu<\/p>\n","protected":false},"author":2,"featured_media":7367,"comment_status":"closed","ping_status":"open","sticky":false,"template":"elementor_header_footer","format":"standard","meta":{"iawp_total_views":47,"footnotes":""},"categories":[148],"tags":[325,172,175,324,171,74],"class_list":["post-7362","post","type-post","status-publish","format-standard","has-post-thumbnail","hentry","category-menschen","tag-elektromedizin","tag-gesundheit","tag-medizin","tag-medizintechnik","tag-menschen","tag-tuebingen"],"yoast_head":"<!-- This site is optimized with the Yoast SEO plugin v26.9 - https:\/\/yoast.com\/product\/yoast-seo-wordpress\/ -->\n<title>Christian O. Erbe \u2013 Ich will kein Hidden Champion mehr sein. - feine adressen<\/title>\n<meta name=\"description\" content=\"Ein Unternehmergespr\u00e4ch mit Christian O. Erbe, CEO des gleichnamigen Medizintechnikherstellers aus T\u00fcbingen und Pr\u00e4sident der IHK Reutlingen, T\u00fcbingen und Zollernalb.\" \/>\n<meta name=\"robots\" content=\"index, follow, max-snippet:-1, max-image-preview:large, max-video-preview:-1\" \/>\n<link rel=\"canonical\" href=\"https:\/\/www.feine-adressen.online\/rtz\/christian-o-erbe\/\" \/>\n<meta property=\"og:locale\" content=\"de_DE\" \/>\n<meta property=\"og:type\" content=\"article\" \/>\n<meta property=\"og:title\" content=\"Christian O. Erbe \u2013 Ich will kein Hidden Champion mehr sein. - feine adressen\" \/>\n<meta property=\"og:description\" content=\"Ein Unternehmergespr\u00e4ch mit Christian O. Erbe, CEO des gleichnamigen Medizintechnikherstellers aus T\u00fcbingen und Pr\u00e4sident der IHK Reutlingen, T\u00fcbingen und Zollernalb.\" \/>\n<meta property=\"og:url\" content=\"https:\/\/www.feine-adressen.online\/rtz\/christian-o-erbe\/\" \/>\n<meta property=\"og:site_name\" content=\"feine adressen\" \/>\n<meta property=\"article:published_time\" content=\"2024-12-17T10:20:53+00:00\" \/>\n<meta property=\"article:modified_time\" content=\"2025-02-04T10:07:46+00:00\" \/>\n<meta property=\"og:image\" content=\"https:\/\/www.feine-adressen.online\/rtz\/wp-content\/uploads\/2024\/12\/erbe-Kachel.jpg\" \/>\n\t<meta property=\"og:image:width\" content=\"1000\" \/>\n\t<meta property=\"og:image:height\" content=\"1301\" \/>\n\t<meta property=\"og:image:type\" content=\"image\/jpeg\" \/>\n<meta name=\"author\" content=\"thomas\" \/>\n<meta name=\"twitter:card\" content=\"summary_large_image\" \/>\n<meta name=\"twitter:label1\" content=\"Verfasst von\" \/>\n\t<meta name=\"twitter:data1\" content=\"thomas\" \/>\n\t<meta name=\"twitter:label2\" content=\"Gesch\u00e4tzte Lesezeit\" \/>\n\t<meta name=\"twitter:data2\" content=\"9\u00a0Minuten\" \/>\n<script type=\"application\/ld+json\" class=\"yoast-schema-graph\">{\"@context\":\"https:\/\/schema.org\",\"@graph\":[{\"@type\":\"Article\",\"@id\":\"https:\/\/www.feine-adressen.online\/rtz\/christian-o-erbe\/#article\",\"isPartOf\":{\"@id\":\"https:\/\/www.feine-adressen.online\/rtz\/christian-o-erbe\/\"},\"author\":{\"name\":\"thomas\",\"@id\":\"https:\/\/www.feine-adressen.online\/rtz\/#\/schema\/person\/9afb47a3a3385433e9879ab55bc3675c\"},\"headline\":\"Christian O. Erbe \u2013 Ich will kein Hidden Champion mehr sein.\",\"datePublished\":\"2024-12-17T10:20:53+00:00\",\"dateModified\":\"2025-02-04T10:07:46+00:00\",\"mainEntityOfPage\":{\"@id\":\"https:\/\/www.feine-adressen.online\/rtz\/christian-o-erbe\/\"},\"wordCount\":1268,\"publisher\":{\"@id\":\"https:\/\/www.feine-adressen.online\/rtz\/#organization\"},\"image\":{\"@id\":\"https:\/\/www.feine-adressen.online\/rtz\/christian-o-erbe\/#primaryimage\"},\"thumbnailUrl\":\"https:\/\/www.feine-adressen.online\/rtz\/wp-content\/uploads\/2024\/12\/erbe-Kachel.jpg\",\"keywords\":[\"Elektromedizin\",\"Gesundheit\",\"Medizin\",\"Medizintechnik\",\"Menschen\",\"T\u00fcbingen\"],\"articleSection\":[\"Menschen\"],\"inLanguage\":\"de\"},{\"@type\":\"WebPage\",\"@id\":\"https:\/\/www.feine-adressen.online\/rtz\/christian-o-erbe\/\",\"url\":\"https:\/\/www.feine-adressen.online\/rtz\/christian-o-erbe\/\",\"name\":\"Christian O. Erbe \u2013 Ich will kein Hidden Champion mehr sein. - feine adressen\",\"isPartOf\":{\"@id\":\"https:\/\/www.feine-adressen.online\/rtz\/#website\"},\"primaryImageOfPage\":{\"@id\":\"https:\/\/www.feine-adressen.online\/rtz\/christian-o-erbe\/#primaryimage\"},\"image\":{\"@id\":\"https:\/\/www.feine-adressen.online\/rtz\/christian-o-erbe\/#primaryimage\"},\"thumbnailUrl\":\"https:\/\/www.feine-adressen.online\/rtz\/wp-content\/uploads\/2024\/12\/erbe-Kachel.jpg\",\"datePublished\":\"2024-12-17T10:20:53+00:00\",\"dateModified\":\"2025-02-04T10:07:46+00:00\",\"description\":\"Ein Unternehmergespr\u00e4ch mit Christian O. Erbe, CEO des gleichnamigen Medizintechnikherstellers aus T\u00fcbingen und Pr\u00e4sident der IHK Reutlingen, T\u00fcbingen und Zollernalb.\",\"breadcrumb\":{\"@id\":\"https:\/\/www.feine-adressen.online\/rtz\/christian-o-erbe\/#breadcrumb\"},\"inLanguage\":\"de\",\"potentialAction\":[{\"@type\":\"ReadAction\",\"target\":[\"https:\/\/www.feine-adressen.online\/rtz\/christian-o-erbe\/\"]}]},{\"@type\":\"ImageObject\",\"inLanguage\":\"de\",\"@id\":\"https:\/\/www.feine-adressen.online\/rtz\/christian-o-erbe\/#primaryimage\",\"url\":\"https:\/\/www.feine-adressen.online\/rtz\/wp-content\/uploads\/2024\/12\/erbe-Kachel.jpg\",\"contentUrl\":\"https:\/\/www.feine-adressen.online\/rtz\/wp-content\/uploads\/2024\/12\/erbe-Kachel.jpg\",\"width\":1000,\"height\":1301},{\"@type\":\"BreadcrumbList\",\"@id\":\"https:\/\/www.feine-adressen.online\/rtz\/christian-o-erbe\/#breadcrumb\",\"itemListElement\":[{\"@type\":\"ListItem\",\"position\":1,\"name\":\"Startseite\",\"item\":\"https:\/\/www.feine-adressen.online\/rtz\/\"},{\"@type\":\"ListItem\",\"position\":2,\"name\":\"Christian O. Erbe \u2013 Ich will kein Hidden Champion mehr sein.\"}]},{\"@type\":\"WebSite\",\"@id\":\"https:\/\/www.feine-adressen.online\/rtz\/#website\",\"url\":\"https:\/\/www.feine-adressen.online\/rtz\/\",\"name\":\"feine adressen\",\"description\":\"Reutlingen \/ T\u00fcbingen \/ Zollernalb\",\"publisher\":{\"@id\":\"https:\/\/www.feine-adressen.online\/rtz\/#organization\"},\"potentialAction\":[{\"@type\":\"SearchAction\",\"target\":{\"@type\":\"EntryPoint\",\"urlTemplate\":\"https:\/\/www.feine-adressen.online\/rtz\/?s={search_term_string}\"},\"query-input\":{\"@type\":\"PropertyValueSpecification\",\"valueRequired\":true,\"valueName\":\"search_term_string\"}}],\"inLanguage\":\"de\"},{\"@type\":\"Organization\",\"@id\":\"https:\/\/www.feine-adressen.online\/rtz\/#organization\",\"name\":\"feine adressen\",\"url\":\"https:\/\/www.feine-adressen.online\/rtz\/\",\"logo\":{\"@type\":\"ImageObject\",\"inLanguage\":\"de\",\"@id\":\"https:\/\/www.feine-adressen.online\/rtz\/#\/schema\/logo\/image\/\",\"url\":\"https:\/\/www.feine-adressen.online\/rtz\/wp-content\/uploads\/2023\/08\/kopf_2000.png\",\"contentUrl\":\"https:\/\/www.feine-adressen.online\/rtz\/wp-content\/uploads\/2023\/08\/kopf_2000.png\",\"width\":2000,\"height\":800,\"caption\":\"feine adressen\"},\"image\":{\"@id\":\"https:\/\/www.feine-adressen.online\/rtz\/#\/schema\/logo\/image\/\"}},{\"@type\":\"Person\",\"@id\":\"https:\/\/www.feine-adressen.online\/rtz\/#\/schema\/person\/9afb47a3a3385433e9879ab55bc3675c\",\"name\":\"thomas\",\"image\":{\"@type\":\"ImageObject\",\"inLanguage\":\"de\",\"@id\":\"https:\/\/www.feine-adressen.online\/rtz\/#\/schema\/person\/image\/\",\"url\":\"https:\/\/secure.gravatar.com\/avatar\/b121218ce010fef9e9d1bbba38a84a6ab6278186dd77e78d0137afb2b3dc3eaf?s=96&d=mm&r=g\",\"contentUrl\":\"https:\/\/secure.gravatar.com\/avatar\/b121218ce010fef9e9d1bbba38a84a6ab6278186dd77e78d0137afb2b3dc3eaf?s=96&d=mm&r=g\",\"caption\":\"thomas\"},\"url\":\"https:\/\/www.feine-adressen.online\/rtz\/author\/thomas\/\"}]}<\/script>\n<!-- \/ Yoast SEO plugin. -->","yoast_head_json":{"title":"Christian O. Erbe \u2013 Ich will kein Hidden Champion mehr sein. - feine adressen","description":"Ein Unternehmergespr\u00e4ch mit Christian O. Erbe, CEO des gleichnamigen Medizintechnikherstellers aus T\u00fcbingen und Pr\u00e4sident der IHK Reutlingen, T\u00fcbingen und Zollernalb.","robots":{"index":"index","follow":"follow","max-snippet":"max-snippet:-1","max-image-preview":"max-image-preview:large","max-video-preview":"max-video-preview:-1"},"canonical":"https:\/\/www.feine-adressen.online\/rtz\/christian-o-erbe\/","og_locale":"de_DE","og_type":"article","og_title":"Christian O. Erbe \u2013 Ich will kein Hidden Champion mehr sein. - feine adressen","og_description":"Ein Unternehmergespr\u00e4ch mit Christian O. Erbe, CEO des gleichnamigen Medizintechnikherstellers aus T\u00fcbingen und Pr\u00e4sident der IHK Reutlingen, T\u00fcbingen und Zollernalb.","og_url":"https:\/\/www.feine-adressen.online\/rtz\/christian-o-erbe\/","og_site_name":"feine adressen","article_published_time":"2024-12-17T10:20:53+00:00","article_modified_time":"2025-02-04T10:07:46+00:00","og_image":[{"width":1000,"height":1301,"url":"https:\/\/www.feine-adressen.online\/rtz\/wp-content\/uploads\/2024\/12\/erbe-Kachel.jpg","type":"image\/jpeg"}],"author":"thomas","twitter_card":"summary_large_image","twitter_misc":{"Verfasst von":"thomas","Gesch\u00e4tzte Lesezeit":"9\u00a0Minuten"},"schema":{"@context":"https:\/\/schema.org","@graph":[{"@type":"Article","@id":"https:\/\/www.feine-adressen.online\/rtz\/christian-o-erbe\/#article","isPartOf":{"@id":"https:\/\/www.feine-adressen.online\/rtz\/christian-o-erbe\/"},"author":{"name":"thomas","@id":"https:\/\/www.feine-adressen.online\/rtz\/#\/schema\/person\/9afb47a3a3385433e9879ab55bc3675c"},"headline":"Christian O. Erbe \u2013 Ich will kein Hidden Champion mehr sein.","datePublished":"2024-12-17T10:20:53+00:00","dateModified":"2025-02-04T10:07:46+00:00","mainEntityOfPage":{"@id":"https:\/\/www.feine-adressen.online\/rtz\/christian-o-erbe\/"},"wordCount":1268,"publisher":{"@id":"https:\/\/www.feine-adressen.online\/rtz\/#organization"},"image":{"@id":"https:\/\/www.feine-adressen.online\/rtz\/christian-o-erbe\/#primaryimage"},"thumbnailUrl":"https:\/\/www.feine-adressen.online\/rtz\/wp-content\/uploads\/2024\/12\/erbe-Kachel.jpg","keywords":["Elektromedizin","Gesundheit","Medizin","Medizintechnik","Menschen","T\u00fcbingen"],"articleSection":["Menschen"],"inLanguage":"de"},{"@type":"WebPage","@id":"https:\/\/www.feine-adressen.online\/rtz\/christian-o-erbe\/","url":"https:\/\/www.feine-adressen.online\/rtz\/christian-o-erbe\/","name":"Christian O. Erbe \u2013 Ich will kein Hidden Champion mehr sein. - feine adressen","isPartOf":{"@id":"https:\/\/www.feine-adressen.online\/rtz\/#website"},"primaryImageOfPage":{"@id":"https:\/\/www.feine-adressen.online\/rtz\/christian-o-erbe\/#primaryimage"},"image":{"@id":"https:\/\/www.feine-adressen.online\/rtz\/christian-o-erbe\/#primaryimage"},"thumbnailUrl":"https:\/\/www.feine-adressen.online\/rtz\/wp-content\/uploads\/2024\/12\/erbe-Kachel.jpg","datePublished":"2024-12-17T10:20:53+00:00","dateModified":"2025-02-04T10:07:46+00:00","description":"Ein Unternehmergespr\u00e4ch mit Christian O. Erbe, CEO des gleichnamigen Medizintechnikherstellers aus T\u00fcbingen und Pr\u00e4sident der IHK Reutlingen, T\u00fcbingen und Zollernalb.","breadcrumb":{"@id":"https:\/\/www.feine-adressen.online\/rtz\/christian-o-erbe\/#breadcrumb"},"inLanguage":"de","potentialAction":[{"@type":"ReadAction","target":["https:\/\/www.feine-adressen.online\/rtz\/christian-o-erbe\/"]}]},{"@type":"ImageObject","inLanguage":"de","@id":"https:\/\/www.feine-adressen.online\/rtz\/christian-o-erbe\/#primaryimage","url":"https:\/\/www.feine-adressen.online\/rtz\/wp-content\/uploads\/2024\/12\/erbe-Kachel.jpg","contentUrl":"https:\/\/www.feine-adressen.online\/rtz\/wp-content\/uploads\/2024\/12\/erbe-Kachel.jpg","width":1000,"height":1301},{"@type":"BreadcrumbList","@id":"https:\/\/www.feine-adressen.online\/rtz\/christian-o-erbe\/#breadcrumb","itemListElement":[{"@type":"ListItem","position":1,"name":"Startseite","item":"https:\/\/www.feine-adressen.online\/rtz\/"},{"@type":"ListItem","position":2,"name":"Christian O. Erbe \u2013 Ich will kein Hidden Champion mehr sein."}]},{"@type":"WebSite","@id":"https:\/\/www.feine-adressen.online\/rtz\/#website","url":"https:\/\/www.feine-adressen.online\/rtz\/","name":"feine adressen","description":"Reutlingen \/ T\u00fcbingen \/ Zollernalb","publisher":{"@id":"https:\/\/www.feine-adressen.online\/rtz\/#organization"},"potentialAction":[{"@type":"SearchAction","target":{"@type":"EntryPoint","urlTemplate":"https:\/\/www.feine-adressen.online\/rtz\/?s={search_term_string}"},"query-input":{"@type":"PropertyValueSpecification","valueRequired":true,"valueName":"search_term_string"}}],"inLanguage":"de"},{"@type":"Organization","@id":"https:\/\/www.feine-adressen.online\/rtz\/#organization","name":"feine adressen","url":"https:\/\/www.feine-adressen.online\/rtz\/","logo":{"@type":"ImageObject","inLanguage":"de","@id":"https:\/\/www.feine-adressen.online\/rtz\/#\/schema\/logo\/image\/","url":"https:\/\/www.feine-adressen.online\/rtz\/wp-content\/uploads\/2023\/08\/kopf_2000.png","contentUrl":"https:\/\/www.feine-adressen.online\/rtz\/wp-content\/uploads\/2023\/08\/kopf_2000.png","width":2000,"height":800,"caption":"feine adressen"},"image":{"@id":"https:\/\/www.feine-adressen.online\/rtz\/#\/schema\/logo\/image\/"}},{"@type":"Person","@id":"https:\/\/www.feine-adressen.online\/rtz\/#\/schema\/person\/9afb47a3a3385433e9879ab55bc3675c","name":"thomas","image":{"@type":"ImageObject","inLanguage":"de","@id":"https:\/\/www.feine-adressen.online\/rtz\/#\/schema\/person\/image\/","url":"https:\/\/secure.gravatar.com\/avatar\/b121218ce010fef9e9d1bbba38a84a6ab6278186dd77e78d0137afb2b3dc3eaf?s=96&d=mm&r=g","contentUrl":"https:\/\/secure.gravatar.com\/avatar\/b121218ce010fef9e9d1bbba38a84a6ab6278186dd77e78d0137afb2b3dc3eaf?s=96&d=mm&r=g","caption":"thomas"},"url":"https:\/\/www.feine-adressen.online\/rtz\/author\/thomas\/"}]}},"_links":{"self":[{"href":"https:\/\/www.feine-adressen.online\/rtz\/wp-json\/wp\/v2\/posts\/7362","targetHints":{"allow":["GET"]}}],"collection":[{"href":"https:\/\/www.feine-adressen.online\/rtz\/wp-json\/wp\/v2\/posts"}],"about":[{"href":"https:\/\/www.feine-adressen.online\/rtz\/wp-json\/wp\/v2\/types\/post"}],"author":[{"embeddable":true,"href":"https:\/\/www.feine-adressen.online\/rtz\/wp-json\/wp\/v2\/users\/2"}],"replies":[{"embeddable":true,"href":"https:\/\/www.feine-adressen.online\/rtz\/wp-json\/wp\/v2\/comments?post=7362"}],"version-history":[{"count":21,"href":"https:\/\/www.feine-adressen.online\/rtz\/wp-json\/wp\/v2\/posts\/7362\/revisions"}],"predecessor-version":[{"id":7516,"href":"https:\/\/www.feine-adressen.online\/rtz\/wp-json\/wp\/v2\/posts\/7362\/revisions\/7516"}],"wp:featuredmedia":[{"embeddable":true,"href":"https:\/\/www.feine-adressen.online\/rtz\/wp-json\/wp\/v2\/media\/7367"}],"wp:attachment":[{"href":"https:\/\/www.feine-adressen.online\/rtz\/wp-json\/wp\/v2\/media?parent=7362"}],"wp:term":[{"taxonomy":"category","embeddable":true,"href":"https:\/\/www.feine-adressen.online\/rtz\/wp-json\/wp\/v2\/categories?post=7362"},{"taxonomy":"post_tag","embeddable":true,"href":"https:\/\/www.feine-adressen.online\/rtz\/wp-json\/wp\/v2\/tags?post=7362"}],"curies":[{"name":"wp","href":"https:\/\/api.w.org\/{rel}","templated":true}]}}