{"id":7385,"date":"2024-12-17T12:23:58","date_gmt":"2024-12-17T11:23:58","guid":{"rendered":"https:\/\/www.feine-adressen.online\/rtz\/?p=7385"},"modified":"2025-02-04T11:05:43","modified_gmt":"2025-02-04T10:05:43","slug":"johannes-schwoerer","status":"publish","type":"post","link":"https:\/\/www.feine-adressen.online\/rtz\/johannes-schwoerer\/","title":{"rendered":"Von Unternehmer zu Unternehmer \u2013 Johannes Schw\u00f6rer"},"content":{"rendered":"\t\t<div data-elementor-type=\"wp-post\" data-elementor-id=\"7385\" class=\"elementor elementor-7385\" data-elementor-post-type=\"post\">\n\t\t\t\t\t\t<section class=\"elementor-section elementor-top-section elementor-element elementor-element-77b6aa4a elementor-section-boxed elementor-section-height-default elementor-section-height-default\" data-id=\"77b6aa4a\" data-element_type=\"section\" data-e-type=\"section\">\n\t\t\t\t\t\t<div class=\"elementor-container elementor-column-gap-default\">\n\t\t\t\t\t<div class=\"elementor-column elementor-col-100 elementor-top-column elementor-element elementor-element-8a4afd4\" data-id=\"8a4afd4\" data-element_type=\"column\" data-e-type=\"column\">\n\t\t\t<div class=\"elementor-widget-wrap elementor-element-populated\">\n\t\t\t\t\t\t<div class=\"elementor-element elementor-element-7223b90d elementor-widget elementor-widget-html\" data-id=\"7223b90d\" data-element_type=\"widget\" data-e-type=\"widget\" data-widget_type=\"html.default\">\n\t\t\t\t<div class=\"elementor-widget-container\">\n\t\t\t\t\t<script>\ndocument.addEventListener('DOMContentLoaded', function () {\n    let backButtons = document.querySelectorAll('.back-history');\n    backButtons.forEach(function (backButton) {\n        backButton.addEventListener('click', function (e) {\n            e.preventDefault();\n            history.back();\n        });\n    });\n});\n<\/script>\n\t\t\t\t<\/div>\n\t\t\t\t<\/div>\n\t\t\t\t<div class=\"elementor-element elementor-element-48e6d96b elementor-align-center back-history elementor-widget elementor-widget-button\" data-id=\"48e6d96b\" data-element_type=\"widget\" data-e-type=\"widget\" data-widget_type=\"button.default\">\n\t\t\t\t<div class=\"elementor-widget-container\">\n\t\t\t\t\t\t\t\t\t<div class=\"elementor-button-wrapper\">\n\t\t\t\t\t<a class=\"elementor-button elementor-button-link elementor-size-sm\" href=\"#\">\n\t\t\t\t\t\t<span class=\"elementor-button-content-wrapper\">\n\t\t\t\t\t\t<span class=\"elementor-button-icon\">\n\t\t\t\t<i aria-hidden=\"true\" class=\"fas fa-long-arrow-alt-left\"><\/i>\t\t\t<\/span>\n\t\t\t\t\t\t\t\t\t<span class=\"elementor-button-text\">Zur\u00fcck zur Auswahl<\/span>\n\t\t\t\t\t<\/span>\n\t\t\t\t\t<\/a>\n\t\t\t\t<\/div>\n\t\t\t\t\t\t\t\t<\/div>\n\t\t\t\t<\/div>\n\t\t\t\t\t<\/div>\n\t\t<\/div>\n\t\t\t\t\t<\/div>\n\t\t<\/section>\n\t\t<div class=\"elementor-element elementor-element-8014b27 e-flex e-con-boxed e-con e-parent\" data-id=\"8014b27\" data-element_type=\"container\" data-e-type=\"container\">\n\t\t\t\t\t<div class=\"e-con-inner\">\n\t\t\t\t<div class=\"elementor-element elementor-element-4f47474 elementor-widget elementor-widget-image\" data-id=\"4f47474\" data-element_type=\"widget\" data-e-type=\"widget\" data-widget_type=\"image.default\">\n\t\t\t\t<div class=\"elementor-widget-container\">\n\t\t\t\t\t\t\t\t\t\t\t\t\t\t\t<img fetchpriority=\"high\" decoding=\"async\" width=\"2207\" height=\"1469\" src=\"https:\/\/www.feine-adressen.online\/rtz\/wp-content\/uploads\/2024\/12\/L1001314.jpg\" class=\"attachment-full size-full wp-image-7389\" alt=\"\" srcset=\"https:\/\/www.feine-adressen.online\/rtz\/wp-content\/uploads\/2024\/12\/L1001314.jpg 2207w, https:\/\/www.feine-adressen.online\/rtz\/wp-content\/uploads\/2024\/12\/L1001314-300x200.jpg 300w, https:\/\/www.feine-adressen.online\/rtz\/wp-content\/uploads\/2024\/12\/L1001314-1024x682.jpg 1024w, https:\/\/www.feine-adressen.online\/rtz\/wp-content\/uploads\/2024\/12\/L1001314-768x511.jpg 768w, https:\/\/www.feine-adressen.online\/rtz\/wp-content\/uploads\/2024\/12\/L1001314-1536x1022.jpg 1536w, https:\/\/www.feine-adressen.online\/rtz\/wp-content\/uploads\/2024\/12\/L1001314-2048x1363.jpg 2048w\" sizes=\"(max-width: 2207px) 100vw, 2207px\" \/>\t\t\t\t\t\t\t\t\t\t\t\t\t\t\t<\/div>\n\t\t\t\t<\/div>\n\t\t\t\t\t<\/div>\n\t\t\t\t<\/div>\n\t\t\t\t<section class=\"elementor-section elementor-top-section elementor-element elementor-element-bb7f136 elementor-section-boxed elementor-section-height-default elementor-section-height-default\" data-id=\"bb7f136\" data-element_type=\"section\" data-e-type=\"section\">\n\t\t\t\t\t\t<div class=\"elementor-container elementor-column-gap-default\">\n\t\t\t\t\t<div class=\"elementor-column elementor-col-50 elementor-top-column elementor-element elementor-element-34f7d6b5\" data-id=\"34f7d6b5\" data-element_type=\"column\" data-e-type=\"column\">\n\t\t\t<div class=\"elementor-widget-wrap elementor-element-populated\">\n\t\t\t\t\t\t<div class=\"elementor-element elementor-element-2969f635 elementor-widget elementor-widget-text-editor\" data-id=\"2969f635\" data-element_type=\"widget\" data-e-type=\"widget\" data-widget_type=\"text-editor.default\">\n\t\t\t\t<div class=\"elementor-widget-container\">\n\t\t\t\t\t\t\t\t\t<h2>Johannes Schw\u00f6rer<\/h2>\t\t\t\t\t\t\t\t<\/div>\n\t\t\t\t<\/div>\n\t\t\t\t<div class=\"elementor-element elementor-element-54216c20 elementor-widget elementor-widget-heading\" data-id=\"54216c20\" data-element_type=\"widget\" data-e-type=\"widget\" data-widget_type=\"heading.default\">\n\t\t\t\t<div class=\"elementor-widget-container\">\n\t\t\t\t\t<h1 class=\"elementor-heading-title elementor-size-default\">Von Unternehmer zu Unternehmer \u2013\nJohannes Schw\u00f6rer<\/h1>\t\t\t\t<\/div>\n\t\t\t\t<\/div>\n\t\t\t\t\t<\/div>\n\t\t<\/div>\n\t\t\t\t<div class=\"elementor-column elementor-col-50 elementor-top-column elementor-element elementor-element-6b91523c\" data-id=\"6b91523c\" data-element_type=\"column\" data-e-type=\"column\">\n\t\t\t<div class=\"elementor-widget-wrap elementor-element-populated\">\n\t\t\t\t\t\t<div class=\"elementor-element elementor-element-7d7f4ab7 elementor-align-left elementor-widget elementor-widget-post-info\" data-id=\"7d7f4ab7\" data-element_type=\"widget\" data-e-type=\"widget\" data-widget_type=\"post-info.default\">\n\t\t\t\t<div class=\"elementor-widget-container\">\n\t\t\t\t\t\t\t<ul class=\"elementor-inline-items elementor-icon-list-items elementor-post-info\">\n\t\t\t\t\t\t\t\t<li class=\"elementor-icon-list-item elementor-repeater-item-7fe14cd elementor-inline-item\" itemprop=\"about\">\n\t\t\t\t\t\t\t\t\t\t\t\t\t<span class=\"elementor-icon-list-text elementor-post-info__item elementor-post-info__item--type-terms\">\n\t\t\t\t\t\t\t\t\t\t<span class=\"elementor-post-info__terms-list\">\n\t\t\t\t<a href=\"https:\/\/www.feine-adressen.online\/rtz\/tag\/eigenheim\/\" class=\"elementor-post-info__terms-list-item\">Eigenheim<\/a>, <a href=\"https:\/\/www.feine-adressen.online\/rtz\/tag\/flying-space\/\" class=\"elementor-post-info__terms-list-item\">Flying Space<\/a>, <a href=\"https:\/\/www.feine-adressen.online\/rtz\/tag\/hohenstein\/\" class=\"elementor-post-info__terms-list-item\">Hohenstein<\/a>, <a href=\"https:\/\/www.feine-adressen.online\/rtz\/tag\/menschen\/\" class=\"elementor-post-info__terms-list-item\">Menschen<\/a>\t\t\t\t<\/span>\n\t\t\t\t\t<\/span>\n\t\t\t\t\t\t\t\t<\/li>\n\t\t\t\t<\/ul>\n\t\t\t\t\t\t<\/div>\n\t\t\t\t<\/div>\n\t\t\t\t\t<\/div>\n\t\t<\/div>\n\t\t\t\t\t<\/div>\n\t\t<\/section>\n\t\t\t\t<section class=\"elementor-section elementor-top-section elementor-element elementor-element-d6da67e elementor-section-boxed elementor-section-height-default elementor-section-height-default\" data-id=\"d6da67e\" data-element_type=\"section\" data-e-type=\"section\">\n\t\t\t\t\t\t<div class=\"elementor-container elementor-column-gap-default\">\n\t\t\t\t\t<div class=\"elementor-column elementor-col-50 elementor-top-column elementor-element elementor-element-e13e745\" data-id=\"e13e745\" data-element_type=\"column\" data-e-type=\"column\">\n\t\t\t<div class=\"elementor-widget-wrap elementor-element-populated\">\n\t\t\t\t\t\t<section class=\"elementor-section elementor-inner-section elementor-element elementor-element-a648895 elementor-section-boxed elementor-section-height-default elementor-section-height-default\" data-id=\"a648895\" data-element_type=\"section\" data-e-type=\"section\">\n\t\t\t\t\t\t<div class=\"elementor-container elementor-column-gap-default\">\n\t\t\t\t\t\t<\/div>\n\t\t<\/section>\n\t\t\t\t<div class=\"elementor-element elementor-element-c3f002f elementor-widget elementor-widget-text-editor\" data-id=\"c3f002f\" data-element_type=\"widget\" data-e-type=\"widget\" data-widget_type=\"text-editor.default\">\n\t\t\t\t<div class=\"elementor-widget-container\">\n\t\t\t\t\t\t\t\t\tKaum ein Name verk\u00f6rpert den Traum vom Eigenheim, wie der von \u00bbSchw\u00f6rerHaus\u00ab. \u00dcber 45.000 H\u00e4user hat das Unternehmen aus Hohenstein seit 1966 gebaut. In den besten Jahren mehr als 1.000. Zuletzt gerade noch 600. Dass das Unternehmen trotzdem gesund dasteht, verdankt es auch dem klaren Blick von Johannes Schw\u00f6rer. \t\t\t\t\t\t\t\t<\/div>\n\t\t\t\t<\/div>\n\t\t\t\t<div class=\"elementor-element elementor-element-39ee667 elementor-widget elementor-widget-image\" data-id=\"39ee667\" data-element_type=\"widget\" data-e-type=\"widget\" data-widget_type=\"image.default\">\n\t\t\t\t<div class=\"elementor-widget-container\">\n\t\t\t\t\t\t\t\t\t\t\t\t<figure class=\"wp-caption\">\n\t\t\t\t\t\t\t\t\t\t<img decoding=\"async\" width=\"1002\" height=\"1505\" src=\"https:\/\/www.feine-adressen.online\/rtz\/wp-content\/uploads\/2024\/12\/L1001154.jpg\" class=\"attachment-full size-full wp-image-7390\" alt=\"\" srcset=\"https:\/\/www.feine-adressen.online\/rtz\/wp-content\/uploads\/2024\/12\/L1001154.jpg 1002w, https:\/\/www.feine-adressen.online\/rtz\/wp-content\/uploads\/2024\/12\/L1001154-200x300.jpg 200w, https:\/\/www.feine-adressen.online\/rtz\/wp-content\/uploads\/2024\/12\/L1001154-682x1024.jpg 682w, https:\/\/www.feine-adressen.online\/rtz\/wp-content\/uploads\/2024\/12\/L1001154-768x1154.jpg 768w\" sizes=\"(max-width: 1002px) 100vw, 1002px\" \/>\t\t\t\t\t\t\t\t\t\t\t<figcaption class=\"widget-image-caption wp-caption-text\">Johannes Schw\u00f6rer beim \u00bbfeine adressen\u00ab Unternehmer-Gespr\u00e4ch.<\/figcaption>\n\t\t\t\t\t\t\t\t\t\t<\/figure>\n\t\t\t\t\t\t\t\t\t<\/div>\n\t\t\t\t<\/div>\n\t\t\t\t<section class=\"elementor-section elementor-inner-section elementor-element elementor-element-24e395a elementor-section-boxed elementor-section-height-default elementor-section-height-default\" data-id=\"24e395a\" data-element_type=\"section\" data-e-type=\"section\">\n\t\t\t\t\t\t<div class=\"elementor-container elementor-column-gap-default\">\n\t\t\t\t\t\t<\/div>\n\t\t<\/section>\n\t\t\t\t<section class=\"elementor-section elementor-inner-section elementor-element elementor-element-06d300b elementor-section-boxed elementor-section-height-default elementor-section-height-default\" data-id=\"06d300b\" data-element_type=\"section\" data-e-type=\"section\">\n\t\t\t\t\t\t<div class=\"elementor-container elementor-column-gap-default\">\n\t\t\t\t\t\t<\/div>\n\t\t<\/section>\n\t\t\t\t<section class=\"elementor-section elementor-inner-section elementor-element elementor-element-e0ddf86 elementor-section-boxed elementor-section-height-default elementor-section-height-default\" data-id=\"e0ddf86\" data-element_type=\"section\" data-e-type=\"section\">\n\t\t\t\t\t\t<div class=\"elementor-container elementor-column-gap-default\">\n\t\t\t\t\t\t<\/div>\n\t\t<\/section>\n\t\t\t\t\t<\/div>\n\t\t<\/div>\n\t\t\t\t<div class=\"elementor-column elementor-col-50 elementor-top-column elementor-element elementor-element-d326519 elementor-hidden-tablet elementor-hidden-mobile\" data-id=\"d326519\" data-element_type=\"column\" data-e-type=\"column\" data-settings=\"{&quot;background_background&quot;:&quot;classic&quot;}\">\n\t\t\t<div class=\"elementor-widget-wrap elementor-element-populated\">\n\t\t\t\t\t\t<div class=\"elementor-element elementor-element-75aef70 elementor-widget__width-initial elementor-widget elementor-widget-text-editor\" data-id=\"75aef70\" data-element_type=\"widget\" data-e-type=\"widget\" data-widget_type=\"text-editor.default\">\n\t\t\t\t<div class=\"elementor-widget-container\">\n\t\t\t\t\t\t\t\t\t<p><strong>Schw\u00f6rerHaus KG<\/strong><\/p><p>Hans Schw\u00f6rer Strasse 8<br \/>72531 Hohenstein\/Oberstetten<br \/>Deutschland<\/p><p>Telefon<br \/>Zentrale: +49 73 87 16-0<br \/>Vertrieb: +49 73 87 16-111<br \/>Telefax: +49 73 87 16-500-100<\/p><p><a href=\"mailto:info@schwoerer.de\">info@schwoerer.de<\/a><br \/><a href=\"https:\/\/www.schwoererhaus.de\" target=\"_blank\" rel=\"noopener\">www.schwoererhaus.de<\/a><\/p>\t\t\t\t\t\t\t\t<\/div>\n\t\t\t\t<\/div>\n\t\t\t\t<div class=\"elementor-element elementor-element-fb9747c elementor-widget elementor-widget-image\" data-id=\"fb9747c\" data-element_type=\"widget\" data-e-type=\"widget\" data-widget_type=\"image.default\">\n\t\t\t\t<div class=\"elementor-widget-container\">\n\t\t\t\t\t\t\t\t\t\t\t\t\t\t\t<img decoding=\"async\" width=\"800\" height=\"272\" src=\"https:\/\/www.feine-adressen.online\/rtz\/wp-content\/uploads\/2024\/12\/schwoerer-haus-logo-sw.png\" class=\"attachment-large size-large wp-image-7399\" alt=\"\" srcset=\"https:\/\/www.feine-adressen.online\/rtz\/wp-content\/uploads\/2024\/12\/schwoerer-haus-logo-sw.png 1000w, https:\/\/www.feine-adressen.online\/rtz\/wp-content\/uploads\/2024\/12\/schwoerer-haus-logo-sw-300x102.png 300w, https:\/\/www.feine-adressen.online\/rtz\/wp-content\/uploads\/2024\/12\/schwoerer-haus-logo-sw-768x261.png 768w\" sizes=\"(max-width: 800px) 100vw, 800px\" \/>\t\t\t\t\t\t\t\t\t\t\t\t\t\t\t<\/div>\n\t\t\t\t<\/div>\n\t\t\t\t<div class=\"elementor-element elementor-element-5210fb0 elementor-widget elementor-widget-google_maps\" data-id=\"5210fb0\" data-element_type=\"widget\" data-e-type=\"widget\" data-widget_type=\"google_maps.default\">\n\t\t\t\t<div class=\"elementor-widget-container\">\n\t\t\t\t\t\t\t<div class=\"elementor-custom-embed\">\n\t\t\t<iframe loading=\"lazy\"\n\t\t\t\t\tsrc=\"https:\/\/maps.google.com\/maps?q=sch%C3%B6rer%20Haus%20Eschenweg%202%2C%2072531%20Hohenstein&#038;t=m&#038;z=17&#038;output=embed&#038;iwloc=near\"\n\t\t\t\t\ttitle=\"sch\u00f6rer Haus Eschenweg 2, 72531 Hohenstein\"\n\t\t\t\t\taria-label=\"sch\u00f6rer Haus Eschenweg 2, 72531 Hohenstein\"\n\t\t\t><\/iframe>\n\t\t<\/div>\n\t\t\t\t\t\t<\/div>\n\t\t\t\t<\/div>\n\t\t\t\t<div class=\"elementor-element elementor-element-0cf81ec elementor-align-left elementor-widget elementor-widget-button\" data-id=\"0cf81ec\" data-element_type=\"widget\" data-e-type=\"widget\" data-widget_type=\"button.default\">\n\t\t\t\t<div class=\"elementor-widget-container\">\n\t\t\t\t\t\t\t\t\t<div class=\"elementor-button-wrapper\">\n\t\t\t\t\t<a class=\"elementor-button elementor-button-link elementor-size-sm\" href=\"https:\/\/www.google.de\/maps\/dir\/\/Schw\u00f6rerHaus+KG,+Musterh\u00e4user+Hohenstein-Oberstetten,+Eschenweg+2,+72531+Hohenstein\/@48.3270483,9.3291089,17z\/data=!4m8!4m7!1m0!1m5!1m1!1s0x479a20b0f75fe875:0x47fb048f1cc868a2!2m2!1d9.3317867!2d48.3279614?entry=ttu&#038;g_ep=EgoyMDI0MTIxMS4wIKXMDSoASAFQAw%3D%3D\" target=\"_blank\">\n\t\t\t\t\t\t<span class=\"elementor-button-content-wrapper\">\n\t\t\t\t\t\t<span class=\"elementor-button-icon\">\n\t\t\t\t<i aria-hidden=\"true\" class=\"fas fa-map-marker-alt\"><\/i>\t\t\t<\/span>\n\t\t\t\t\t\t\t\t\t<span class=\"elementor-button-text\">Routenplaner<\/span>\n\t\t\t\t\t<\/span>\n\t\t\t\t\t<\/a>\n\t\t\t\t<\/div>\n\t\t\t\t\t\t\t\t<\/div>\n\t\t\t\t<\/div>\n\t\t\t\t\t<\/div>\n\t\t<\/div>\n\t\t\t\t\t<\/div>\n\t\t<\/section>\n\t\t\t\t<section class=\"elementor-section elementor-top-section elementor-element elementor-element-84b18ba elementor-section-boxed elementor-section-height-default elementor-section-height-default\" data-id=\"84b18ba\" data-element_type=\"section\" data-e-type=\"section\">\n\t\t\t\t\t\t<div class=\"elementor-container elementor-column-gap-default\">\n\t\t\t\t\t<div class=\"elementor-column elementor-col-50 elementor-top-column elementor-element elementor-element-b550358\" data-id=\"b550358\" data-element_type=\"column\" data-e-type=\"column\">\n\t\t\t<div class=\"elementor-widget-wrap elementor-element-populated\">\n\t\t\t\t\t\t<div class=\"elementor-element elementor-element-133248f elementor-widget elementor-widget-text-editor\" data-id=\"133248f\" data-element_type=\"widget\" data-e-type=\"widget\" data-widget_type=\"text-editor.default\">\n\t\t\t\t<div class=\"elementor-widget-container\">\n\t\t\t\t\t\t\t\t\t<h3>Herr Schw\u00f6rer, ist die deutsche Baubranche vom Sunnyboy der Wirtschaft zum Sanierungsfall geworden?<\/h3>\t\t\t\t\t\t\t\t<\/div>\n\t\t\t\t<\/div>\n\t\t\t\t<div class=\"elementor-element elementor-element-d3f2537 elementor-widget elementor-widget-text-editor\" data-id=\"d3f2537\" data-element_type=\"widget\" data-e-type=\"widget\" data-widget_type=\"text-editor.default\">\n\t\t\t\t<div class=\"elementor-widget-container\">\n\t\t\t\t\t\t\t\t\t<p>Die Schwerpunkte im Bau verschieben sich. Wir sind bisher als Unter\u00adnehmen traditionell im Bereich des Baus von Ein- und Zweifamilien\u00adh\u00e4usern aktiv. Man muss aber klar feststellen, dass der Neubau von Einfamilienh\u00e4usern politisch nicht mehr gewollt wird, so wie es noch bis in die 90er Jahre hinein der Fall gewesen ist. Seit Beginn der 2000er \u2013 und nun bei der jetzigen Regierung noch weiter verst\u00e4rkt \u2013 gibt es politisch das Ziel, die Baufl\u00e4chen in Deutschland zu reduzieren. Hier sind insbesondere neue Baugebiete im Focus. Wenn nun dauerhaft keine Baugebiete ausgewiesen werden, brauche ich als Unternehmer nicht viel Fantasie, um zu erkennen, dass dann auch keine neuen H\u00e4user mehr gebaut werden k\u00f6nnen. In den 1990er-Jahren wurden pro Jahr noch ca 200.000 Einfamilienh\u00e4user genehmigt und gebaut. Im letzten Jahr wurden noch 54.781 Genehmigungen erteilt und ich sch\u00e4tze, dass wir letztendlich bei 40.000 Genehmigungen pro Jahr landen werden.<\/p>\t\t\t\t\t\t\t\t<\/div>\n\t\t\t\t<\/div>\n\t\t\t\t<div class=\"elementor-element elementor-element-96e001e elementor-widget elementor-widget-image\" data-id=\"96e001e\" data-element_type=\"widget\" data-e-type=\"widget\" data-widget_type=\"image.default\">\n\t\t\t\t<div class=\"elementor-widget-container\">\n\t\t\t\t\t\t\t\t\t\t\t\t<figure class=\"wp-caption\">\n\t\t\t\t\t\t\t\t\t\t<img loading=\"lazy\" decoding=\"async\" width=\"800\" height=\"532\" src=\"https:\/\/www.feine-adressen.online\/rtz\/wp-content\/uploads\/2024\/12\/L1001269-1024x681.jpg\" class=\"attachment-large size-large wp-image-7391\" alt=\"\" srcset=\"https:\/\/www.feine-adressen.online\/rtz\/wp-content\/uploads\/2024\/12\/L1001269-1024x681.jpg 1024w, https:\/\/www.feine-adressen.online\/rtz\/wp-content\/uploads\/2024\/12\/L1001269-300x200.jpg 300w, https:\/\/www.feine-adressen.online\/rtz\/wp-content\/uploads\/2024\/12\/L1001269-768x511.jpg 768w, https:\/\/www.feine-adressen.online\/rtz\/wp-content\/uploads\/2024\/12\/L1001269-1536x1022.jpg 1536w, https:\/\/www.feine-adressen.online\/rtz\/wp-content\/uploads\/2024\/12\/L1001269.jpg 1985w\" sizes=\"(max-width: 800px) 100vw, 800px\" \/>\t\t\t\t\t\t\t\t\t\t\t<figcaption class=\"widget-image-caption wp-caption-text\">Dem Fachkr\u00e4ftemangel begegnet man bei Schw\u00f6rerHaus auch  mit der aktiven Mitarbeitersuche im Ausland. Mit Erfolg!<\/figcaption>\n\t\t\t\t\t\t\t\t\t\t<\/figure>\n\t\t\t\t\t\t\t\t\t<\/div>\n\t\t\t\t<\/div>\n\t\t\t\t<div class=\"elementor-element elementor-element-d17ee30 elementor-widget elementor-widget-text-editor\" data-id=\"d17ee30\" data-element_type=\"widget\" data-e-type=\"widget\" data-widget_type=\"text-editor.default\">\n\t\t\t\t<div class=\"elementor-widget-container\">\n\t\t\t\t\t\t\t\t\t<h3>Wie reagieren Sie darauf?<\/h3>\t\t\t\t\t\t\t\t<\/div>\n\t\t\t\t<\/div>\n\t\t\t\t<div class=\"elementor-element elementor-element-8d0e794 elementor-widget elementor-widget-text-editor\" data-id=\"8d0e794\" data-element_type=\"widget\" data-e-type=\"widget\" data-widget_type=\"text-editor.default\">\n\t\t\t\t<div class=\"elementor-widget-container\">\n\t\t\t\t\t\t\t\t\tWir haben schon fr\u00fchzeitig unser Konzept in die Mehr-geschossigkeit gezogen und k\u00f6nnen heute auch mehrgeschossige H\u00e4user und gr\u00f6\u00dfere Objekte mit unserem System problemlos bauen. \t\t\t\t\t\t\t\t<\/div>\n\t\t\t\t<\/div>\n\t\t\t\t<div class=\"elementor-element elementor-element-8ff93c0 elementor-widget elementor-widget-text-editor\" data-id=\"8ff93c0\" data-element_type=\"widget\" data-e-type=\"widget\" data-widget_type=\"text-editor.default\">\n\t\t\t\t<div class=\"elementor-widget-container\">\n\t\t\t\t\t\t\t\t\t<h3>Welche L\u00f6sungen haben Sie f\u00fcr die Erweiterung<br \/>von bestehenden Bauten und die Verdichtung<br \/>von Wohnraum?<\/h3>\t\t\t\t\t\t\t\t<\/div>\n\t\t\t\t<\/div>\n\t\t\t\t<div class=\"elementor-element elementor-element-968d935 elementor-widget elementor-widget-text-editor\" data-id=\"968d935\" data-element_type=\"widget\" data-e-type=\"widget\" data-widget_type=\"text-editor.default\">\n\t\t\t\t<div class=\"elementor-widget-container\">\n\t\t\t\t\t\t\t\t\tWenn wir sehen, dass Bauland immer knapper ist, dann macht es nat\u00fcrlich keinen Sinn, weiter dar\u00fcber nachzudenken, wie wir m\u00f6glichst viele Einheiten auf der Fl\u00e4che verteilen. Dann braucht es Ideen, wie wir auch in die H\u00f6he bauen k\u00f6nnen. In st\u00e4dtischen Bereichen ist die Aufstockung bestehender Geb\u00e4ude die beste Variante. Wenn Sie zum Beispiel durch Paris laufen, dann sehen sie ganz viele attraktive Dachgeschosse mit tollen Dachg\u00e4rten. Wo viele Leute sagen, da w\u00fcrde ich auch gerne wohnen! Das kommt dem traditionellen Wunsch nach einem individuellen Eigenheim schon sehr nahe. Daf\u00fcr haben wir unser System \u00bbFlying Spaces\u00ab entwickelt.\t\t\t\t\t\t\t\t<\/div>\n\t\t\t\t<\/div>\n\t\t\t\t\t<\/div>\n\t\t<\/div>\n\t\t\t\t<div class=\"elementor-column elementor-col-50 elementor-top-column elementor-element elementor-element-9518162\" data-id=\"9518162\" data-element_type=\"column\" data-e-type=\"column\">\n\t\t\t<div class=\"elementor-widget-wrap elementor-element-populated\">\n\t\t\t\t\t\t<div class=\"elementor-element elementor-element-d3714e5 elementor-widget elementor-widget-text-editor\" data-id=\"d3714e5\" data-element_type=\"widget\" data-e-type=\"widget\" data-settings=\"{&quot;motion_fx_motion_fx_scrolling&quot;:&quot;yes&quot;,&quot;motion_fx_translateY_effect&quot;:&quot;yes&quot;,&quot;motion_fx_devices&quot;:[&quot;desktop&quot;],&quot;motion_fx_translateY_speed&quot;:{&quot;unit&quot;:&quot;px&quot;,&quot;size&quot;:4,&quot;sizes&quot;:[]},&quot;motion_fx_translateY_affectedRange&quot;:{&quot;unit&quot;:&quot;%&quot;,&quot;size&quot;:&quot;&quot;,&quot;sizes&quot;:{&quot;start&quot;:0,&quot;end&quot;:100}}}\" data-widget_type=\"text-editor.default\">\n\t\t\t\t<div class=\"elementor-widget-container\">\n\t\t\t\t\t\t\t\t\t<p>\u00bbDeutschland hat \nkein Erkenntnis-, \nsondern ein \nUmsetzungs&shy;problem.\u00ab<\/p>\t\t\t\t\t\t\t\t<\/div>\n\t\t\t\t<\/div>\n\t\t\t\t\t<\/div>\n\t\t<\/div>\n\t\t\t\t\t<\/div>\n\t\t<\/section>\n\t\t\t\t<section class=\"elementor-section elementor-top-section elementor-element elementor-element-ecc323f elementor-section-boxed elementor-section-height-default elementor-section-height-default\" data-id=\"ecc323f\" data-element_type=\"section\" data-e-type=\"section\">\n\t\t\t\t\t\t<div class=\"elementor-container elementor-column-gap-default\">\n\t\t\t\t\t<div class=\"elementor-column elementor-col-50 elementor-top-column elementor-element elementor-element-8fdf62f\" data-id=\"8fdf62f\" data-element_type=\"column\" data-e-type=\"column\">\n\t\t\t<div class=\"elementor-widget-wrap elementor-element-populated\">\n\t\t\t\t\t\t<div class=\"elementor-element elementor-element-50607a5 elementor-widget elementor-widget-image\" data-id=\"50607a5\" data-element_type=\"widget\" data-e-type=\"widget\" data-widget_type=\"image.default\">\n\t\t\t\t<div class=\"elementor-widget-container\">\n\t\t\t\t\t\t\t\t\t\t\t\t<figure class=\"wp-caption\">\n\t\t\t\t\t\t\t\t\t\t<img loading=\"lazy\" decoding=\"async\" width=\"800\" height=\"641\" src=\"https:\/\/www.feine-adressen.online\/rtz\/wp-content\/uploads\/2024\/12\/L1001190-1024x821.jpg\" class=\"attachment-large size-large wp-image-7398\" alt=\"\" srcset=\"https:\/\/www.feine-adressen.online\/rtz\/wp-content\/uploads\/2024\/12\/L1001190-1024x821.jpg 1024w, https:\/\/www.feine-adressen.online\/rtz\/wp-content\/uploads\/2024\/12\/L1001190-300x241.jpg 300w, https:\/\/www.feine-adressen.online\/rtz\/wp-content\/uploads\/2024\/12\/L1001190-768x616.jpg 768w, https:\/\/www.feine-adressen.online\/rtz\/wp-content\/uploads\/2024\/12\/L1001190.jpg 1173w\" sizes=\"(max-width: 800px) 100vw, 800px\" \/>\t\t\t\t\t\t\t\t\t\t\t<figcaption class=\"widget-image-caption wp-caption-text\">\u00bbFlying Spaces\u00ab nennt sich die Antwort von Johannes Schw\u00f6rer auf immer weniger Bauland. Daf\u00fcr wurde  2019 eine neue Produktionshalle gebaut, die 2023 erweitert wurde. <\/figcaption>\n\t\t\t\t\t\t\t\t\t\t<\/figure>\n\t\t\t\t\t\t\t\t\t<\/div>\n\t\t\t\t<\/div>\n\t\t\t\t<div class=\"elementor-element elementor-element-f0a3458 elementor-widget elementor-widget-text-editor\" data-id=\"f0a3458\" data-element_type=\"widget\" data-e-type=\"widget\" data-widget_type=\"text-editor.default\">\n\t\t\t\t<div class=\"elementor-widget-container\">\n\t\t\t\t\t\t\t\t\tSie setzen also weiter ganz stark auf die \nW\u00fcnsche der Menschen?\t\t\t\t\t\t\t\t<\/div>\n\t\t\t\t<\/div>\n\t\t\t\t<div class=\"elementor-element elementor-element-7ba9bc3 elementor-widget elementor-widget-text-editor\" data-id=\"7ba9bc3\" data-element_type=\"widget\" data-e-type=\"widget\" data-widget_type=\"text-editor.default\">\n\t\t\t\t<div class=\"elementor-widget-container\">\n\t\t\t\t\t\t\t\t\tNat\u00fcrlich k\u00f6nnen Sie versuchen, Probleme mit Hilfe von Zwang oder Verboten zu l\u00f6sen. Aber viel spannender ist es doch, die eigenen Angebote so attraktiv zu machen, dass die Leute sagen: Die Alternative ist ja viel besser als das, was ich bisher hatte \u2013 genau das will ich haben!\t\t\t\t\t\t\t\t<\/div>\n\t\t\t\t<\/div>\n\t\t\t\t<div class=\"elementor-element elementor-element-bc7112b elementor-widget elementor-widget-text-editor\" data-id=\"bc7112b\" data-element_type=\"widget\" data-e-type=\"widget\" data-widget_type=\"text-editor.default\">\n\t\t\t\t<div class=\"elementor-widget-container\">\n\t\t\t\t\t\t\t\t\t<h3>Welche Rolle spielt die Politik bei<br \/>diesem Umdenken?<\/h3>\t\t\t\t\t\t\t\t<\/div>\n\t\t\t\t<\/div>\n\t\t\t\t<div class=\"elementor-element elementor-element-a6a02e0 elementor-widget elementor-widget-text-editor\" data-id=\"a6a02e0\" data-element_type=\"widget\" data-e-type=\"widget\" data-widget_type=\"text-editor.default\">\n\t\t\t\t<div class=\"elementor-widget-container\">\n\t\t\t\t\t\t\t\t\tUnser Problem in Deutschland besteht ja nicht in einem Mangel an Erkenntnis. Die L\u00f6sungen, wie wir bezahlbaren Wohnraum schaffen k\u00f6nnen, sind bekannt. Daf\u00fcr brauchen wir nichts Neues zu erfinden, sondern nur wieder das tun, was wir in den 70 er und 80 er Jahren (bei den erfolgreichen Wohnbauprogrammen) getan haben. Das Problem ist, dass die Politik das wei\u00df, dieses Wissen aber trotzdem nicht nutzt. Die deutsche Politik leidet nicht an mangelndem Wissen, sondern an der Unf\u00e4higkeit, das gute Wissen in die Tat umzusetzen. \t\t\t\t\t\t\t\t<\/div>\n\t\t\t\t<\/div>\n\t\t\t\t<div class=\"elementor-element elementor-element-90d77fd elementor-widget elementor-widget-text-editor\" data-id=\"90d77fd\" data-element_type=\"widget\" data-e-type=\"widget\" data-widget_type=\"text-editor.default\">\n\t\t\t\t<div class=\"elementor-widget-container\">\n\t\t\t\t\t\t\t\t\t<h3>Sehen Sie diese politischen Mechanismen<br \/>auch im Zusammenhang mit dem Problem<br \/>des Fachkr\u00e4ftemangels?<\/h3>\t\t\t\t\t\t\t\t<\/div>\n\t\t\t\t<\/div>\n\t\t\t\t<div class=\"elementor-element elementor-element-1a7432e elementor-widget elementor-widget-text-editor\" data-id=\"1a7432e\" data-element_type=\"widget\" data-e-type=\"widget\" data-widget_type=\"text-editor.default\">\n\t\t\t\t<div class=\"elementor-widget-container\">\n\t\t\t\t\t\t\t\t\tIm Jahr 2000 habe ich einen Vortrag eines Zukunftsforschers geh\u00f6rt. Der Redner sagte, dass Zukunftsforscher normalerweise \u00fcber Dinge reden, von denen sie selbst nicht wissen, ob sie am Ende genau so eintreten. Dies \u2013 so damals seine Ausf\u00fchrung \u2013 ist beim Thema Fachkr\u00e4ftemangel anders, denn er wisse ganz genau, dass wir in zwanzig Jahren einen extremen Fachkr\u00e4ftemangel haben. Da gen\u00fcge ihm ein einfacher Blick auf die Demografie. Es war also schon damals klar, dass wir eine gezielte Zuwanderung von Menschen brauchen, die etwas k\u00f6nnen. Oder die so ausgebildet werden, dass sie danach was k\u00f6nnen. Und trotzdem tut die Politik heute so, als ob wir von dieser Entwicklung \u00fcberrascht worden w\u00e4ren.\t\t\t\t\t\t\t\t<\/div>\n\t\t\t\t<\/div>\n\t\t\t\t\t<\/div>\n\t\t<\/div>\n\t\t\t\t<div class=\"elementor-column elementor-col-50 elementor-top-column elementor-element elementor-element-97c32ef\" data-id=\"97c32ef\" data-element_type=\"column\" data-e-type=\"column\">\n\t\t\t<div class=\"elementor-widget-wrap\">\n\t\t\t\t\t\t\t<\/div>\n\t\t<\/div>\n\t\t\t\t\t<\/div>\n\t\t<\/section>\n\t\t\t\t<section class=\"elementor-section elementor-top-section elementor-element elementor-element-be166a9 elementor-section-boxed elementor-section-height-default elementor-section-height-default\" data-id=\"be166a9\" data-element_type=\"section\" data-e-type=\"section\">\n\t\t\t\t\t\t<div class=\"elementor-container elementor-column-gap-default\">\n\t\t\t\t\t<div class=\"elementor-column elementor-col-50 elementor-top-column elementor-element elementor-element-e645234\" data-id=\"e645234\" data-element_type=\"column\" data-e-type=\"column\">\n\t\t\t<div class=\"elementor-widget-wrap elementor-element-populated\">\n\t\t\t\t\t\t<div class=\"elementor-element elementor-element-1ce36a4 elementor-widget elementor-widget-text-editor\" data-id=\"1ce36a4\" data-element_type=\"widget\" data-e-type=\"widget\" data-widget_type=\"text-editor.default\">\n\t\t\t\t<div class=\"elementor-widget-container\">\n\t\t\t\t\t\t\t\t\t<h3>Wie begegnen Sie in Ihrem Unternehmen<br \/>dem Fachkr\u00e4ftemangel?<\/h3>\t\t\t\t\t\t\t\t<\/div>\n\t\t\t\t<\/div>\n\t\t\t\t<div class=\"elementor-element elementor-element-f42ec5d elementor-widget elementor-widget-text-editor\" data-id=\"f42ec5d\" data-element_type=\"widget\" data-e-type=\"widget\" data-widget_type=\"text-editor.default\">\n\t\t\t\t<div class=\"elementor-widget-container\">\n\t\t\t\t\t\t\t\t\tDem Problem des Fachkr\u00e4ftemangels k\u00f6nnen wir nicht begegnen, indem wir uns gegenseitig die Leute abwerben. Deswegen suchen wir schon seit langem ganz gezielt Mitarbeiter auch im Ausland und bilden diese aus. Auch mit Hilfe der IHK Organisation (Hand in Hand for International Talents) konnten wir zum Beispiel Mitarbeiter aus Brasilien gewinnen oder vor einigen Jahren hatten wir uns auf Spanien konzentriert. Auch einige meiner Unternehmer-Kollegen in der Region sind mit vielen guten Ideen aktiv. \t\t\t\t\t\t\t\t<\/div>\n\t\t\t\t<\/div>\n\t\t\t\t<div class=\"elementor-element elementor-element-4f97f1e elementor-widget elementor-widget-text-editor\" data-id=\"4f97f1e\" data-element_type=\"widget\" data-e-type=\"widget\" data-widget_type=\"text-editor.default\">\n\t\t\t\t<div class=\"elementor-widget-container\">\n\t\t\t\t\t\t\t\t\t<h3>Was w\u00fcrden Sie sich vor diesem Hintergrund, auch als Vizepr\u00e4sident der IHK, von der Politik w\u00fcnschen?<\/h3>\t\t\t\t\t\t\t\t<\/div>\n\t\t\t\t<\/div>\n\t\t\t\t<div class=\"elementor-element elementor-element-d8d795f elementor-widget elementor-widget-text-editor\" data-id=\"d8d795f\" data-element_type=\"widget\" data-e-type=\"widget\" data-widget_type=\"text-editor.default\">\n\t\t\t\t<div class=\"elementor-widget-container\">\n\t\t\t\t\t\t\t\t\tAlso ganz klar, dass die Vorschl\u00e4ge, die von den Fachleuten gemacht werden, auch umgesetzt werden. Handeln! Ich habe schon w\u00e4hrend der Fl\u00fcchtlingskrise 2015 gesagt: Lasst uns den jungen Menschen, die zu uns kommen, eine gute Ausbildung geben. Auch wenn sie jetzt noch nicht das k\u00f6nnen, was wir brauchen, dann werden sie es danach auf jeden Fall k\u00f6nnen. Und selbst wenn sie am Ende nicht bei uns bleiben, sondern in ihre Heimatl\u00e4nder zur\u00fcck gehen, dann wissen sie zumindest, dass sie bei uns gut ausgebildet wurden. Das ist doch allemal besser, als wenn sie am Ende nur auf eine Zeit im Asylbewerberheim zur\u00fcckblicken. Leider konnte ich mich mit meinen Vorschl\u00e4gen nicht durchsetzen. R\u00fcckblickend wird zwar best\u00e4tigt, dass dies besser gewesen w\u00e4re. Trotzdem \u00e4ndert sich auch heute im Wesentlichen nichts. Was mich wieder darin best\u00e4tigt, dass wir in der Politik kein Erkenntnis-, sondern ein Umsetzungsproblem haben.\t\t\t\t\t\t\t\t<\/div>\n\t\t\t\t<\/div>\n\t\t\t\t<div class=\"elementor-element elementor-element-b3eaec9 elementor-widget elementor-widget-text-editor\" data-id=\"b3eaec9\" data-element_type=\"widget\" data-e-type=\"widget\" data-widget_type=\"text-editor.default\">\n\t\t\t\t<div class=\"elementor-widget-container\">\n\t\t\t\t\t\t\t\t\t<h3>Haben Sie Hoffnung, dass sich das \u00e4ndern wird<br \/>und wie behalten Sie selbst den Mut in so<br \/>schwierigen Zeiten?<\/h3>\t\t\t\t\t\t\t\t<\/div>\n\t\t\t\t<\/div>\n\t\t\t\t<div class=\"elementor-element elementor-element-94f4229 elementor-widget elementor-widget-text-editor\" data-id=\"94f4229\" data-element_type=\"widget\" data-e-type=\"widget\" data-widget_type=\"text-editor.default\">\n\t\t\t\t<div class=\"elementor-widget-container\">\n\t\t\t\t\t\t\t\t\t<p>Mein Onkel Hans Schw\u00f6rer, der die Firma zusammen mit seinen Geschwistern gegr\u00fcndet hat, sagte mal: Hoffnung ist der Feind des Kaufmanns. Trotzdem darf man die Hoffnung nicht aufgeben. Ich bin ein gl\u00e4ubiger Mensch und sch\u00f6pfe die Kraft und den Mut f\u00fcr mein unternehmerisches Handeln aus meinem Glauben.<\/p>\t\t\t\t\t\t\t\t<\/div>\n\t\t\t\t<\/div>\n\t\t\t\t\t<\/div>\n\t\t<\/div>\n\t\t\t\t<div class=\"elementor-column elementor-col-50 elementor-top-column elementor-element elementor-element-90e7165\" data-id=\"90e7165\" data-element_type=\"column\" data-e-type=\"column\">\n\t\t\t<div class=\"elementor-widget-wrap\">\n\t\t\t\t\t\t\t<\/div>\n\t\t<\/div>\n\t\t\t\t\t<\/div>\n\t\t<\/section>\n\t\t\t\t<section class=\"elementor-section elementor-top-section elementor-element elementor-element-aac4029 elementor-hidden-desktop elementor-section-boxed elementor-section-height-default elementor-section-height-default\" data-id=\"aac4029\" data-element_type=\"section\" data-e-type=\"section\">\n\t\t\t\t\t\t<div class=\"elementor-container elementor-column-gap-default\">\n\t\t\t\t\t<div class=\"elementor-column elementor-col-100 elementor-top-column elementor-element elementor-element-fbeb5df\" data-id=\"fbeb5df\" data-element_type=\"column\" data-e-type=\"column\" data-settings=\"{&quot;background_background&quot;:&quot;classic&quot;}\">\n\t\t\t<div class=\"elementor-widget-wrap elementor-element-populated\">\n\t\t\t\t\t\t<div class=\"elementor-element elementor-element-b832ed6 elementor-widget__width-initial elementor-widget elementor-widget-text-editor\" data-id=\"b832ed6\" data-element_type=\"widget\" data-e-type=\"widget\" data-widget_type=\"text-editor.default\">\n\t\t\t\t<div class=\"elementor-widget-container\">\n\t\t\t\t\t\t\t\t\t<p><strong>Schw\u00f6rerHaus KG<\/strong><\/p><p>Hans Schw\u00f6rer Strasse 8<br \/>72531 Hohenstein\/Oberstetten<br \/>Deutschland<\/p><p>Telefon<br \/>Zentrale: +49 73 87 16-0<br \/>Vertrieb: +49 73 87 16-111<br \/>Telefax: +49 73 87 16-500-100<\/p><p><a href=\"mailto:info@schwoerer.de\">info@schwoerer.de<\/a><br \/><a href=\"https:\/\/www.schwoererhaus.de\" target=\"_blank\" rel=\"noopener\">www.schwoererhaus.de<\/a><\/p>\t\t\t\t\t\t\t\t<\/div>\n\t\t\t\t<\/div>\n\t\t\t\t<div class=\"elementor-element elementor-element-c2c73f6 elementor-widget elementor-widget-image\" data-id=\"c2c73f6\" data-element_type=\"widget\" data-e-type=\"widget\" data-widget_type=\"image.default\">\n\t\t\t\t<div class=\"elementor-widget-container\">\n\t\t\t\t\t\t\t\t\t\t\t\t\t\t\t<img decoding=\"async\" width=\"800\" height=\"272\" src=\"https:\/\/www.feine-adressen.online\/rtz\/wp-content\/uploads\/2024\/12\/schwoerer-haus-logo-sw.png\" class=\"attachment-large size-large wp-image-7399\" alt=\"\" srcset=\"https:\/\/www.feine-adressen.online\/rtz\/wp-content\/uploads\/2024\/12\/schwoerer-haus-logo-sw.png 1000w, https:\/\/www.feine-adressen.online\/rtz\/wp-content\/uploads\/2024\/12\/schwoerer-haus-logo-sw-300x102.png 300w, https:\/\/www.feine-adressen.online\/rtz\/wp-content\/uploads\/2024\/12\/schwoerer-haus-logo-sw-768x261.png 768w\" sizes=\"(max-width: 800px) 100vw, 800px\" \/>\t\t\t\t\t\t\t\t\t\t\t\t\t\t\t<\/div>\n\t\t\t\t<\/div>\n\t\t\t\t<div class=\"elementor-element elementor-element-cf80024 elementor-widget elementor-widget-google_maps\" data-id=\"cf80024\" data-element_type=\"widget\" data-e-type=\"widget\" data-widget_type=\"google_maps.default\">\n\t\t\t\t<div class=\"elementor-widget-container\">\n\t\t\t\t\t\t\t<div class=\"elementor-custom-embed\">\n\t\t\t<iframe loading=\"lazy\"\n\t\t\t\t\tsrc=\"https:\/\/maps.google.com\/maps?q=sch%C3%B6rer%20Haus%20Eschenweg%202%2C%2072531%20Hohenstein&#038;t=m&#038;z=17&#038;output=embed&#038;iwloc=near\"\n\t\t\t\t\ttitle=\"sch\u00f6rer Haus Eschenweg 2, 72531 Hohenstein\"\n\t\t\t\t\taria-label=\"sch\u00f6rer Haus Eschenweg 2, 72531 Hohenstein\"\n\t\t\t><\/iframe>\n\t\t<\/div>\n\t\t\t\t\t\t<\/div>\n\t\t\t\t<\/div>\n\t\t\t\t<div class=\"elementor-element elementor-element-ba69e1f elementor-align-left elementor-widget elementor-widget-button\" data-id=\"ba69e1f\" data-element_type=\"widget\" data-e-type=\"widget\" data-widget_type=\"button.default\">\n\t\t\t\t<div class=\"elementor-widget-container\">\n\t\t\t\t\t\t\t\t\t<div class=\"elementor-button-wrapper\">\n\t\t\t\t\t<a class=\"elementor-button elementor-button-link elementor-size-sm\" href=\"https:\/\/www.google.de\/maps\/dir\/\/Schw\u00f6rerHaus+KG,+Musterh\u00e4user+Hohenstein-Oberstetten,+Eschenweg+2,+72531+Hohenstein\/@48.3270483,9.3291089,17z\/data=!4m8!4m7!1m0!1m5!1m1!1s0x479a20b0f75fe875:0x47fb048f1cc868a2!2m2!1d9.3317867!2d48.3279614?entry=ttu&#038;g_ep=EgoyMDI0MTIxMS4wIKXMDSoASAFQAw%3D%3D\" target=\"_blank\">\n\t\t\t\t\t\t<span class=\"elementor-button-content-wrapper\">\n\t\t\t\t\t\t<span class=\"elementor-button-icon\">\n\t\t\t\t<i aria-hidden=\"true\" class=\"fas fa-map-marker-alt\"><\/i>\t\t\t<\/span>\n\t\t\t\t\t\t\t\t\t<span class=\"elementor-button-text\">Routenplaner<\/span>\n\t\t\t\t\t<\/span>\n\t\t\t\t\t<\/a>\n\t\t\t\t<\/div>\n\t\t\t\t\t\t\t\t<\/div>\n\t\t\t\t<\/div>\n\t\t\t\t\t<\/div>\n\t\t<\/div>\n\t\t\t\t\t<\/div>\n\t\t<\/section>\n\t\t\t\t<section class=\"elementor-section elementor-top-section elementor-element elementor-element-4b47c327 elementor-section-boxed elementor-section-height-default elementor-section-height-default\" data-id=\"4b47c327\" data-element_type=\"section\" data-e-type=\"section\">\n\t\t\t\t\t\t<div class=\"elementor-container elementor-column-gap-default\">\n\t\t\t\t\t<div class=\"elementor-column elementor-col-100 elementor-top-column elementor-element elementor-element-2ccba325\" data-id=\"2ccba325\" data-element_type=\"column\" data-e-type=\"column\">\n\t\t\t<div class=\"elementor-widget-wrap elementor-element-populated\">\n\t\t\t\t\t\t<div class=\"elementor-element elementor-element-9a72311 elementor-widget-divider--view-line elementor-widget elementor-widget-divider\" data-id=\"9a72311\" data-element_type=\"widget\" data-e-type=\"widget\" data-widget_type=\"divider.default\">\n\t\t\t\t<div class=\"elementor-widget-container\">\n\t\t\t\t\t\t\t<div class=\"elementor-divider\">\n\t\t\t<span class=\"elementor-divider-separator\">\n\t\t\t\t\t\t<\/span>\n\t\t<\/div>\n\t\t\t\t\t\t<\/div>\n\t\t\t\t<\/div>\n\t\t\t\t<div class=\"elementor-element elementor-element-3d63e675 elementor-widget__width-initial elementor-widget elementor-widget-text-editor\" data-id=\"3d63e675\" data-element_type=\"widget\" data-e-type=\"widget\" data-widget_type=\"text-editor.default\">\n\t\t\t\t<div class=\"elementor-widget-container\">\n\t\t\t\t\t\t\t\t\t<div class=\"ewa-rteLine\"><p>Mehr aus dem Bereich <strong>MENSCHEN<\/strong> entdecken:<\/p><\/div>\t\t\t\t\t\t\t\t<\/div>\n\t\t\t\t<\/div>\n\t\t\t\t<div class=\"elementor-element elementor-element-5fce60af elementor-grid-3 elementor-grid-tablet-2 elementor-grid-mobile-1 elementor-posts--thumbnail-top elementor-card-shadow-yes elementor-posts__hover-gradient elementor-widget elementor-widget-posts\" data-id=\"5fce60af\" data-element_type=\"widget\" data-e-type=\"widget\" data-settings=\"{&quot;cards_masonry&quot;:&quot;yes&quot;,&quot;pagination_type&quot;:&quot;prev_next&quot;,&quot;cards_columns&quot;:&quot;3&quot;,&quot;cards_columns_tablet&quot;:&quot;2&quot;,&quot;cards_columns_mobile&quot;:&quot;1&quot;,&quot;cards_row_gap&quot;:{&quot;unit&quot;:&quot;px&quot;,&quot;size&quot;:35,&quot;sizes&quot;:[]},&quot;cards_row_gap_tablet&quot;:{&quot;unit&quot;:&quot;px&quot;,&quot;size&quot;:&quot;&quot;,&quot;sizes&quot;:[]},&quot;cards_row_gap_mobile&quot;:{&quot;unit&quot;:&quot;px&quot;,&quot;size&quot;:&quot;&quot;,&quot;sizes&quot;:[]}}\" data-widget_type=\"posts.cards\">\n\t\t\t\t<div class=\"elementor-widget-container\">\n\t\t\t\t\t\t\t<div class=\"elementor-posts-container elementor-posts elementor-posts--skin-cards elementor-grid\" role=\"list\">\n\t\t\t\t<article class=\"elementor-post elementor-grid-item post-7973 post type-post status-publish format-standard has-post-thumbnail hentry category-menschen tag-gomaringen tag-menschen tag-wildbakers\" role=\"listitem\">\n\t\t\t<div class=\"elementor-post__card\">\n\t\t\t\t<a class=\"elementor-post__thumbnail__link\" href=\"https:\/\/www.feine-adressen.online\/rtz\/joerg-schmid\/\" tabindex=\"-1\" ><div class=\"elementor-post__thumbnail\"><img loading=\"lazy\" decoding=\"async\" width=\"300\" height=\"269\" src=\"https:\/\/www.feine-adressen.online\/rtz\/wp-content\/uploads\/2025\/04\/S218711-Verbessert-NR_fx-300x269.jpg\" class=\"attachment-medium size-medium wp-image-7979\" alt=\"\" srcset=\"https:\/\/www.feine-adressen.online\/rtz\/wp-content\/uploads\/2025\/04\/S218711-Verbessert-NR_fx-300x269.jpg 300w, https:\/\/www.feine-adressen.online\/rtz\/wp-content\/uploads\/2025\/04\/S218711-Verbessert-NR_fx-1024x920.jpg 1024w, https:\/\/www.feine-adressen.online\/rtz\/wp-content\/uploads\/2025\/04\/S218711-Verbessert-NR_fx-768x690.jpg 768w, https:\/\/www.feine-adressen.online\/rtz\/wp-content\/uploads\/2025\/04\/S218711-Verbessert-NR_fx-1536x1379.jpg 1536w, https:\/\/www.feine-adressen.online\/rtz\/wp-content\/uploads\/2025\/04\/S218711-Verbessert-NR_fx.jpg 2000w\" sizes=\"(max-width: 300px) 100vw, 300px\" \/><\/div><\/a>\n\t\t\t\t<div class=\"elementor-post__badge\">Menschen<\/div>\n\t\t\t\t<div class=\"elementor-post__text\">\n\t\t\t\t<h3 class=\"elementor-post__title\">\n\t\t\t<a href=\"https:\/\/www.feine-adressen.online\/rtz\/joerg-schmid\/\" >\n\t\t\t\tAm Anfang war das Brot \u2013 J\u00f6rg Schmid\t\t\t<\/a>\n\t\t<\/h3>\n\t\t\n\t\t<a class=\"elementor-post__read-more\" href=\"https:\/\/www.feine-adressen.online\/rtz\/joerg-schmid\/\" aria-label=\"Mehr \u00fcber Am Anfang war das Brot \u2013 J\u00f6rg Schmid\" tabindex=\"-1\" >\n\t\t\tMehr Erfahren \u00bb\t\t<\/a>\n\n\t\t\t\t<\/div>\n\t\t\t\t\t<\/div>\n\t\t<\/article>\n\t\t\t\t<article class=\"elementor-post elementor-grid-item post-9021 post type-post status-publish format-standard has-post-thumbnail hentry category-menschen tag-reutlingen tag-solarparks tag-willi-schoeller tag-windparks\" role=\"listitem\">\n\t\t\t<div class=\"elementor-post__card\">\n\t\t\t\t<a class=\"elementor-post__thumbnail__link\" href=\"https:\/\/www.feine-adressen.online\/rtz\/willi-schoeller\/\" tabindex=\"-1\" ><div class=\"elementor-post__thumbnail\"><img loading=\"lazy\" decoding=\"async\" width=\"225\" height=\"300\" src=\"https:\/\/www.feine-adressen.online\/rtz\/wp-content\/uploads\/2025\/11\/Willi-Scholler-1-225x300.jpg\" class=\"attachment-medium size-medium wp-image-9035\" alt=\"\" srcset=\"https:\/\/www.feine-adressen.online\/rtz\/wp-content\/uploads\/2025\/11\/Willi-Scholler-1-225x300.jpg 225w, https:\/\/www.feine-adressen.online\/rtz\/wp-content\/uploads\/2025\/11\/Willi-Scholler-1.jpg 600w\" sizes=\"(max-width: 225px) 100vw, 225px\" \/><\/div><\/a>\n\t\t\t\t<div class=\"elementor-post__badge\">Menschen<\/div>\n\t\t\t\t<div class=\"elementor-post__text\">\n\t\t\t\t<h3 class=\"elementor-post__title\">\n\t\t\t<a href=\"https:\/\/www.feine-adressen.online\/rtz\/willi-schoeller\/\" >\n\t\t\t\tFu\u0308r eine Region, von der alle etwas haben &#8211; Sch\u00f6ller SI\t\t\t<\/a>\n\t\t<\/h3>\n\t\t\n\t\t<a class=\"elementor-post__read-more\" href=\"https:\/\/www.feine-adressen.online\/rtz\/willi-schoeller\/\" aria-label=\"Mehr \u00fcber Fu\u0308r eine Region, von der alle etwas haben &#8211; Sch\u00f6ller SI\" tabindex=\"-1\" >\n\t\t\tMehr Erfahren \u00bb\t\t<\/a>\n\n\t\t\t\t<\/div>\n\t\t\t\t\t<\/div>\n\t\t<\/article>\n\t\t\t\t<article class=\"elementor-post elementor-grid-item post-2949 post type-post status-publish format-standard has-post-thumbnail hentry category-menschen tag-aesthetik tag-dermatologie tag-gesundheit tag-medizin tag-menschen tag-reutlingen tag-schoenheit\" role=\"listitem\">\n\t\t\t<div class=\"elementor-post__card\">\n\t\t\t\t<a class=\"elementor-post__thumbnail__link\" href=\"https:\/\/www.feine-adressen.online\/rtz\/dr-monika-brueck\/\" tabindex=\"-1\" ><div class=\"elementor-post__thumbnail\"><img loading=\"lazy\" decoding=\"async\" width=\"300\" height=\"300\" src=\"https:\/\/www.feine-adressen.online\/rtz\/wp-content\/uploads\/2023\/12\/Monika-Brueck_Favoriten-fuer-Titelbild_bearb-e1703150287478-300x300.jpg\" class=\"attachment-medium size-medium wp-image-2952\" alt=\"Dr. Monika Br\u00fcck\" srcset=\"https:\/\/www.feine-adressen.online\/rtz\/wp-content\/uploads\/2023\/12\/Monika-Brueck_Favoriten-fuer-Titelbild_bearb-e1703150287478-300x300.jpg 300w, https:\/\/www.feine-adressen.online\/rtz\/wp-content\/uploads\/2023\/12\/Monika-Brueck_Favoriten-fuer-Titelbild_bearb-e1703150287478-1024x1024.jpg 1024w, https:\/\/www.feine-adressen.online\/rtz\/wp-content\/uploads\/2023\/12\/Monika-Brueck_Favoriten-fuer-Titelbild_bearb-e1703150287478-150x150.jpg 150w, https:\/\/www.feine-adressen.online\/rtz\/wp-content\/uploads\/2023\/12\/Monika-Brueck_Favoriten-fuer-Titelbild_bearb-e1703150287478-768x768.jpg 768w, https:\/\/www.feine-adressen.online\/rtz\/wp-content\/uploads\/2023\/12\/Monika-Brueck_Favoriten-fuer-Titelbild_bearb-e1703150287478.jpg 1126w\" sizes=\"(max-width: 300px) 100vw, 300px\" \/><\/div><\/a>\n\t\t\t\t<div class=\"elementor-post__badge\">Menschen<\/div>\n\t\t\t\t<div class=\"elementor-post__text\">\n\t\t\t\t<h3 class=\"elementor-post__title\">\n\t\t\t<a href=\"https:\/\/www.feine-adressen.online\/rtz\/dr-monika-brueck\/\" >\n\t\t\t\tDr. Monika Br\u00fcck  \u2013 Fach\u00e4rztin f\u00fcr Dermatologie und \u00e4sthetische Medizin\t\t\t<\/a>\n\t\t<\/h3>\n\t\t\n\t\t<a class=\"elementor-post__read-more\" href=\"https:\/\/www.feine-adressen.online\/rtz\/dr-monika-brueck\/\" aria-label=\"Mehr \u00fcber Dr. Monika Br\u00fcck  \u2013 Fach\u00e4rztin f\u00fcr Dermatologie und \u00e4sthetische Medizin\" tabindex=\"-1\" >\n\t\t\tMehr Erfahren \u00bb\t\t<\/a>\n\n\t\t\t\t<\/div>\n\t\t\t\t\t<\/div>\n\t\t<\/article>\n\t\t\t\t<\/div>\n\t\t\n\t\t\t\t\t\t<\/div>\n\t\t\t\t<\/div>\n\t\t\t\t\t<\/div>\n\t\t<\/div>\n\t\t\t\t\t<\/div>\n\t\t<\/section>\n\t\t\t\t<\/div>\n\t\t","protected":false},"excerpt":{"rendered":"<p>Zur\u00fcck zur Auswahl Johannes Schw\u00f6rer Von Unternehmer zu Unternehmer \u2013 Johannes Schw\u00f6rer Kaum ein Name verk\u00f6rpert den Traum vom Eigenheim, wie der von \u00bbSchw\u00f6rerHaus\u00ab. \u00dcber<\/p>\n","protected":false},"author":2,"featured_media":7441,"comment_status":"closed","ping_status":"open","sticky":false,"template":"elementor_header_footer","format":"standard","meta":{"iawp_total_views":45,"footnotes":""},"categories":[148],"tags":[328,329,327,171],"class_list":["post-7385","post","type-post","status-publish","format-standard","has-post-thumbnail","hentry","category-menschen","tag-eigenheim","tag-flying-space","tag-hohenstein","tag-menschen"],"yoast_head":"<!-- This site is optimized with the Yoast SEO plugin v26.9 - https:\/\/yoast.com\/product\/yoast-seo-wordpress\/ -->\n<title>Von Unternehmer zu Unternehmer \u2013 Johannes Schw\u00f6rer - feine adressen<\/title>\n<meta name=\"description\" content=\"Kaum ein Name verk\u00f6rpert den Traum vom Eigenheim, wie der von \u00bbSchw\u00f6rerHaus\u00ab.\" \/>\n<meta name=\"robots\" content=\"index, follow, max-snippet:-1, max-image-preview:large, max-video-preview:-1\" \/>\n<link rel=\"canonical\" href=\"https:\/\/www.feine-adressen.online\/rtz\/johannes-schwoerer\/\" \/>\n<meta property=\"og:locale\" content=\"de_DE\" \/>\n<meta property=\"og:type\" content=\"article\" \/>\n<meta property=\"og:title\" content=\"Von Unternehmer zu Unternehmer \u2013 Johannes Schw\u00f6rer - feine adressen\" \/>\n<meta property=\"og:description\" content=\"Kaum ein Name verk\u00f6rpert den Traum vom Eigenheim, wie der von \u00bbSchw\u00f6rerHaus\u00ab.\" \/>\n<meta property=\"og:url\" content=\"https:\/\/www.feine-adressen.online\/rtz\/johannes-schwoerer\/\" \/>\n<meta property=\"og:site_name\" content=\"feine adressen\" \/>\n<meta property=\"article:published_time\" content=\"2024-12-17T11:23:58+00:00\" \/>\n<meta property=\"article:modified_time\" content=\"2025-02-04T10:05:43+00:00\" \/>\n<meta property=\"og:image\" content=\"https:\/\/www.feine-adressen.online\/rtz\/wp-content\/uploads\/2024\/12\/L1001154_kachel.jpg\" \/>\n\t<meta property=\"og:image:width\" content=\"762\" \/>\n\t<meta property=\"og:image:height\" content=\"1045\" \/>\n\t<meta property=\"og:image:type\" content=\"image\/jpeg\" \/>\n<meta name=\"author\" content=\"thomas\" \/>\n<meta name=\"twitter:card\" content=\"summary_large_image\" \/>\n<meta name=\"twitter:label1\" content=\"Verfasst von\" \/>\n\t<meta name=\"twitter:data1\" content=\"thomas\" \/>\n\t<meta name=\"twitter:label2\" content=\"Gesch\u00e4tzte Lesezeit\" \/>\n\t<meta name=\"twitter:data2\" content=\"8\u00a0Minuten\" \/>\n<script type=\"application\/ld+json\" class=\"yoast-schema-graph\">{\"@context\":\"https:\/\/schema.org\",\"@graph\":[{\"@type\":\"Article\",\"@id\":\"https:\/\/www.feine-adressen.online\/rtz\/johannes-schwoerer\/#article\",\"isPartOf\":{\"@id\":\"https:\/\/www.feine-adressen.online\/rtz\/johannes-schwoerer\/\"},\"author\":{\"name\":\"thomas\",\"@id\":\"https:\/\/www.feine-adressen.online\/rtz\/#\/schema\/person\/9afb47a3a3385433e9879ab55bc3675c\"},\"headline\":\"Von Unternehmer zu Unternehmer \u2013 Johannes Schw\u00f6rer\",\"datePublished\":\"2024-12-17T11:23:58+00:00\",\"dateModified\":\"2025-02-04T10:05:43+00:00\",\"mainEntityOfPage\":{\"@id\":\"https:\/\/www.feine-adressen.online\/rtz\/johannes-schwoerer\/\"},\"wordCount\":1105,\"publisher\":{\"@id\":\"https:\/\/www.feine-adressen.online\/rtz\/#organization\"},\"image\":{\"@id\":\"https:\/\/www.feine-adressen.online\/rtz\/johannes-schwoerer\/#primaryimage\"},\"thumbnailUrl\":\"https:\/\/www.feine-adressen.online\/rtz\/wp-content\/uploads\/2024\/12\/L1001154_kachel.jpg\",\"keywords\":[\"Eigenheim\",\"Flying Space\",\"Hohenstein\",\"Menschen\"],\"articleSection\":[\"Menschen\"],\"inLanguage\":\"de\"},{\"@type\":\"WebPage\",\"@id\":\"https:\/\/www.feine-adressen.online\/rtz\/johannes-schwoerer\/\",\"url\":\"https:\/\/www.feine-adressen.online\/rtz\/johannes-schwoerer\/\",\"name\":\"Von Unternehmer zu Unternehmer \u2013 Johannes Schw\u00f6rer - feine adressen\",\"isPartOf\":{\"@id\":\"https:\/\/www.feine-adressen.online\/rtz\/#website\"},\"primaryImageOfPage\":{\"@id\":\"https:\/\/www.feine-adressen.online\/rtz\/johannes-schwoerer\/#primaryimage\"},\"image\":{\"@id\":\"https:\/\/www.feine-adressen.online\/rtz\/johannes-schwoerer\/#primaryimage\"},\"thumbnailUrl\":\"https:\/\/www.feine-adressen.online\/rtz\/wp-content\/uploads\/2024\/12\/L1001154_kachel.jpg\",\"datePublished\":\"2024-12-17T11:23:58+00:00\",\"dateModified\":\"2025-02-04T10:05:43+00:00\",\"description\":\"Kaum ein Name verk\u00f6rpert den Traum vom Eigenheim, wie der von \u00bbSchw\u00f6rerHaus\u00ab.\",\"breadcrumb\":{\"@id\":\"https:\/\/www.feine-adressen.online\/rtz\/johannes-schwoerer\/#breadcrumb\"},\"inLanguage\":\"de\",\"potentialAction\":[{\"@type\":\"ReadAction\",\"target\":[\"https:\/\/www.feine-adressen.online\/rtz\/johannes-schwoerer\/\"]}]},{\"@type\":\"ImageObject\",\"inLanguage\":\"de\",\"@id\":\"https:\/\/www.feine-adressen.online\/rtz\/johannes-schwoerer\/#primaryimage\",\"url\":\"https:\/\/www.feine-adressen.online\/rtz\/wp-content\/uploads\/2024\/12\/L1001154_kachel.jpg\",\"contentUrl\":\"https:\/\/www.feine-adressen.online\/rtz\/wp-content\/uploads\/2024\/12\/L1001154_kachel.jpg\",\"width\":762,\"height\":1045},{\"@type\":\"BreadcrumbList\",\"@id\":\"https:\/\/www.feine-adressen.online\/rtz\/johannes-schwoerer\/#breadcrumb\",\"itemListElement\":[{\"@type\":\"ListItem\",\"position\":1,\"name\":\"Startseite\",\"item\":\"https:\/\/www.feine-adressen.online\/rtz\/\"},{\"@type\":\"ListItem\",\"position\":2,\"name\":\"Von Unternehmer zu Unternehmer \u2013 Johannes Schw\u00f6rer\"}]},{\"@type\":\"WebSite\",\"@id\":\"https:\/\/www.feine-adressen.online\/rtz\/#website\",\"url\":\"https:\/\/www.feine-adressen.online\/rtz\/\",\"name\":\"feine adressen\",\"description\":\"Reutlingen \/ T\u00fcbingen \/ Zollernalb\",\"publisher\":{\"@id\":\"https:\/\/www.feine-adressen.online\/rtz\/#organization\"},\"potentialAction\":[{\"@type\":\"SearchAction\",\"target\":{\"@type\":\"EntryPoint\",\"urlTemplate\":\"https:\/\/www.feine-adressen.online\/rtz\/?s={search_term_string}\"},\"query-input\":{\"@type\":\"PropertyValueSpecification\",\"valueRequired\":true,\"valueName\":\"search_term_string\"}}],\"inLanguage\":\"de\"},{\"@type\":\"Organization\",\"@id\":\"https:\/\/www.feine-adressen.online\/rtz\/#organization\",\"name\":\"feine adressen\",\"url\":\"https:\/\/www.feine-adressen.online\/rtz\/\",\"logo\":{\"@type\":\"ImageObject\",\"inLanguage\":\"de\",\"@id\":\"https:\/\/www.feine-adressen.online\/rtz\/#\/schema\/logo\/image\/\",\"url\":\"https:\/\/www.feine-adressen.online\/rtz\/wp-content\/uploads\/2023\/08\/kopf_2000.png\",\"contentUrl\":\"https:\/\/www.feine-adressen.online\/rtz\/wp-content\/uploads\/2023\/08\/kopf_2000.png\",\"width\":2000,\"height\":800,\"caption\":\"feine adressen\"},\"image\":{\"@id\":\"https:\/\/www.feine-adressen.online\/rtz\/#\/schema\/logo\/image\/\"}},{\"@type\":\"Person\",\"@id\":\"https:\/\/www.feine-adressen.online\/rtz\/#\/schema\/person\/9afb47a3a3385433e9879ab55bc3675c\",\"name\":\"thomas\",\"image\":{\"@type\":\"ImageObject\",\"inLanguage\":\"de\",\"@id\":\"https:\/\/www.feine-adressen.online\/rtz\/#\/schema\/person\/image\/\",\"url\":\"https:\/\/secure.gravatar.com\/avatar\/b121218ce010fef9e9d1bbba38a84a6ab6278186dd77e78d0137afb2b3dc3eaf?s=96&d=mm&r=g\",\"contentUrl\":\"https:\/\/secure.gravatar.com\/avatar\/b121218ce010fef9e9d1bbba38a84a6ab6278186dd77e78d0137afb2b3dc3eaf?s=96&d=mm&r=g\",\"caption\":\"thomas\"},\"url\":\"https:\/\/www.feine-adressen.online\/rtz\/author\/thomas\/\"}]}<\/script>\n<!-- \/ Yoast SEO plugin. -->","yoast_head_json":{"title":"Von Unternehmer zu Unternehmer \u2013 Johannes Schw\u00f6rer - feine adressen","description":"Kaum ein Name verk\u00f6rpert den Traum vom Eigenheim, wie der von \u00bbSchw\u00f6rerHaus\u00ab.","robots":{"index":"index","follow":"follow","max-snippet":"max-snippet:-1","max-image-preview":"max-image-preview:large","max-video-preview":"max-video-preview:-1"},"canonical":"https:\/\/www.feine-adressen.online\/rtz\/johannes-schwoerer\/","og_locale":"de_DE","og_type":"article","og_title":"Von Unternehmer zu Unternehmer \u2013 Johannes Schw\u00f6rer - feine adressen","og_description":"Kaum ein Name verk\u00f6rpert den Traum vom Eigenheim, wie der von \u00bbSchw\u00f6rerHaus\u00ab.","og_url":"https:\/\/www.feine-adressen.online\/rtz\/johannes-schwoerer\/","og_site_name":"feine adressen","article_published_time":"2024-12-17T11:23:58+00:00","article_modified_time":"2025-02-04T10:05:43+00:00","og_image":[{"width":762,"height":1045,"url":"https:\/\/www.feine-adressen.online\/rtz\/wp-content\/uploads\/2024\/12\/L1001154_kachel.jpg","type":"image\/jpeg"}],"author":"thomas","twitter_card":"summary_large_image","twitter_misc":{"Verfasst von":"thomas","Gesch\u00e4tzte Lesezeit":"8\u00a0Minuten"},"schema":{"@context":"https:\/\/schema.org","@graph":[{"@type":"Article","@id":"https:\/\/www.feine-adressen.online\/rtz\/johannes-schwoerer\/#article","isPartOf":{"@id":"https:\/\/www.feine-adressen.online\/rtz\/johannes-schwoerer\/"},"author":{"name":"thomas","@id":"https:\/\/www.feine-adressen.online\/rtz\/#\/schema\/person\/9afb47a3a3385433e9879ab55bc3675c"},"headline":"Von Unternehmer zu Unternehmer \u2013 Johannes Schw\u00f6rer","datePublished":"2024-12-17T11:23:58+00:00","dateModified":"2025-02-04T10:05:43+00:00","mainEntityOfPage":{"@id":"https:\/\/www.feine-adressen.online\/rtz\/johannes-schwoerer\/"},"wordCount":1105,"publisher":{"@id":"https:\/\/www.feine-adressen.online\/rtz\/#organization"},"image":{"@id":"https:\/\/www.feine-adressen.online\/rtz\/johannes-schwoerer\/#primaryimage"},"thumbnailUrl":"https:\/\/www.feine-adressen.online\/rtz\/wp-content\/uploads\/2024\/12\/L1001154_kachel.jpg","keywords":["Eigenheim","Flying Space","Hohenstein","Menschen"],"articleSection":["Menschen"],"inLanguage":"de"},{"@type":"WebPage","@id":"https:\/\/www.feine-adressen.online\/rtz\/johannes-schwoerer\/","url":"https:\/\/www.feine-adressen.online\/rtz\/johannes-schwoerer\/","name":"Von Unternehmer zu Unternehmer \u2013 Johannes Schw\u00f6rer - feine adressen","isPartOf":{"@id":"https:\/\/www.feine-adressen.online\/rtz\/#website"},"primaryImageOfPage":{"@id":"https:\/\/www.feine-adressen.online\/rtz\/johannes-schwoerer\/#primaryimage"},"image":{"@id":"https:\/\/www.feine-adressen.online\/rtz\/johannes-schwoerer\/#primaryimage"},"thumbnailUrl":"https:\/\/www.feine-adressen.online\/rtz\/wp-content\/uploads\/2024\/12\/L1001154_kachel.jpg","datePublished":"2024-12-17T11:23:58+00:00","dateModified":"2025-02-04T10:05:43+00:00","description":"Kaum ein Name verk\u00f6rpert den Traum vom Eigenheim, wie der von \u00bbSchw\u00f6rerHaus\u00ab.","breadcrumb":{"@id":"https:\/\/www.feine-adressen.online\/rtz\/johannes-schwoerer\/#breadcrumb"},"inLanguage":"de","potentialAction":[{"@type":"ReadAction","target":["https:\/\/www.feine-adressen.online\/rtz\/johannes-schwoerer\/"]}]},{"@type":"ImageObject","inLanguage":"de","@id":"https:\/\/www.feine-adressen.online\/rtz\/johannes-schwoerer\/#primaryimage","url":"https:\/\/www.feine-adressen.online\/rtz\/wp-content\/uploads\/2024\/12\/L1001154_kachel.jpg","contentUrl":"https:\/\/www.feine-adressen.online\/rtz\/wp-content\/uploads\/2024\/12\/L1001154_kachel.jpg","width":762,"height":1045},{"@type":"BreadcrumbList","@id":"https:\/\/www.feine-adressen.online\/rtz\/johannes-schwoerer\/#breadcrumb","itemListElement":[{"@type":"ListItem","position":1,"name":"Startseite","item":"https:\/\/www.feine-adressen.online\/rtz\/"},{"@type":"ListItem","position":2,"name":"Von Unternehmer zu Unternehmer \u2013 Johannes Schw\u00f6rer"}]},{"@type":"WebSite","@id":"https:\/\/www.feine-adressen.online\/rtz\/#website","url":"https:\/\/www.feine-adressen.online\/rtz\/","name":"feine adressen","description":"Reutlingen \/ T\u00fcbingen \/ Zollernalb","publisher":{"@id":"https:\/\/www.feine-adressen.online\/rtz\/#organization"},"potentialAction":[{"@type":"SearchAction","target":{"@type":"EntryPoint","urlTemplate":"https:\/\/www.feine-adressen.online\/rtz\/?s={search_term_string}"},"query-input":{"@type":"PropertyValueSpecification","valueRequired":true,"valueName":"search_term_string"}}],"inLanguage":"de"},{"@type":"Organization","@id":"https:\/\/www.feine-adressen.online\/rtz\/#organization","name":"feine adressen","url":"https:\/\/www.feine-adressen.online\/rtz\/","logo":{"@type":"ImageObject","inLanguage":"de","@id":"https:\/\/www.feine-adressen.online\/rtz\/#\/schema\/logo\/image\/","url":"https:\/\/www.feine-adressen.online\/rtz\/wp-content\/uploads\/2023\/08\/kopf_2000.png","contentUrl":"https:\/\/www.feine-adressen.online\/rtz\/wp-content\/uploads\/2023\/08\/kopf_2000.png","width":2000,"height":800,"caption":"feine adressen"},"image":{"@id":"https:\/\/www.feine-adressen.online\/rtz\/#\/schema\/logo\/image\/"}},{"@type":"Person","@id":"https:\/\/www.feine-adressen.online\/rtz\/#\/schema\/person\/9afb47a3a3385433e9879ab55bc3675c","name":"thomas","image":{"@type":"ImageObject","inLanguage":"de","@id":"https:\/\/www.feine-adressen.online\/rtz\/#\/schema\/person\/image\/","url":"https:\/\/secure.gravatar.com\/avatar\/b121218ce010fef9e9d1bbba38a84a6ab6278186dd77e78d0137afb2b3dc3eaf?s=96&d=mm&r=g","contentUrl":"https:\/\/secure.gravatar.com\/avatar\/b121218ce010fef9e9d1bbba38a84a6ab6278186dd77e78d0137afb2b3dc3eaf?s=96&d=mm&r=g","caption":"thomas"},"url":"https:\/\/www.feine-adressen.online\/rtz\/author\/thomas\/"}]}},"_links":{"self":[{"href":"https:\/\/www.feine-adressen.online\/rtz\/wp-json\/wp\/v2\/posts\/7385","targetHints":{"allow":["GET"]}}],"collection":[{"href":"https:\/\/www.feine-adressen.online\/rtz\/wp-json\/wp\/v2\/posts"}],"about":[{"href":"https:\/\/www.feine-adressen.online\/rtz\/wp-json\/wp\/v2\/types\/post"}],"author":[{"embeddable":true,"href":"https:\/\/www.feine-adressen.online\/rtz\/wp-json\/wp\/v2\/users\/2"}],"replies":[{"embeddable":true,"href":"https:\/\/www.feine-adressen.online\/rtz\/wp-json\/wp\/v2\/comments?post=7385"}],"version-history":[{"count":26,"href":"https:\/\/www.feine-adressen.online\/rtz\/wp-json\/wp\/v2\/posts\/7385\/revisions"}],"predecessor-version":[{"id":7513,"href":"https:\/\/www.feine-adressen.online\/rtz\/wp-json\/wp\/v2\/posts\/7385\/revisions\/7513"}],"wp:featuredmedia":[{"embeddable":true,"href":"https:\/\/www.feine-adressen.online\/rtz\/wp-json\/wp\/v2\/media\/7441"}],"wp:attachment":[{"href":"https:\/\/www.feine-adressen.online\/rtz\/wp-json\/wp\/v2\/media?parent=7385"}],"wp:term":[{"taxonomy":"category","embeddable":true,"href":"https:\/\/www.feine-adressen.online\/rtz\/wp-json\/wp\/v2\/categories?post=7385"},{"taxonomy":"post_tag","embeddable":true,"href":"https:\/\/www.feine-adressen.online\/rtz\/wp-json\/wp\/v2\/tags?post=7385"}],"curies":[{"name":"wp","href":"https:\/\/api.w.org\/{rel}","templated":true}]}}