{"id":7413,"date":"2024-12-17T13:38:50","date_gmt":"2024-12-17T12:38:50","guid":{"rendered":"https:\/\/www.feine-adressen.online\/rtz\/?p=7413"},"modified":"2025-02-04T11:04:02","modified_gmt":"2025-02-04T10:04:02","slug":"andreas-w-kraut","status":"publish","type":"post","link":"https:\/\/www.feine-adressen.online\/rtz\/andreas-w-kraut\/","title":{"rendered":"Andreas W. Kraut \u2013 Ich wiege mich nicht t\u00e4glich"},"content":{"rendered":"\t\t<div data-elementor-type=\"wp-post\" data-elementor-id=\"7413\" class=\"elementor elementor-7413\" data-elementor-post-type=\"post\">\n\t\t\t\t\t\t<section class=\"elementor-section elementor-top-section elementor-element elementor-element-77b6aa4a elementor-section-boxed elementor-section-height-default elementor-section-height-default\" data-id=\"77b6aa4a\" data-element_type=\"section\" data-e-type=\"section\">\n\t\t\t\t\t\t<div class=\"elementor-container elementor-column-gap-default\">\n\t\t\t\t\t<div class=\"elementor-column elementor-col-100 elementor-top-column elementor-element elementor-element-8a4afd4\" data-id=\"8a4afd4\" data-element_type=\"column\" data-e-type=\"column\">\n\t\t\t<div class=\"elementor-widget-wrap elementor-element-populated\">\n\t\t\t\t\t\t<div class=\"elementor-element elementor-element-7223b90d elementor-widget elementor-widget-html\" data-id=\"7223b90d\" data-element_type=\"widget\" data-e-type=\"widget\" data-widget_type=\"html.default\">\n\t\t\t\t<div class=\"elementor-widget-container\">\n\t\t\t\t\t<script>\ndocument.addEventListener('DOMContentLoaded', function () {\n    let backButtons = document.querySelectorAll('.back-history');\n    backButtons.forEach(function (backButton) {\n        backButton.addEventListener('click', function (e) {\n            e.preventDefault();\n            history.back();\n        });\n    });\n});\n<\/script>\n\t\t\t\t<\/div>\n\t\t\t\t<\/div>\n\t\t\t\t<div class=\"elementor-element elementor-element-48e6d96b elementor-align-center back-history elementor-widget elementor-widget-button\" data-id=\"48e6d96b\" data-element_type=\"widget\" data-e-type=\"widget\" data-widget_type=\"button.default\">\n\t\t\t\t<div class=\"elementor-widget-container\">\n\t\t\t\t\t\t\t\t\t<div class=\"elementor-button-wrapper\">\n\t\t\t\t\t<a class=\"elementor-button elementor-button-link elementor-size-sm\" href=\"#\">\n\t\t\t\t\t\t<span class=\"elementor-button-content-wrapper\">\n\t\t\t\t\t\t<span class=\"elementor-button-icon\">\n\t\t\t\t<i aria-hidden=\"true\" class=\"fas fa-long-arrow-alt-left\"><\/i>\t\t\t<\/span>\n\t\t\t\t\t\t\t\t\t<span class=\"elementor-button-text\">Zur\u00fcck zur Auswahl<\/span>\n\t\t\t\t\t<\/span>\n\t\t\t\t\t<\/a>\n\t\t\t\t<\/div>\n\t\t\t\t\t\t\t\t<\/div>\n\t\t\t\t<\/div>\n\t\t\t\t\t<\/div>\n\t\t<\/div>\n\t\t\t\t\t<\/div>\n\t\t<\/section>\n\t\t<div class=\"elementor-element elementor-element-8014b27 e-flex e-con-boxed e-con e-parent\" data-id=\"8014b27\" data-element_type=\"container\" data-e-type=\"container\">\n\t\t\t\t\t<div class=\"e-con-inner\">\n\t\t\t\t<div class=\"elementor-element elementor-element-4f47474 elementor-widget elementor-widget-image\" data-id=\"4f47474\" data-element_type=\"widget\" data-e-type=\"widget\" data-widget_type=\"image.default\">\n\t\t\t\t<div class=\"elementor-widget-container\">\n\t\t\t\t\t\t\t\t\t\t\t\t\t\t\t<img fetchpriority=\"high\" decoding=\"async\" width=\"2000\" height=\"1334\" src=\"https:\/\/www.feine-adressen.online\/rtz\/wp-content\/uploads\/2024\/12\/RKoch_Andreas-Kraut-Bizerba-43.jpg\" class=\"attachment-full size-full wp-image-7418\" alt=\"\" srcset=\"https:\/\/www.feine-adressen.online\/rtz\/wp-content\/uploads\/2024\/12\/RKoch_Andreas-Kraut-Bizerba-43.jpg 2000w, https:\/\/www.feine-adressen.online\/rtz\/wp-content\/uploads\/2024\/12\/RKoch_Andreas-Kraut-Bizerba-43-300x200.jpg 300w, https:\/\/www.feine-adressen.online\/rtz\/wp-content\/uploads\/2024\/12\/RKoch_Andreas-Kraut-Bizerba-43-1024x683.jpg 1024w, https:\/\/www.feine-adressen.online\/rtz\/wp-content\/uploads\/2024\/12\/RKoch_Andreas-Kraut-Bizerba-43-768x512.jpg 768w, https:\/\/www.feine-adressen.online\/rtz\/wp-content\/uploads\/2024\/12\/RKoch_Andreas-Kraut-Bizerba-43-1536x1025.jpg 1536w\" sizes=\"(max-width: 2000px) 100vw, 2000px\" \/>\t\t\t\t\t\t\t\t\t\t\t\t\t\t\t<\/div>\n\t\t\t\t<\/div>\n\t\t\t\t\t<\/div>\n\t\t\t\t<\/div>\n\t\t\t\t<section class=\"elementor-section elementor-top-section elementor-element elementor-element-bb7f136 elementor-section-boxed elementor-section-height-default elementor-section-height-default\" data-id=\"bb7f136\" data-element_type=\"section\" data-e-type=\"section\">\n\t\t\t\t\t\t<div class=\"elementor-container elementor-column-gap-default\">\n\t\t\t\t\t<div class=\"elementor-column elementor-col-50 elementor-top-column elementor-element elementor-element-34f7d6b5\" data-id=\"34f7d6b5\" data-element_type=\"column\" data-e-type=\"column\">\n\t\t\t<div class=\"elementor-widget-wrap elementor-element-populated\">\n\t\t\t\t\t\t<div class=\"elementor-element elementor-element-2969f635 elementor-widget elementor-widget-text-editor\" data-id=\"2969f635\" data-element_type=\"widget\" data-e-type=\"widget\" data-widget_type=\"text-editor.default\">\n\t\t\t\t<div class=\"elementor-widget-container\">\n\t\t\t\t\t\t\t\t\t<div class=\"page\" title=\"Page 1\"><div class=\"layoutArea\"><div class=\"column\"><p>Andreas W. Kraut<\/p><\/div><\/div><\/div>\t\t\t\t\t\t\t\t<\/div>\n\t\t\t\t<\/div>\n\t\t\t\t<div class=\"elementor-element elementor-element-54216c20 elementor-widget elementor-widget-heading\" data-id=\"54216c20\" data-element_type=\"widget\" data-e-type=\"widget\" data-widget_type=\"heading.default\">\n\t\t\t\t<div class=\"elementor-widget-container\">\n\t\t\t\t\t<h1 class=\"elementor-heading-title elementor-size-default\">Ich wiege\nmich nicht t\u00e4glich.<\/h1>\t\t\t\t<\/div>\n\t\t\t\t<\/div>\n\t\t\t\t\t<\/div>\n\t\t<\/div>\n\t\t\t\t<div class=\"elementor-column elementor-col-50 elementor-top-column elementor-element elementor-element-6b91523c\" data-id=\"6b91523c\" data-element_type=\"column\" data-e-type=\"column\">\n\t\t\t<div class=\"elementor-widget-wrap elementor-element-populated\">\n\t\t\t\t\t\t<div class=\"elementor-element elementor-element-7d7f4ab7 elementor-align-left elementor-widget elementor-widget-post-info\" data-id=\"7d7f4ab7\" data-element_type=\"widget\" data-e-type=\"widget\" data-widget_type=\"post-info.default\">\n\t\t\t\t<div class=\"elementor-widget-container\">\n\t\t\t\t\t\t\t<ul class=\"elementor-inline-items elementor-icon-list-items elementor-post-info\">\n\t\t\t\t\t\t\t\t<li class=\"elementor-icon-list-item elementor-repeater-item-7fe14cd elementor-inline-item\" itemprop=\"about\">\n\t\t\t\t\t\t\t\t\t\t\t\t\t<span class=\"elementor-icon-list-text elementor-post-info__item elementor-post-info__item--type-terms\">\n\t\t\t\t\t\t\t\t\t\t<span class=\"elementor-post-info__terms-list\">\n\t\t\t\t<a href=\"https:\/\/www.feine-adressen.online\/rtz\/tag\/balingen\/\" class=\"elementor-post-info__terms-list-item\">Balingen<\/a>, <a href=\"https:\/\/www.feine-adressen.online\/rtz\/tag\/menschen\/\" class=\"elementor-post-info__terms-list-item\">Menschen<\/a>, <a href=\"https:\/\/www.feine-adressen.online\/rtz\/tag\/schneidetechnologie\/\" class=\"elementor-post-info__terms-list-item\">Schneidetechnologie<\/a>, <a href=\"https:\/\/www.feine-adressen.online\/rtz\/tag\/waagen\/\" class=\"elementor-post-info__terms-list-item\">Waagen<\/a>\t\t\t\t<\/span>\n\t\t\t\t\t<\/span>\n\t\t\t\t\t\t\t\t<\/li>\n\t\t\t\t<\/ul>\n\t\t\t\t\t\t<\/div>\n\t\t\t\t<\/div>\n\t\t\t\t\t<\/div>\n\t\t<\/div>\n\t\t\t\t\t<\/div>\n\t\t<\/section>\n\t\t\t\t<section class=\"elementor-section elementor-top-section elementor-element elementor-element-d6da67e elementor-section-boxed elementor-section-height-default elementor-section-height-default\" data-id=\"d6da67e\" data-element_type=\"section\" data-e-type=\"section\">\n\t\t\t\t\t\t<div class=\"elementor-container elementor-column-gap-default\">\n\t\t\t\t\t<div class=\"elementor-column elementor-col-50 elementor-top-column elementor-element elementor-element-e13e745\" data-id=\"e13e745\" data-element_type=\"column\" data-e-type=\"column\">\n\t\t\t<div class=\"elementor-widget-wrap elementor-element-populated\">\n\t\t\t\t\t\t<section class=\"elementor-section elementor-inner-section elementor-element elementor-element-a648895 elementor-section-boxed elementor-section-height-default elementor-section-height-default\" data-id=\"a648895\" data-element_type=\"section\" data-e-type=\"section\">\n\t\t\t\t\t\t<div class=\"elementor-container elementor-column-gap-default\">\n\t\t\t\t\t\t<\/div>\n\t\t<\/section>\n\t\t\t\t<div class=\"elementor-element elementor-element-c3f002f elementor-widget elementor-widget-text-editor\" data-id=\"c3f002f\" data-element_type=\"widget\" data-e-type=\"widget\" data-widget_type=\"text-editor.default\">\n\t\t\t\t<div class=\"elementor-widget-container\">\n\t\t\t\t\t\t\t\t\t<p>Andreas W. Kraut, CEO und Gesellschafter von Bizerba, gestaltet die Zukunft des marktf\u00fchrenden Anbieters f\u00fcr W\u00e4ge- und Schneide\u00adtechnologie in Handel und Handwerk. Er setzt auf smarte L\u00f6sungen, traditionelle Werte und die Kraft der Familie.<\/p>\t\t\t\t\t\t\t\t<\/div>\n\t\t\t\t<\/div>\n\t\t\t\t<div class=\"elementor-element elementor-element-39ee667 elementor-widget elementor-widget-image\" data-id=\"39ee667\" data-element_type=\"widget\" data-e-type=\"widget\" data-widget_type=\"image.default\">\n\t\t\t\t<div class=\"elementor-widget-container\">\n\t\t\t\t\t\t\t\t\t\t\t\t\t\t\t<img decoding=\"async\" width=\"2000\" height=\"2171\" src=\"https:\/\/www.feine-adressen.online\/rtz\/wp-content\/uploads\/2024\/12\/RKoch_Andreas-Kraut-Bizerba-52.jpg\" class=\"attachment-full size-full wp-image-7419\" alt=\"\" srcset=\"https:\/\/www.feine-adressen.online\/rtz\/wp-content\/uploads\/2024\/12\/RKoch_Andreas-Kraut-Bizerba-52.jpg 2000w, https:\/\/www.feine-adressen.online\/rtz\/wp-content\/uploads\/2024\/12\/RKoch_Andreas-Kraut-Bizerba-52-276x300.jpg 276w, https:\/\/www.feine-adressen.online\/rtz\/wp-content\/uploads\/2024\/12\/RKoch_Andreas-Kraut-Bizerba-52-943x1024.jpg 943w, https:\/\/www.feine-adressen.online\/rtz\/wp-content\/uploads\/2024\/12\/RKoch_Andreas-Kraut-Bizerba-52-768x834.jpg 768w, https:\/\/www.feine-adressen.online\/rtz\/wp-content\/uploads\/2024\/12\/RKoch_Andreas-Kraut-Bizerba-52-1415x1536.jpg 1415w, https:\/\/www.feine-adressen.online\/rtz\/wp-content\/uploads\/2024\/12\/RKoch_Andreas-Kraut-Bizerba-52-1887x2048.jpg 1887w\" sizes=\"(max-width: 2000px) 100vw, 2000px\" \/>\t\t\t\t\t\t\t\t\t\t\t\t\t\t\t<\/div>\n\t\t\t\t<\/div>\n\t\t\t\t<section class=\"elementor-section elementor-inner-section elementor-element elementor-element-24e395a elementor-section-boxed elementor-section-height-default elementor-section-height-default\" data-id=\"24e395a\" data-element_type=\"section\" data-e-type=\"section\">\n\t\t\t\t\t\t<div class=\"elementor-container elementor-column-gap-default\">\n\t\t\t\t\t\t<\/div>\n\t\t<\/section>\n\t\t\t\t<section class=\"elementor-section elementor-inner-section elementor-element elementor-element-06d300b elementor-section-boxed elementor-section-height-default elementor-section-height-default\" data-id=\"06d300b\" data-element_type=\"section\" data-e-type=\"section\">\n\t\t\t\t\t\t<div class=\"elementor-container elementor-column-gap-default\">\n\t\t\t\t\t\t<\/div>\n\t\t<\/section>\n\t\t\t\t<section class=\"elementor-section elementor-inner-section elementor-element elementor-element-e0ddf86 elementor-section-boxed elementor-section-height-default elementor-section-height-default\" data-id=\"e0ddf86\" data-element_type=\"section\" data-e-type=\"section\">\n\t\t\t\t\t\t<div class=\"elementor-container elementor-column-gap-default\">\n\t\t\t\t\t\t<\/div>\n\t\t<\/section>\n\t\t\t\t\t<\/div>\n\t\t<\/div>\n\t\t\t\t<div class=\"elementor-column elementor-col-50 elementor-top-column elementor-element elementor-element-d326519 elementor-hidden-tablet elementor-hidden-mobile\" data-id=\"d326519\" data-element_type=\"column\" data-e-type=\"column\" data-settings=\"{&quot;background_background&quot;:&quot;classic&quot;}\">\n\t\t\t<div class=\"elementor-widget-wrap elementor-element-populated\">\n\t\t\t\t\t\t<div class=\"elementor-element elementor-element-75aef70 elementor-widget__width-initial elementor-widget elementor-widget-text-editor\" data-id=\"75aef70\" data-element_type=\"widget\" data-e-type=\"widget\" data-widget_type=\"text-editor.default\">\n\t\t\t\t<div class=\"elementor-widget-container\">\n\t\t\t\t\t\t\t\t\t<p><strong>Bizerba SE &amp; Co. KG<\/strong><\/p><p>Wilhelm-Kraut-Stra\u00dfe 65<br \/>72336 Balingen<br \/>Telefon: +49 7433 12-0<br \/><a href=\"https:\/\/www.bizerba.com\" target=\"_blank\" rel=\"noopener\">www.bizerba.com<\/a><\/p>\t\t\t\t\t\t\t\t<\/div>\n\t\t\t\t<\/div>\n\t\t\t\t<div class=\"elementor-element elementor-element-fb9747c elementor-widget elementor-widget-image\" data-id=\"fb9747c\" data-element_type=\"widget\" data-e-type=\"widget\" data-widget_type=\"image.default\">\n\t\t\t\t<div class=\"elementor-widget-container\">\n\t\t\t\t\t\t\t\t\t\t\t\t\t\t\t<img decoding=\"async\" width=\"499\" height=\"90\" src=\"https:\/\/www.feine-adressen.online\/rtz\/wp-content\/uploads\/2024\/12\/logo_bizerba-1.png\" class=\"attachment-large size-large wp-image-7430\" alt=\"\" srcset=\"https:\/\/www.feine-adressen.online\/rtz\/wp-content\/uploads\/2024\/12\/logo_bizerba-1.png 499w, https:\/\/www.feine-adressen.online\/rtz\/wp-content\/uploads\/2024\/12\/logo_bizerba-1-300x54.png 300w\" sizes=\"(max-width: 499px) 100vw, 499px\" \/>\t\t\t\t\t\t\t\t\t\t\t\t\t\t\t<\/div>\n\t\t\t\t<\/div>\n\t\t\t\t<div class=\"elementor-element elementor-element-5210fb0 elementor-widget elementor-widget-google_maps\" data-id=\"5210fb0\" data-element_type=\"widget\" data-e-type=\"widget\" data-widget_type=\"google_maps.default\">\n\t\t\t\t<div class=\"elementor-widget-container\">\n\t\t\t\t\t\t\t<div class=\"elementor-custom-embed\">\n\t\t\t<iframe loading=\"lazy\"\n\t\t\t\t\tsrc=\"https:\/\/maps.google.com\/maps?q=BIZERBA%20Wilhelm-Kraut-Stra%C3%9Fe%2065%2C%2072336%20Balingen&#038;t=m&#038;z=17&#038;output=embed&#038;iwloc=near\"\n\t\t\t\t\ttitle=\"BIZERBA Wilhelm-Kraut-Stra\u00dfe 65, 72336 Balingen\"\n\t\t\t\t\taria-label=\"BIZERBA Wilhelm-Kraut-Stra\u00dfe 65, 72336 Balingen\"\n\t\t\t><\/iframe>\n\t\t<\/div>\n\t\t\t\t\t\t<\/div>\n\t\t\t\t<\/div>\n\t\t\t\t<div class=\"elementor-element elementor-element-0cf81ec elementor-align-left elementor-widget elementor-widget-button\" data-id=\"0cf81ec\" data-element_type=\"widget\" data-e-type=\"widget\" data-widget_type=\"button.default\">\n\t\t\t\t<div class=\"elementor-widget-container\">\n\t\t\t\t\t\t\t\t\t<div class=\"elementor-button-wrapper\">\n\t\t\t\t\t<a class=\"elementor-button elementor-button-link elementor-size-sm\" href=\"https:\/\/www.google.de\/maps\/place\/Bizerba+SE+%26+Co.+KG\/@48.2677708,8.8490466,17z\/data=!3m1!4b1!4m6!3m5!1s0x479a070fd0a294a9:0x61272c69fa688afc!8m2!3d48.2677673!4d8.8516215!16s%2Fg%2F1tc_d6ng?entry=ttu&#038;g_ep=EgoyMDI0MTIxMS4wIKXMDSoASAFQAw%3D%3D\" target=\"_blank\">\n\t\t\t\t\t\t<span class=\"elementor-button-content-wrapper\">\n\t\t\t\t\t\t<span class=\"elementor-button-icon\">\n\t\t\t\t<i aria-hidden=\"true\" class=\"fas fa-map-marker-alt\"><\/i>\t\t\t<\/span>\n\t\t\t\t\t\t\t\t\t<span class=\"elementor-button-text\">Routenplaner<\/span>\n\t\t\t\t\t<\/span>\n\t\t\t\t\t<\/a>\n\t\t\t\t<\/div>\n\t\t\t\t\t\t\t\t<\/div>\n\t\t\t\t<\/div>\n\t\t\t\t\t<\/div>\n\t\t<\/div>\n\t\t\t\t\t<\/div>\n\t\t<\/section>\n\t\t\t\t<section class=\"elementor-section elementor-top-section elementor-element elementor-element-84b18ba elementor-section-boxed elementor-section-height-default elementor-section-height-default\" data-id=\"84b18ba\" data-element_type=\"section\" data-e-type=\"section\">\n\t\t\t\t\t\t<div class=\"elementor-container elementor-column-gap-default\">\n\t\t\t\t\t<div class=\"elementor-column elementor-col-50 elementor-top-column elementor-element elementor-element-b550358\" data-id=\"b550358\" data-element_type=\"column\" data-e-type=\"column\">\n\t\t\t<div class=\"elementor-widget-wrap elementor-element-populated\">\n\t\t\t\t\t\t<div class=\"elementor-element elementor-element-133248f elementor-widget elementor-widget-text-editor\" data-id=\"133248f\" data-element_type=\"widget\" data-e-type=\"widget\" data-widget_type=\"text-editor.default\">\n\t\t\t\t<div class=\"elementor-widget-container\">\n\t\t\t\t\t\t\t\t\t<h3>Herr Kraut: Haben Sie sich heute morgen schon gewogen?<\/h3>\t\t\t\t\t\t\t\t<\/div>\n\t\t\t\t<\/div>\n\t\t\t\t<div class=\"elementor-element elementor-element-d3f2537 elementor-widget elementor-widget-text-editor\" data-id=\"d3f2537\" data-element_type=\"widget\" data-e-type=\"widget\" data-widget_type=\"text-editor.default\">\n\t\t\t\t<div class=\"elementor-widget-container\">\n\t\t\t\t\t\t\t\t\tNein, nicht wirklich. Haushalts- und Personenwaagen sind nicht unser Gesch\u00e4ftsfeld. Ich bin kein Fan davon, st\u00e4ndig auf meine Smartwatch zu schauen. Ein Kilo mehr oder weniger ist f\u00fcr mich unwichtig. Wichtig ist, dass man sich wohlf\u00fchlt.  \t\t\t\t\t\t\t\t<\/div>\n\t\t\t\t<\/div>\n\t\t\t\t<div class=\"elementor-element elementor-element-96e001e elementor-widget elementor-widget-image\" data-id=\"96e001e\" data-element_type=\"widget\" data-e-type=\"widget\" data-widget_type=\"image.default\">\n\t\t\t\t<div class=\"elementor-widget-container\">\n\t\t\t\t\t\t\t\t\t\t\t\t\t\t\t<img loading=\"lazy\" decoding=\"async\" width=\"800\" height=\"1001\" src=\"https:\/\/www.feine-adressen.online\/rtz\/wp-content\/uploads\/2024\/12\/RKoch_Andreas-Kraut-Bizerba-38-818x1024.jpg\" class=\"attachment-large size-large wp-image-7422\" alt=\"\" srcset=\"https:\/\/www.feine-adressen.online\/rtz\/wp-content\/uploads\/2024\/12\/RKoch_Andreas-Kraut-Bizerba-38-818x1024.jpg 818w, https:\/\/www.feine-adressen.online\/rtz\/wp-content\/uploads\/2024\/12\/RKoch_Andreas-Kraut-Bizerba-38-240x300.jpg 240w, https:\/\/www.feine-adressen.online\/rtz\/wp-content\/uploads\/2024\/12\/RKoch_Andreas-Kraut-Bizerba-38-768x961.jpg 768w, https:\/\/www.feine-adressen.online\/rtz\/wp-content\/uploads\/2024\/12\/RKoch_Andreas-Kraut-Bizerba-38-1227x1536.jpg 1227w, https:\/\/www.feine-adressen.online\/rtz\/wp-content\/uploads\/2024\/12\/RKoch_Andreas-Kraut-Bizerba-38-1636x2048.jpg 1636w, https:\/\/www.feine-adressen.online\/rtz\/wp-content\/uploads\/2024\/12\/RKoch_Andreas-Kraut-Bizerba-38.jpg 2000w\" sizes=\"(max-width: 800px) 100vw, 800px\" \/>\t\t\t\t\t\t\t\t\t\t\t\t\t\t\t<\/div>\n\t\t\t\t<\/div>\n\t\t\t\t<div class=\"elementor-element elementor-element-d17ee30 elementor-widget elementor-widget-text-editor\" data-id=\"d17ee30\" data-element_type=\"widget\" data-e-type=\"widget\" data-widget_type=\"text-editor.default\">\n\t\t\t\t<div class=\"elementor-widget-container\">\n\t\t\t\t\t\t\t\t\t<h3>Sie stehen f\u00fcr die f\u00fcnfte Generation von Bizerba.<br \/>In Ihrem Firmenstatement sprechen Sie von \u00bbInnovation\u00ab und \u00bbTradition\u00ab. W\u00fcrden Sie f\u00fcr sich selbst einen weiteren Begriff hinzuf\u00fcgen wollen?<\/h3>\t\t\t\t\t\t\t\t<\/div>\n\t\t\t\t<\/div>\n\t\t\t\t<div class=\"elementor-element elementor-element-8d0e794 elementor-widget elementor-widget-text-editor\" data-id=\"8d0e794\" data-element_type=\"widget\" data-e-type=\"widget\" data-widget_type=\"text-editor.default\">\n\t\t\t\t<div class=\"elementor-widget-container\">\n\t\t\t\t\t\t\t\t\tIch w\u00fcrde das auch heute genau so unterschreiben. Mit jedem technischen Wandel hat sich die Firma weiterent-\nwickelt. Auch heute streben wir Technologie&shy;f\u00fchrerschaft\nan, besonders in der Software. Aber nicht als Start-up, sondern mit der langen Tradition einer Marke. Wir integrieren unsere Waagen in die Systeme unserer Kunden. Da sind wir Prozess- und L\u00f6sungspartner\nund besch\u00e4ftigen daf\u00fcr mittlerweile mehr Software-Entwickler als klassische Ingenieure! Die Heraus-\nforderungen heute sind also ganz andere.\t\t\t\t\t\t\t\t<\/div>\n\t\t\t\t<\/div>\n\t\t\t\t<div class=\"elementor-element elementor-element-8ff93c0 elementor-widget elementor-widget-text-editor\" data-id=\"8ff93c0\" data-element_type=\"widget\" data-e-type=\"widget\" data-widget_type=\"text-editor.default\">\n\t\t\t\t<div class=\"elementor-widget-container\">\n\t\t\t\t\t\t\t\t\t<h3>War Ihnen das bewusst, als Sie sich nach dem unerwarteten Tod Ihres Vaters mit gerade mal<br \/>22 Jahren entschieden haben, Bizerba im Familienbesitz zu halten?<\/h3>\t\t\t\t\t\t\t\t<\/div>\n\t\t\t\t<\/div>\n\t\t\t\t<div class=\"elementor-element elementor-element-968d935 elementor-widget elementor-widget-text-editor\" data-id=\"968d935\" data-element_type=\"widget\" data-e-type=\"widget\" data-widget_type=\"text-editor.default\">\n\t\t\t\t<div class=\"elementor-widget-container\">\n\t\t\t\t\t\t\t\t\tDamals ging es darum, die Firma zusammen&shy;zuhalten.\nIn der f\u00fcnften Generation gab es viele Gesellschafter, die sich \u00fcberlegt haben, ob ein Verkauf vielleicht besser w\u00e4re.\t\t\t\t\t\t\t\t<\/div>\n\t\t\t\t<\/div>\n\t\t\t\t\t<\/div>\n\t\t<\/div>\n\t\t\t\t<div class=\"elementor-column elementor-col-50 elementor-top-column elementor-element elementor-element-9518162\" data-id=\"9518162\" data-element_type=\"column\" data-e-type=\"column\">\n\t\t\t<div class=\"elementor-widget-wrap elementor-element-populated\">\n\t\t\t\t\t\t<div class=\"elementor-element elementor-element-d3714e5 elementor-widget elementor-widget-text-editor\" data-id=\"d3714e5\" data-element_type=\"widget\" data-e-type=\"widget\" data-settings=\"{&quot;motion_fx_motion_fx_scrolling&quot;:&quot;yes&quot;,&quot;motion_fx_translateY_effect&quot;:&quot;yes&quot;,&quot;motion_fx_devices&quot;:[&quot;desktop&quot;],&quot;motion_fx_translateY_speed&quot;:{&quot;unit&quot;:&quot;px&quot;,&quot;size&quot;:4,&quot;sizes&quot;:[]},&quot;motion_fx_translateY_affectedRange&quot;:{&quot;unit&quot;:&quot;%&quot;,&quot;size&quot;:&quot;&quot;,&quot;sizes&quot;:{&quot;start&quot;:0,&quot;end&quot;:100}}}\" data-widget_type=\"text-editor.default\">\n\t\t\t\t<div class=\"elementor-widget-container\">\n\t\t\t\t\t\t\t\t\t\u00bbIn unserem Gesch\u00e4ft ist es wichtig, lokal pr\u00e4sent zu sein.\u00ab\t\t\t\t\t\t\t\t<\/div>\n\t\t\t\t<\/div>\n\t\t\t\t\t<\/div>\n\t\t<\/div>\n\t\t\t\t\t<\/div>\n\t\t<\/section>\n\t\t<div class=\"elementor-element elementor-element-47854aa e-flex e-con-boxed e-con e-parent\" data-id=\"47854aa\" data-element_type=\"container\" data-e-type=\"container\">\n\t\t\t\t\t<div class=\"e-con-inner\">\n\t\t\t\t<div class=\"elementor-element elementor-element-87c3caa elementor-widget elementor-widget-image\" data-id=\"87c3caa\" data-element_type=\"widget\" data-e-type=\"widget\" data-widget_type=\"image.default\">\n\t\t\t\t<div class=\"elementor-widget-container\">\n\t\t\t\t\t\t\t\t\t\t\t\t<figure class=\"wp-caption\">\n\t\t\t\t\t\t\t\t\t\t<img loading=\"lazy\" decoding=\"async\" width=\"2000\" height=\"966\" src=\"https:\/\/www.feine-adressen.online\/rtz\/wp-content\/uploads\/2024\/12\/RKoch_Andreas-Kraut-Bizerba-68.jpg\" class=\"attachment-full size-full wp-image-7423\" alt=\"\" srcset=\"https:\/\/www.feine-adressen.online\/rtz\/wp-content\/uploads\/2024\/12\/RKoch_Andreas-Kraut-Bizerba-68.jpg 2000w, https:\/\/www.feine-adressen.online\/rtz\/wp-content\/uploads\/2024\/12\/RKoch_Andreas-Kraut-Bizerba-68-300x145.jpg 300w, https:\/\/www.feine-adressen.online\/rtz\/wp-content\/uploads\/2024\/12\/RKoch_Andreas-Kraut-Bizerba-68-1024x495.jpg 1024w, https:\/\/www.feine-adressen.online\/rtz\/wp-content\/uploads\/2024\/12\/RKoch_Andreas-Kraut-Bizerba-68-768x371.jpg 768w, https:\/\/www.feine-adressen.online\/rtz\/wp-content\/uploads\/2024\/12\/RKoch_Andreas-Kraut-Bizerba-68-1536x742.jpg 1536w\" sizes=\"(max-width: 2000px) 100vw, 2000px\" \/>\t\t\t\t\t\t\t\t\t\t\t<figcaption class=\"widget-image-caption wp-caption-text\">Als gr\u00f6\u00dfter Arbeitgeber in Balingen geh\u00f6rt Bizerba untrennbar zur Stadt.<\/figcaption>\n\t\t\t\t\t\t\t\t\t\t<\/figure>\n\t\t\t\t\t\t\t\t\t<\/div>\n\t\t\t\t<\/div>\n\t\t\t\t\t<\/div>\n\t\t\t\t<\/div>\n\t\t\t\t<section class=\"elementor-section elementor-top-section elementor-element elementor-element-ecc323f elementor-section-boxed elementor-section-height-default elementor-section-height-default\" data-id=\"ecc323f\" data-element_type=\"section\" data-e-type=\"section\">\n\t\t\t\t\t\t<div class=\"elementor-container elementor-column-gap-default\">\n\t\t\t\t\t<div class=\"elementor-column elementor-col-50 elementor-top-column elementor-element elementor-element-8fdf62f\" data-id=\"8fdf62f\" data-element_type=\"column\" data-e-type=\"column\">\n\t\t\t<div class=\"elementor-widget-wrap elementor-element-populated\">\n\t\t\t\t\t\t<div class=\"elementor-element elementor-element-f0a3458 elementor-widget elementor-widget-text-editor\" data-id=\"f0a3458\" data-element_type=\"widget\" data-e-type=\"widget\" data-widget_type=\"text-editor.default\">\n\t\t\t\t<div class=\"elementor-widget-container\">\n\t\t\t\t\t\t\t\t\t<h3>Was hat Sie bewogen, die Firma zu behalten?<\/h3>\t\t\t\t\t\t\t\t<\/div>\n\t\t\t\t<\/div>\n\t\t\t\t<div class=\"elementor-element elementor-element-7ba9bc3 elementor-widget elementor-widget-text-editor\" data-id=\"7ba9bc3\" data-element_type=\"widget\" data-e-type=\"widget\" data-widget_type=\"text-editor.default\">\n\t\t\t\t<div class=\"elementor-widget-container\">\n\t\t\t\t\t\t\t\t\t<p>Da bin ich meiner Mutter sehr dankbar. Als Witwe mit drei Kindern entschied sie gemeinsam mit uns: Ja, wir \u00fcbernehmen die Anteile. Das war ein Kraftakt. Das Geld f\u00fcr die \u00dcbernahme hatten wir nat\u00fcrlich nicht in der Portokasse. Aber 2016 hatten wir wieder 100 Prozent <br \/>der Anteile und konnten uns neu ausrichten.<\/p>\t\t\t\t\t\t\t\t<\/div>\n\t\t\t\t<\/div>\n\t\t\t\t<div class=\"elementor-element elementor-element-bc7112b elementor-widget elementor-widget-text-editor\" data-id=\"bc7112b\" data-element_type=\"widget\" data-e-type=\"widget\" data-widget_type=\"text-editor.default\">\n\t\t\t\t<div class=\"elementor-widget-container\">\n\t\t\t\t\t\t\t\t\t<h3>In welche Richtung?<\/h3>\t\t\t\t\t\t\t\t<\/div>\n\t\t\t\t<\/div>\n\t\t\t\t<div class=\"elementor-element elementor-element-a6a02e0 elementor-widget elementor-widget-text-editor\" data-id=\"a6a02e0\" data-element_type=\"widget\" data-e-type=\"widget\" data-widget_type=\"text-editor.default\">\n\t\t\t\t<div class=\"elementor-widget-container\">\n\t\t\t\t\t\t\t\t\tTechnologisch und mit Blick auf unsere globale Pr\u00e4senz. Wenn sie mich vorher gefragt haben, wof\u00fcr ich r\u00fcckblickend gerne einmal stehen m\u00f6chte, dann daf\u00fcr, dass wir unser Gesch\u00e4ft heute global betreiben. Vor meinem Einstieg ging ich in die USA, um mich pers\u00f6nlich weiterzuentwickeln. Aber mir war auch klar: Wir m\u00fcssen wissen, was da drau\u00dfen los ist. Und der nordamerikanische Markt war immer schon ein Zielmarkt.\t\t\t\t\t\t\t\t<\/div>\n\t\t\t\t<\/div>\n\t\t\t\t<div class=\"elementor-element elementor-element-90d77fd elementor-widget elementor-widget-text-editor\" data-id=\"90d77fd\" data-element_type=\"widget\" data-e-type=\"widget\" data-widget_type=\"text-editor.default\">\n\t\t\t\t<div class=\"elementor-widget-container\">\n\t\t\t\t\t\t\t\t\t<h3>2012 kehrten Sie dann aus den USA ins heimische Balingen zur\u00fcck.<\/h3>\t\t\t\t\t\t\t\t<\/div>\n\t\t\t\t<\/div>\n\t\t\t\t<div class=\"elementor-element elementor-element-1a7432e elementor-widget elementor-widget-text-editor\" data-id=\"1a7432e\" data-element_type=\"widget\" data-e-type=\"widget\" data-widget_type=\"text-editor.default\">\n\t\t\t\t<div class=\"elementor-widget-container\">\n\t\t\t\t\t\t\t\t\t<p>Die Wirtschaftskrise 2009 war herausfordernd und meine Mutter bat mich, zur\u00fcckzukommen und die Z\u00fcgel zu \u00fcbernehmen.<\/p>\t\t\t\t\t\t\t\t<\/div>\n\t\t\t\t<\/div>\n\t\t\t\t\t<\/div>\n\t\t<\/div>\n\t\t\t\t<div class=\"elementor-column elementor-col-50 elementor-top-column elementor-element elementor-element-97c32ef\" data-id=\"97c32ef\" data-element_type=\"column\" data-e-type=\"column\">\n\t\t\t<div class=\"elementor-widget-wrap elementor-element-populated\">\n\t\t\t\t\t\t<div class=\"elementor-element elementor-element-c334245 elementor-widget elementor-widget-text-editor\" data-id=\"c334245\" data-element_type=\"widget\" data-e-type=\"widget\" data-settings=\"{&quot;motion_fx_motion_fx_scrolling&quot;:&quot;yes&quot;,&quot;motion_fx_translateY_effect&quot;:&quot;yes&quot;,&quot;motion_fx_devices&quot;:[&quot;desktop&quot;],&quot;motion_fx_translateY_speed&quot;:{&quot;unit&quot;:&quot;px&quot;,&quot;size&quot;:4,&quot;sizes&quot;:[]},&quot;motion_fx_translateY_affectedRange&quot;:{&quot;unit&quot;:&quot;%&quot;,&quot;size&quot;:&quot;&quot;,&quot;sizes&quot;:{&quot;start&quot;:0,&quot;end&quot;:100}}}\" data-widget_type=\"text-editor.default\">\n\t\t\t\t<div class=\"elementor-widget-container\">\n\t\t\t\t\t\t\t\t\t\u00bbOffen zu sein, in M\u00f6glich&shy;keiten statt in Grenzen zu denken, hat bei Bizerba Tradition.\u00ab\t\t\t\t\t\t\t\t<\/div>\n\t\t\t\t<\/div>\n\t\t\t\t\t<\/div>\n\t\t<\/div>\n\t\t\t\t\t<\/div>\n\t\t<\/section>\n\t\t\t\t<section class=\"elementor-section elementor-top-section elementor-element elementor-element-be166a9 elementor-section-boxed elementor-section-height-default elementor-section-height-default\" data-id=\"be166a9\" data-element_type=\"section\" data-e-type=\"section\">\n\t\t\t\t\t\t<div class=\"elementor-container elementor-column-gap-default\">\n\t\t\t\t\t<div class=\"elementor-column elementor-col-50 elementor-top-column elementor-element elementor-element-e645234\" data-id=\"e645234\" data-element_type=\"column\" data-e-type=\"column\">\n\t\t\t<div class=\"elementor-widget-wrap elementor-element-populated\">\n\t\t\t\t\t\t<div class=\"elementor-element elementor-element-1c2790e elementor-widget elementor-widget-image\" data-id=\"1c2790e\" data-element_type=\"widget\" data-e-type=\"widget\" data-widget_type=\"image.default\">\n\t\t\t\t<div class=\"elementor-widget-container\">\n\t\t\t\t\t\t\t\t\t\t\t\t<figure class=\"wp-caption\">\n\t\t\t\t\t\t\t\t\t\t<img loading=\"lazy\" decoding=\"async\" width=\"800\" height=\"534\" src=\"https:\/\/www.feine-adressen.online\/rtz\/wp-content\/uploads\/2024\/12\/RKoch_Andreas-Kraut-Bizerba-62-1024x683.jpg\" class=\"attachment-large size-large wp-image-7420\" alt=\"\" srcset=\"https:\/\/www.feine-adressen.online\/rtz\/wp-content\/uploads\/2024\/12\/RKoch_Andreas-Kraut-Bizerba-62-1024x683.jpg 1024w, https:\/\/www.feine-adressen.online\/rtz\/wp-content\/uploads\/2024\/12\/RKoch_Andreas-Kraut-Bizerba-62-300x200.jpg 300w, https:\/\/www.feine-adressen.online\/rtz\/wp-content\/uploads\/2024\/12\/RKoch_Andreas-Kraut-Bizerba-62-768x512.jpg 768w, https:\/\/www.feine-adressen.online\/rtz\/wp-content\/uploads\/2024\/12\/RKoch_Andreas-Kraut-Bizerba-62-1536x1025.jpg 1536w, https:\/\/www.feine-adressen.online\/rtz\/wp-content\/uploads\/2024\/12\/RKoch_Andreas-Kraut-Bizerba-62.jpg 2000w\" sizes=\"(max-width: 800px) 100vw, 800px\" \/>\t\t\t\t\t\t\t\t\t\t\t<figcaption class=\"widget-image-caption wp-caption-text\">Andreas W. Kraut beim \u00bbfeine adressen\u00ab Unternehmer-Gespr\u00e4ch.<\/figcaption>\n\t\t\t\t\t\t\t\t\t\t<\/figure>\n\t\t\t\t\t\t\t\t\t<\/div>\n\t\t\t\t<\/div>\n\t\t\t\t<div class=\"elementor-element elementor-element-1ce36a4 elementor-widget elementor-widget-text-editor\" data-id=\"1ce36a4\" data-element_type=\"widget\" data-e-type=\"widget\" data-widget_type=\"text-editor.default\">\n\t\t\t\t<div class=\"elementor-widget-container\">\n\t\t\t\t\t\t\t\t\t<h3>Wieviel Zeit f\u00fcrs Privatleben l\u00e4sst Ihnen die Funktion als CEO?<\/h3>\t\t\t\t\t\t\t\t<\/div>\n\t\t\t\t<\/div>\n\t\t\t\t<div class=\"elementor-element elementor-element-f42ec5d elementor-widget elementor-widget-text-editor\" data-id=\"f42ec5d\" data-element_type=\"widget\" data-e-type=\"widget\" data-widget_type=\"text-editor.default\">\n\t\t\t\t<div class=\"elementor-widget-container\">\n\t\t\t\t\t\t\t\t\tWir haben ja drei Jungs, zwei davon sind in den USA geboren. Und ja, da gab es schon Zeiten, wo die Familie erst an zweiter Stelle stand.\t\t\t\t\t\t\t\t<\/div>\n\t\t\t\t<\/div>\n\t\t\t\t<div class=\"elementor-element elementor-element-4f97f1e elementor-widget elementor-widget-text-editor\" data-id=\"4f97f1e\" data-element_type=\"widget\" data-e-type=\"widget\" data-widget_type=\"text-editor.default\">\n\t\t\t\t<div class=\"elementor-widget-container\">\n\t\t\t\t\t\t\t\t\t<h3>Und heute?<\/h3>\t\t\t\t\t\t\t\t<\/div>\n\t\t\t\t<\/div>\n\t\t\t\t<div class=\"elementor-element elementor-element-d8d795f elementor-widget elementor-widget-text-editor\" data-id=\"d8d795f\" data-element_type=\"widget\" data-e-type=\"widget\" data-widget_type=\"text-editor.default\">\n\t\t\t\t<div class=\"elementor-widget-container\">\n\t\t\t\t\t\t\t\t\tIch lege Wert darauf, dass wir viel Qualit\u00e4tszeit zusammen verbringen. \t\t\t\t\t\t\t\t<\/div>\n\t\t\t\t<\/div>\n\t\t\t\t<div class=\"elementor-element elementor-element-b3eaec9 elementor-widget elementor-widget-text-editor\" data-id=\"b3eaec9\" data-element_type=\"widget\" data-e-type=\"widget\" data-widget_type=\"text-editor.default\">\n\t\t\t\t<div class=\"elementor-widget-container\">\n\t\t\t\t\t\t\t\t\t<h3>In Balingen stellt sich da ja die Frage: Handball oder Fu\u00dfball?<\/h3>\t\t\t\t\t\t\t\t<\/div>\n\t\t\t\t<\/div>\n\t\t\t\t<div class=\"elementor-element elementor-element-94f4229 elementor-widget elementor-widget-text-editor\" data-id=\"94f4229\" data-element_type=\"widget\" data-e-type=\"widget\" data-widget_type=\"text-editor.default\">\n\t\t\t\t<div class=\"elementor-widget-container\">\n\t\t\t\t\t\t\t\t\t(lacht): Nat\u00fcrlich beides. Mein Vater und Gro\u00dfvater waren im Fu\u00dfball-Aufsichtsrat. Handball in Balingen hat sich erst sp\u00e4ter so toll entwickelt. Da haben dann auch die Mitarbeiter gesagt: Das m\u00fcsst ihr unterst\u00fctzen, da m\u00fcsst ihr Flagge zeigen! Als gr\u00f6\u00dfter Arbeitgeber sind wir nicht nur irgendein Unternehmen. Bizerba und Balingen sind nicht zu trennen. Da ist nat\u00fcrlich klar, dass wir uns auch gesellschaftlich und sozial engagieren.\t\t\t\t\t\t\t\t<\/div>\n\t\t\t\t<\/div>\n\t\t\t\t\t<\/div>\n\t\t<\/div>\n\t\t\t\t<div class=\"elementor-column elementor-col-50 elementor-top-column elementor-element elementor-element-90e7165\" data-id=\"90e7165\" data-element_type=\"column\" data-e-type=\"column\">\n\t\t\t<div class=\"elementor-widget-wrap\">\n\t\t\t\t\t\t\t<\/div>\n\t\t<\/div>\n\t\t\t\t\t<\/div>\n\t\t<\/section>\n\t\t\t\t<section class=\"elementor-section elementor-top-section elementor-element elementor-element-1ce4013 elementor-section-boxed elementor-section-height-default elementor-section-height-default\" data-id=\"1ce4013\" data-element_type=\"section\" data-e-type=\"section\">\n\t\t\t\t\t\t<div class=\"elementor-container elementor-column-gap-default\">\n\t\t\t\t\t<div class=\"elementor-column elementor-col-50 elementor-top-column elementor-element elementor-element-7bdb452\" data-id=\"7bdb452\" data-element_type=\"column\" data-e-type=\"column\">\n\t\t\t<div class=\"elementor-widget-wrap elementor-element-populated\">\n\t\t\t\t\t\t<div class=\"elementor-element elementor-element-be21c20 elementor-widget elementor-widget-text-editor\" data-id=\"be21c20\" data-element_type=\"widget\" data-e-type=\"widget\" data-widget_type=\"text-editor.default\">\n\t\t\t\t<div class=\"elementor-widget-container\">\n\t\t\t\t\t\t\t\t\t<h3>Bizerba kennt man vor allem von der Metzger-Theke. Sehen Sie besondere Zukunftschancen in anderen Bereichen?<\/h3>\t\t\t\t\t\t\t\t<\/div>\n\t\t\t\t<\/div>\n\t\t\t\t<div class=\"elementor-element elementor-element-af5f1d6 elementor-widget elementor-widget-text-editor\" data-id=\"af5f1d6\" data-element_type=\"widget\" data-e-type=\"widget\" data-widget_type=\"text-editor.default\">\n\t\t\t\t<div class=\"elementor-widget-container\">\n\t\t\t\t\t\t\t\t\tDie Supermarkt-Waage ist Teil eines gr\u00f6\u00dferen Systems. Das, was fr\u00fcher an der Theke passierte, dass Produkte geteilt, abgewogen, verpackt und etikettiert wurden, das findet heute im Rahmen des Produktions&shy;prozesses statt. Und zwar in High-Speed. Wir nennen das \u00bbfrom farm to fork\u00ab. Wenn das Tier den Bauernhof verl\u00e4sst, wird es\nzum ersten Mal von einer Bizerba Waage gewogen. Das geht dann in der Schlachterei weiter, bis das fertige Filet gewogen, verpackt und etikettiert an der Kasse landet. \u00dcberall ist Bizerba dabei.\t\t\t\t\t\t\t\t<\/div>\n\t\t\t\t<\/div>\n\t\t\t\t<div class=\"elementor-element elementor-element-0942ee5 elementor-widget elementor-widget-text-editor\" data-id=\"0942ee5\" data-element_type=\"widget\" data-e-type=\"widget\" data-widget_type=\"text-editor.default\">\n\t\t\t\t<div class=\"elementor-widget-container\">\n\t\t\t\t\t\t\t\t\t<h3>Aber alles Lebensmittel?<\/h3>\t\t\t\t\t\t\t\t<\/div>\n\t\t\t\t<\/div>\n\t\t\t\t<div class=\"elementor-element elementor-element-a4bf2c8 elementor-widget elementor-widget-text-editor\" data-id=\"a4bf2c8\" data-element_type=\"widget\" data-e-type=\"widget\" data-widget_type=\"text-editor.default\">\n\t\t\t\t<div class=\"elementor-widget-container\">\n\t\t\t\t\t\t\t\t\tDas ist nur einer unserer Gesch\u00e4fts&shy;bereiche. Auch die Logistik boomt. DHL, Amazon &amp; Co, die boomen \u00fcber\nden E-Commerce. Da m\u00fcssen in den Sortieranlagen Millionen von Paketen gewogen werden. Dazu der Bereich der Inspektion von Verpackungen. Wir k\u00f6nnen\nzum Beispiel in High-Speed \u00fcberpr\u00fcfen, dass sich in den verpackten Lebensmitteln keine Metallteile befinden oder dass eine Verpackung sicher verschlossen ist. Da kommt dann die k\u00fcnstliche Intelligenz ins Spiel. Und die Waagen im Supermarkt erkennen mit Kameras direkt, welche Apfelsorte aus dem Sortiment auf der Waage liegt.\t\t\t\t\t\t\t\t<\/div>\n\t\t\t\t<\/div>\n\t\t\t\t<div class=\"elementor-element elementor-element-47f70a0 elementor-widget elementor-widget-text-editor\" data-id=\"47f70a0\" data-element_type=\"widget\" data-e-type=\"widget\" data-widget_type=\"text-editor.default\">\n\t\t\t\t<div class=\"elementor-widget-container\">\n\t\t\t\t\t\t\t\t\t<h3>Da brauchen Sie sicher auch ganz andere Leute im Unternehmen?<\/h3>\t\t\t\t\t\t\t\t<\/div>\n\t\t\t\t<\/div>\n\t\t\t\t<div class=\"elementor-element elementor-element-e3e3662 elementor-widget elementor-widget-text-editor\" data-id=\"e3e3662\" data-element_type=\"widget\" data-e-type=\"widget\" data-widget_type=\"text-editor.default\">\n\t\t\t\t<div class=\"elementor-widget-container\">\n\t\t\t\t\t\t\t\t\tJa \u2013 spannende Themenfelder wie Digitalisierung, KI, Software, Globali&shy;sierung machen uns als Arbeitgeber attraktiv. Und gleichzeitig sind wir als Firma \u00fcberschaubar, da ist man als Mitarbeiter noch wer. Kann gestalten und seinen Footprint hinterlassen. Das finden viele attraktiv.\t\t\t\t\t\t\t\t<\/div>\n\t\t\t\t<\/div>\n\t\t\t\t\t<\/div>\n\t\t<\/div>\n\t\t\t\t<div class=\"elementor-column elementor-col-50 elementor-top-column elementor-element elementor-element-d0f1225\" data-id=\"d0f1225\" data-element_type=\"column\" data-e-type=\"column\">\n\t\t\t<div class=\"elementor-widget-wrap elementor-element-populated\">\n\t\t\t\t\t\t<div class=\"elementor-element elementor-element-4ef49a6 elementor-widget elementor-widget-text-editor\" data-id=\"4ef49a6\" data-element_type=\"widget\" data-e-type=\"widget\" data-settings=\"{&quot;motion_fx_motion_fx_scrolling&quot;:&quot;yes&quot;,&quot;motion_fx_translateY_effect&quot;:&quot;yes&quot;,&quot;motion_fx_devices&quot;:[&quot;desktop&quot;],&quot;motion_fx_translateY_speed&quot;:{&quot;unit&quot;:&quot;px&quot;,&quot;size&quot;:4,&quot;sizes&quot;:[]},&quot;motion_fx_translateY_affectedRange&quot;:{&quot;unit&quot;:&quot;%&quot;,&quot;size&quot;:&quot;&quot;,&quot;sizes&quot;:{&quot;start&quot;:0,&quot;end&quot;:100}}}\" data-widget_type=\"text-editor.default\">\n\t\t\t\t<div class=\"elementor-widget-container\">\n\t\t\t\t\t\t\t\t\t\u00bbImmer besser zu werden, das treibt uns an. Und genau das verbindet uns mit Kundinnen und Kunden, \u00fcberall auf der Welt.\u00ab\t\t\t\t\t\t\t\t<\/div>\n\t\t\t\t<\/div>\n\t\t\t\t\t<\/div>\n\t\t<\/div>\n\t\t\t\t\t<\/div>\n\t\t<\/section>\n\t\t\t\t<section class=\"elementor-section elementor-top-section elementor-element elementor-element-837a00e elementor-section-boxed elementor-section-height-default elementor-section-height-default\" data-id=\"837a00e\" data-element_type=\"section\" data-e-type=\"section\">\n\t\t\t\t\t\t<div class=\"elementor-container elementor-column-gap-default\">\n\t\t\t\t\t<div class=\"elementor-column elementor-col-50 elementor-top-column elementor-element elementor-element-522f7ed\" data-id=\"522f7ed\" data-element_type=\"column\" data-e-type=\"column\">\n\t\t\t<div class=\"elementor-widget-wrap elementor-element-populated\">\n\t\t\t\t\t\t<div class=\"elementor-element elementor-element-6fcea56 elementor-widget elementor-widget-image\" data-id=\"6fcea56\" data-element_type=\"widget\" data-e-type=\"widget\" data-widget_type=\"image.default\">\n\t\t\t\t<div class=\"elementor-widget-container\">\n\t\t\t\t\t\t\t\t\t\t\t\t<figure class=\"wp-caption\">\n\t\t\t\t\t\t\t\t\t\t<img loading=\"lazy\" decoding=\"async\" width=\"800\" height=\"534\" src=\"https:\/\/www.feine-adressen.online\/rtz\/wp-content\/uploads\/2024\/12\/RKoch_Andreas-Kraut-Bizerba-63-1024x683.jpg\" class=\"attachment-large size-large wp-image-7421\" alt=\"\" srcset=\"https:\/\/www.feine-adressen.online\/rtz\/wp-content\/uploads\/2024\/12\/RKoch_Andreas-Kraut-Bizerba-63-1024x683.jpg 1024w, https:\/\/www.feine-adressen.online\/rtz\/wp-content\/uploads\/2024\/12\/RKoch_Andreas-Kraut-Bizerba-63-300x200.jpg 300w, https:\/\/www.feine-adressen.online\/rtz\/wp-content\/uploads\/2024\/12\/RKoch_Andreas-Kraut-Bizerba-63-768x512.jpg 768w, https:\/\/www.feine-adressen.online\/rtz\/wp-content\/uploads\/2024\/12\/RKoch_Andreas-Kraut-Bizerba-63-1536x1025.jpg 1536w, https:\/\/www.feine-adressen.online\/rtz\/wp-content\/uploads\/2024\/12\/RKoch_Andreas-Kraut-Bizerba-63.jpg 2000w\" sizes=\"(max-width: 800px) 100vw, 800px\" \/>\t\t\t\t\t\t\t\t\t\t\t<figcaption class=\"widget-image-caption wp-caption-text\">Seit 1866 bietet Bizerba Waagen, Schneidmaschinen, Labels und Software f\u00fcr Handwerk, Handel, Industrie und Logistik an.<\/figcaption>\n\t\t\t\t\t\t\t\t\t\t<\/figure>\n\t\t\t\t\t\t\t\t\t<\/div>\n\t\t\t\t<\/div>\n\t\t\t\t<div class=\"elementor-element elementor-element-4031f6a elementor-widget elementor-widget-text-editor\" data-id=\"4031f6a\" data-element_type=\"widget\" data-e-type=\"widget\" data-widget_type=\"text-editor.default\">\n\t\t\t\t<div class=\"elementor-widget-container\">\n\t\t\t\t\t\t\t\t\t<h3>Bizerba ist in 120 L\u00e4ndern pr\u00e4sent. Waren Sie selbst schon in allen?<\/h3>\t\t\t\t\t\t\t\t<\/div>\n\t\t\t\t<\/div>\n\t\t\t\t<div class=\"elementor-element elementor-element-823a390 elementor-widget elementor-widget-text-editor\" data-id=\"823a390\" data-element_type=\"widget\" data-e-type=\"widget\" data-widget_type=\"text-editor.default\">\n\t\t\t\t<div class=\"elementor-widget-container\">\n\t\t\t\t\t\t\t\t\tIn 80 bis 100 war ich schon. In unserem Gesch\u00e4ft ist es wichtig, lokal pr\u00e4sent zu sein. \t\t\t\t\t\t\t\t<\/div>\n\t\t\t\t<\/div>\n\t\t\t\t<div class=\"elementor-element elementor-element-e7c3878 elementor-widget elementor-widget-text-editor\" data-id=\"e7c3878\" data-element_type=\"widget\" data-e-type=\"widget\" data-widget_type=\"text-editor.default\">\n\t\t\t\t<div class=\"elementor-widget-container\">\n\t\t\t\t\t\t\t\t\t<h3>Ihre Schwester, Nicole Hoffmeister-Kraut ist als Wirtschaftsministerin in der Politik. W\u00e4ren Sie selbst auch ein guter Politiker?<\/h3>\t\t\t\t\t\t\t\t<\/div>\n\t\t\t\t<\/div>\n\t\t\t\t<div class=\"elementor-element elementor-element-f2b2f3a elementor-widget elementor-widget-text-editor\" data-id=\"f2b2f3a\" data-element_type=\"widget\" data-e-type=\"widget\" data-widget_type=\"text-editor.default\">\n\t\t\t\t<div class=\"elementor-widget-container\">\n\t\t\t\t\t\t\t\t\tEher nicht. In der Politik muss man viel abw\u00e4gen, das wird immer schwieriger. Im Unternehmen kann ich schneller Entscheidungen treffen. Auf der anderen Seite denke ich schon manchmal, vielleicht w\u00e4re es gut, auch mal selbst mitzumachen, statt immer nur zu schimpfen.\t\t\t\t\t\t\t\t<\/div>\n\t\t\t\t<\/div>\n\t\t\t\t<div class=\"elementor-element elementor-element-c1fa5ff elementor-widget elementor-widget-text-editor\" data-id=\"c1fa5ff\" data-element_type=\"widget\" data-e-type=\"widget\" data-widget_type=\"text-editor.default\">\n\t\t\t\t<div class=\"elementor-widget-container\">\n\t\t\t\t\t\t\t\t\t<p>Tauschen Sie sich oft mit Ihrer Schwester aus, so aus der Unternehmer-Praxis in die Politik?<\/p>\t\t\t\t\t\t\t\t<\/div>\n\t\t\t\t<\/div>\n\t\t\t\t<div class=\"elementor-element elementor-element-0118607 elementor-widget elementor-widget-text-editor\" data-id=\"0118607\" data-element_type=\"widget\" data-e-type=\"widget\" data-widget_type=\"text-editor.default\">\n\t\t\t\t<div class=\"elementor-widget-container\">\n\t\t\t\t\t\t\t\t\t<p>Meine Schwester ist aus der operativen Gesch\u00e4ftsf\u00fchrung raus, da gibt es eine saubere Trennung. Aber wir sprechen von Zeit zu Zeit \u00fcber Themen, die aus meiner Sicht f\u00fcr die Politik relevant sein k\u00f6nnten. Sie hat aber einen guten Beraterkreis, da sind meine Tipps eher zweitrangig.<\/p>\t\t\t\t\t\t\t\t<\/div>\n\t\t\t\t<\/div>\n\t\t\t\t\t<\/div>\n\t\t<\/div>\n\t\t\t\t<div class=\"elementor-column elementor-col-50 elementor-top-column elementor-element elementor-element-4a1923e\" data-id=\"4a1923e\" data-element_type=\"column\" data-e-type=\"column\">\n\t\t\t<div class=\"elementor-widget-wrap\">\n\t\t\t\t\t\t\t<\/div>\n\t\t<\/div>\n\t\t\t\t\t<\/div>\n\t\t<\/section>\n\t\t\t\t<section class=\"elementor-section elementor-top-section elementor-element elementor-element-51bb38a elementor-section-boxed elementor-section-height-default elementor-section-height-default\" data-id=\"51bb38a\" data-element_type=\"section\" data-e-type=\"section\">\n\t\t\t\t\t\t<div class=\"elementor-container elementor-column-gap-default\">\n\t\t\t\t\t<div class=\"elementor-column elementor-col-50 elementor-top-column elementor-element elementor-element-be4194d\" data-id=\"be4194d\" data-element_type=\"column\" data-e-type=\"column\">\n\t\t\t<div class=\"elementor-widget-wrap elementor-element-populated\">\n\t\t\t\t\t\t<div class=\"elementor-element elementor-element-95615b6 elementor-widget elementor-widget-text-editor\" data-id=\"95615b6\" data-element_type=\"widget\" data-e-type=\"widget\" data-widget_type=\"text-editor.default\">\n\t\t\t\t<div class=\"elementor-widget-container\">\n\t\t\t\t\t\t\t\t\t<h3>Herr Kraut, herzlichen Dank f\u00fcr das Gespr\u00e4ch.<br \/>Am Schluss noch eine pers\u00f6nliche Frage: Was w\u00fcrden sie Ihren S\u00f6hnen f\u00fcr die Berufswahl raten: YouTuber, Fu\u00dfballer oder Familienunternehmer?<\/h3>\t\t\t\t\t\t\t\t<\/div>\n\t\t\t\t<\/div>\n\t\t\t\t<div class=\"elementor-element elementor-element-2330887 elementor-widget elementor-widget-text-editor\" data-id=\"2330887\" data-element_type=\"widget\" data-e-type=\"widget\" data-widget_type=\"text-editor.default\">\n\t\t\t\t<div class=\"elementor-widget-container\">\n\t\t\t\t\t\t\t\t\tDas m\u00fcssen sie selbst wissen. Wichtig ist, dass man das, was man tut, gerne tut. Wenn einer in der Firma eine Rolle spielen m\u00f6chte, gerne. Aber wenn er gerne Arzt oder Fu\u00dfballer werden m\u00f6chte, dann ist das auch okay.\t\t\t\t\t\t\t\t<\/div>\n\t\t\t\t<\/div>\n\t\t\t\t<div class=\"elementor-element elementor-element-410d3ba elementor-widget elementor-widget-text-editor\" data-id=\"410d3ba\" data-element_type=\"widget\" data-e-type=\"widget\" data-widget_type=\"text-editor.default\">\n\t\t\t\t<div class=\"elementor-widget-container\">\n\t\t\t\t\t\t\t\t\t<h3>H\u00e4tte einer der drei das Zeug zum Fu\u00dfballer?<\/h3>\t\t\t\t\t\t\t\t<\/div>\n\t\t\t\t<\/div>\n\t\t\t\t<div class=\"elementor-element elementor-element-db91d36 elementor-widget elementor-widget-text-editor\" data-id=\"db91d36\" data-element_type=\"widget\" data-e-type=\"widget\" data-widget_type=\"text-editor.default\">\n\t\t\t\t<div class=\"elementor-widget-container\">\n\t\t\t\t\t\t\t\t\t(lacht): Eher nicht zum Profi. Ihre sportlichen Karrieren sind bislang \u00fcberschaubar.\t\t\t\t\t\t\t\t<\/div>\n\t\t\t\t<\/div>\n\t\t\t\t\t<\/div>\n\t\t<\/div>\n\t\t\t\t<div class=\"elementor-column elementor-col-50 elementor-top-column elementor-element elementor-element-a477668\" data-id=\"a477668\" data-element_type=\"column\" data-e-type=\"column\">\n\t\t\t<div class=\"elementor-widget-wrap\">\n\t\t\t\t\t\t\t<\/div>\n\t\t<\/div>\n\t\t\t\t\t<\/div>\n\t\t<\/section>\n\t\t\t\t<section class=\"elementor-section elementor-top-section elementor-element elementor-element-aac4029 elementor-hidden-desktop elementor-section-boxed elementor-section-height-default elementor-section-height-default\" data-id=\"aac4029\" data-element_type=\"section\" data-e-type=\"section\">\n\t\t\t\t\t\t<div class=\"elementor-container elementor-column-gap-default\">\n\t\t\t\t\t<div class=\"elementor-column elementor-col-100 elementor-top-column elementor-element elementor-element-d52b2f2\" data-id=\"d52b2f2\" data-element_type=\"column\" data-e-type=\"column\" data-settings=\"{&quot;background_background&quot;:&quot;classic&quot;}\">\n\t\t\t<div class=\"elementor-widget-wrap elementor-element-populated\">\n\t\t\t\t\t\t<div class=\"elementor-element elementor-element-9e4c380 elementor-widget__width-initial elementor-widget elementor-widget-text-editor\" data-id=\"9e4c380\" data-element_type=\"widget\" data-e-type=\"widget\" data-widget_type=\"text-editor.default\">\n\t\t\t\t<div class=\"elementor-widget-container\">\n\t\t\t\t\t\t\t\t\t<p><strong>Bizerba SE &amp; Co. KG<\/strong><\/p><p>Wilhelm-Kraut-Stra\u00dfe 65<br \/>72336 Balingen<br \/>Telefon: +49 7433 12-0<br \/><a href=\"https:\/\/www.bizerba.com\" target=\"_blank\" rel=\"noopener\">www.bizerba.com<\/a><\/p>\t\t\t\t\t\t\t\t<\/div>\n\t\t\t\t<\/div>\n\t\t\t\t<div class=\"elementor-element elementor-element-60ff02a elementor-widget elementor-widget-image\" data-id=\"60ff02a\" data-element_type=\"widget\" data-e-type=\"widget\" data-widget_type=\"image.default\">\n\t\t\t\t<div class=\"elementor-widget-container\">\n\t\t\t\t\t\t\t\t\t\t\t\t\t\t\t<img decoding=\"async\" width=\"499\" height=\"90\" src=\"https:\/\/www.feine-adressen.online\/rtz\/wp-content\/uploads\/2024\/12\/logo_bizerba-1.png\" class=\"attachment-large size-large wp-image-7430\" alt=\"\" srcset=\"https:\/\/www.feine-adressen.online\/rtz\/wp-content\/uploads\/2024\/12\/logo_bizerba-1.png 499w, https:\/\/www.feine-adressen.online\/rtz\/wp-content\/uploads\/2024\/12\/logo_bizerba-1-300x54.png 300w\" sizes=\"(max-width: 499px) 100vw, 499px\" \/>\t\t\t\t\t\t\t\t\t\t\t\t\t\t\t<\/div>\n\t\t\t\t<\/div>\n\t\t\t\t<div class=\"elementor-element elementor-element-be57e90 elementor-widget elementor-widget-google_maps\" data-id=\"be57e90\" data-element_type=\"widget\" data-e-type=\"widget\" data-widget_type=\"google_maps.default\">\n\t\t\t\t<div class=\"elementor-widget-container\">\n\t\t\t\t\t\t\t<div class=\"elementor-custom-embed\">\n\t\t\t<iframe loading=\"lazy\"\n\t\t\t\t\tsrc=\"https:\/\/maps.google.com\/maps?q=BIZERBA%20Wilhelm-Kraut-Stra%C3%9Fe%2065%2C%2072336%20Balingen&#038;t=m&#038;z=17&#038;output=embed&#038;iwloc=near\"\n\t\t\t\t\ttitle=\"BIZERBA Wilhelm-Kraut-Stra\u00dfe 65, 72336 Balingen\"\n\t\t\t\t\taria-label=\"BIZERBA Wilhelm-Kraut-Stra\u00dfe 65, 72336 Balingen\"\n\t\t\t><\/iframe>\n\t\t<\/div>\n\t\t\t\t\t\t<\/div>\n\t\t\t\t<\/div>\n\t\t\t\t<div class=\"elementor-element elementor-element-0953961 elementor-align-left elementor-widget elementor-widget-button\" data-id=\"0953961\" data-element_type=\"widget\" data-e-type=\"widget\" data-widget_type=\"button.default\">\n\t\t\t\t<div class=\"elementor-widget-container\">\n\t\t\t\t\t\t\t\t\t<div class=\"elementor-button-wrapper\">\n\t\t\t\t\t<a class=\"elementor-button elementor-button-link elementor-size-sm\" href=\"https:\/\/www.google.de\/maps\/place\/Bizerba+SE+%26+Co.+KG\/@48.2677708,8.8490466,17z\/data=!3m1!4b1!4m6!3m5!1s0x479a070fd0a294a9:0x61272c69fa688afc!8m2!3d48.2677673!4d8.8516215!16s%2Fg%2F1tc_d6ng?entry=ttu&#038;g_ep=EgoyMDI0MTIxMS4wIKXMDSoASAFQAw%3D%3D\" target=\"_blank\">\n\t\t\t\t\t\t<span class=\"elementor-button-content-wrapper\">\n\t\t\t\t\t\t<span class=\"elementor-button-icon\">\n\t\t\t\t<i aria-hidden=\"true\" class=\"fas fa-map-marker-alt\"><\/i>\t\t\t<\/span>\n\t\t\t\t\t\t\t\t\t<span class=\"elementor-button-text\">Routenplaner<\/span>\n\t\t\t\t\t<\/span>\n\t\t\t\t\t<\/a>\n\t\t\t\t<\/div>\n\t\t\t\t\t\t\t\t<\/div>\n\t\t\t\t<\/div>\n\t\t\t\t\t<\/div>\n\t\t<\/div>\n\t\t\t\t\t<\/div>\n\t\t<\/section>\n\t\t\t\t<section class=\"elementor-section elementor-top-section elementor-element elementor-element-4b47c327 elementor-section-boxed elementor-section-height-default elementor-section-height-default\" data-id=\"4b47c327\" data-element_type=\"section\" data-e-type=\"section\">\n\t\t\t\t\t\t<div class=\"elementor-container elementor-column-gap-default\">\n\t\t\t\t\t<div class=\"elementor-column elementor-col-100 elementor-top-column elementor-element elementor-element-2ccba325\" data-id=\"2ccba325\" data-element_type=\"column\" data-e-type=\"column\">\n\t\t\t<div class=\"elementor-widget-wrap elementor-element-populated\">\n\t\t\t\t\t\t<div class=\"elementor-element elementor-element-9a72311 elementor-widget-divider--view-line elementor-widget elementor-widget-divider\" data-id=\"9a72311\" data-element_type=\"widget\" data-e-type=\"widget\" data-widget_type=\"divider.default\">\n\t\t\t\t<div class=\"elementor-widget-container\">\n\t\t\t\t\t\t\t<div class=\"elementor-divider\">\n\t\t\t<span class=\"elementor-divider-separator\">\n\t\t\t\t\t\t<\/span>\n\t\t<\/div>\n\t\t\t\t\t\t<\/div>\n\t\t\t\t<\/div>\n\t\t\t\t<div class=\"elementor-element elementor-element-3d63e675 elementor-widget__width-initial elementor-widget elementor-widget-text-editor\" data-id=\"3d63e675\" data-element_type=\"widget\" data-e-type=\"widget\" data-widget_type=\"text-editor.default\">\n\t\t\t\t<div class=\"elementor-widget-container\">\n\t\t\t\t\t\t\t\t\t<div class=\"ewa-rteLine\"><p>Mehr aus dem Bereich <strong>MENSCHEN<\/strong> entdecken:<\/p><\/div>\t\t\t\t\t\t\t\t<\/div>\n\t\t\t\t<\/div>\n\t\t\t\t<div class=\"elementor-element elementor-element-5fce60af elementor-grid-3 elementor-grid-tablet-2 elementor-grid-mobile-1 elementor-posts--thumbnail-top elementor-card-shadow-yes elementor-posts__hover-gradient elementor-widget elementor-widget-posts\" data-id=\"5fce60af\" data-element_type=\"widget\" data-e-type=\"widget\" data-settings=\"{&quot;cards_masonry&quot;:&quot;yes&quot;,&quot;pagination_type&quot;:&quot;prev_next&quot;,&quot;cards_columns&quot;:&quot;3&quot;,&quot;cards_columns_tablet&quot;:&quot;2&quot;,&quot;cards_columns_mobile&quot;:&quot;1&quot;,&quot;cards_row_gap&quot;:{&quot;unit&quot;:&quot;px&quot;,&quot;size&quot;:35,&quot;sizes&quot;:[]},&quot;cards_row_gap_tablet&quot;:{&quot;unit&quot;:&quot;px&quot;,&quot;size&quot;:&quot;&quot;,&quot;sizes&quot;:[]},&quot;cards_row_gap_mobile&quot;:{&quot;unit&quot;:&quot;px&quot;,&quot;size&quot;:&quot;&quot;,&quot;sizes&quot;:[]}}\" data-widget_type=\"posts.cards\">\n\t\t\t\t<div class=\"elementor-widget-container\">\n\t\t\t\t\t\t\t<div class=\"elementor-posts-container elementor-posts elementor-posts--skin-cards elementor-grid\" role=\"list\">\n\t\t\t\t<article class=\"elementor-post elementor-grid-item post-2949 post type-post status-publish format-standard has-post-thumbnail hentry category-menschen tag-aesthetik tag-dermatologie tag-gesundheit tag-medizin tag-menschen tag-reutlingen tag-schoenheit\" role=\"listitem\">\n\t\t\t<div class=\"elementor-post__card\">\n\t\t\t\t<a class=\"elementor-post__thumbnail__link\" href=\"https:\/\/www.feine-adressen.online\/rtz\/dr-monika-brueck\/\" tabindex=\"-1\" ><div class=\"elementor-post__thumbnail\"><img loading=\"lazy\" decoding=\"async\" width=\"300\" height=\"300\" src=\"https:\/\/www.feine-adressen.online\/rtz\/wp-content\/uploads\/2023\/12\/Monika-Brueck_Favoriten-fuer-Titelbild_bearb-e1703150287478-300x300.jpg\" class=\"attachment-medium size-medium wp-image-2952\" alt=\"Dr. Monika Br\u00fcck\" srcset=\"https:\/\/www.feine-adressen.online\/rtz\/wp-content\/uploads\/2023\/12\/Monika-Brueck_Favoriten-fuer-Titelbild_bearb-e1703150287478-300x300.jpg 300w, https:\/\/www.feine-adressen.online\/rtz\/wp-content\/uploads\/2023\/12\/Monika-Brueck_Favoriten-fuer-Titelbild_bearb-e1703150287478-1024x1024.jpg 1024w, https:\/\/www.feine-adressen.online\/rtz\/wp-content\/uploads\/2023\/12\/Monika-Brueck_Favoriten-fuer-Titelbild_bearb-e1703150287478-150x150.jpg 150w, https:\/\/www.feine-adressen.online\/rtz\/wp-content\/uploads\/2023\/12\/Monika-Brueck_Favoriten-fuer-Titelbild_bearb-e1703150287478-768x768.jpg 768w, https:\/\/www.feine-adressen.online\/rtz\/wp-content\/uploads\/2023\/12\/Monika-Brueck_Favoriten-fuer-Titelbild_bearb-e1703150287478.jpg 1126w\" sizes=\"(max-width: 300px) 100vw, 300px\" \/><\/div><\/a>\n\t\t\t\t<div class=\"elementor-post__badge\">Menschen<\/div>\n\t\t\t\t<div class=\"elementor-post__text\">\n\t\t\t\t<h3 class=\"elementor-post__title\">\n\t\t\t<a href=\"https:\/\/www.feine-adressen.online\/rtz\/dr-monika-brueck\/\" >\n\t\t\t\tDr. Monika Br\u00fcck  \u2013 Fach\u00e4rztin f\u00fcr Dermatologie und \u00e4sthetische Medizin\t\t\t<\/a>\n\t\t<\/h3>\n\t\t\n\t\t<a class=\"elementor-post__read-more\" href=\"https:\/\/www.feine-adressen.online\/rtz\/dr-monika-brueck\/\" aria-label=\"Mehr \u00fcber Dr. Monika Br\u00fcck  \u2013 Fach\u00e4rztin f\u00fcr Dermatologie und \u00e4sthetische Medizin\" tabindex=\"-1\" >\n\t\t\tMehr Erfahren \u00bb\t\t<\/a>\n\n\t\t\t\t<\/div>\n\t\t\t\t\t<\/div>\n\t\t<\/article>\n\t\t\t\t<article class=\"elementor-post elementor-grid-item post-4057 post type-post status-publish format-standard has-post-thumbnail hentry category-menschen tag-autor tag-bildhauer tag-friseur tag-kunst tag-menschen tag-reutlingen tag-tuebingen\" role=\"listitem\">\n\t\t\t<div class=\"elementor-post__card\">\n\t\t\t\t<a class=\"elementor-post__thumbnail__link\" href=\"https:\/\/www.feine-adressen.online\/rtz\/oliver-klam\/\" tabindex=\"-1\" ><div class=\"elementor-post__thumbnail\"><img loading=\"lazy\" decoding=\"async\" width=\"300\" height=\"300\" src=\"https:\/\/www.feine-adressen.online\/rtz\/wp-content\/uploads\/2024\/02\/kachelbild-e1709225060831-300x300.jpg\" class=\"attachment-medium size-medium wp-image-4155\" alt=\"Oliver Klam\" srcset=\"https:\/\/www.feine-adressen.online\/rtz\/wp-content\/uploads\/2024\/02\/kachelbild-e1709225060831-300x300.jpg 300w, https:\/\/www.feine-adressen.online\/rtz\/wp-content\/uploads\/2024\/02\/kachelbild-e1709225060831-150x150.jpg 150w, https:\/\/www.feine-adressen.online\/rtz\/wp-content\/uploads\/2024\/02\/kachelbild-e1709225060831.jpg 516w\" sizes=\"(max-width: 300px) 100vw, 300px\" \/><\/div><\/a>\n\t\t\t\t<div class=\"elementor-post__badge\">Menschen<\/div>\n\t\t\t\t<div class=\"elementor-post__text\">\n\t\t\t\t<h3 class=\"elementor-post__title\">\n\t\t\t<a href=\"https:\/\/www.feine-adressen.online\/rtz\/oliver-klam\/\" >\n\t\t\t\tOliver Klam &#8211; Inspirierende Kunst des K\u00fcnstlers und Bildhauers\t\t\t<\/a>\n\t\t<\/h3>\n\t\t\n\t\t<a class=\"elementor-post__read-more\" href=\"https:\/\/www.feine-adressen.online\/rtz\/oliver-klam\/\" aria-label=\"Mehr \u00fcber Oliver Klam &#8211; Inspirierende Kunst des K\u00fcnstlers und Bildhauers\" tabindex=\"-1\" >\n\t\t\tMehr Erfahren \u00bb\t\t<\/a>\n\n\t\t\t\t<\/div>\n\t\t\t\t\t<\/div>\n\t\t<\/article>\n\t\t\t\t<article class=\"elementor-post elementor-grid-item post-7413 post type-post status-publish format-standard has-post-thumbnail hentry category-menschen tag-balingen tag-menschen tag-schneidetechnologie tag-waagen\" role=\"listitem\">\n\t\t\t<div class=\"elementor-post__card\">\n\t\t\t\t<a class=\"elementor-post__thumbnail__link\" href=\"https:\/\/www.feine-adressen.online\/rtz\/andreas-w-kraut\/\" tabindex=\"-1\" ><div class=\"elementor-post__thumbnail\"><img loading=\"lazy\" decoding=\"async\" width=\"240\" height=\"300\" src=\"https:\/\/www.feine-adressen.online\/rtz\/wp-content\/uploads\/2024\/12\/RKoch_Andreas-Kraut-Bizerba-38-240x300.jpg\" class=\"attachment-medium size-medium wp-image-7422\" alt=\"\" srcset=\"https:\/\/www.feine-adressen.online\/rtz\/wp-content\/uploads\/2024\/12\/RKoch_Andreas-Kraut-Bizerba-38-240x300.jpg 240w, https:\/\/www.feine-adressen.online\/rtz\/wp-content\/uploads\/2024\/12\/RKoch_Andreas-Kraut-Bizerba-38-818x1024.jpg 818w, https:\/\/www.feine-adressen.online\/rtz\/wp-content\/uploads\/2024\/12\/RKoch_Andreas-Kraut-Bizerba-38-768x961.jpg 768w, https:\/\/www.feine-adressen.online\/rtz\/wp-content\/uploads\/2024\/12\/RKoch_Andreas-Kraut-Bizerba-38-1227x1536.jpg 1227w, https:\/\/www.feine-adressen.online\/rtz\/wp-content\/uploads\/2024\/12\/RKoch_Andreas-Kraut-Bizerba-38-1636x2048.jpg 1636w, https:\/\/www.feine-adressen.online\/rtz\/wp-content\/uploads\/2024\/12\/RKoch_Andreas-Kraut-Bizerba-38.jpg 2000w\" sizes=\"(max-width: 240px) 100vw, 240px\" \/><\/div><\/a>\n\t\t\t\t<div class=\"elementor-post__badge\">Menschen<\/div>\n\t\t\t\t<div class=\"elementor-post__text\">\n\t\t\t\t<h3 class=\"elementor-post__title\">\n\t\t\t<a href=\"https:\/\/www.feine-adressen.online\/rtz\/andreas-w-kraut\/\" >\n\t\t\t\tAndreas W. Kraut \u2013 Ich wiege mich nicht t\u00e4glich\t\t\t<\/a>\n\t\t<\/h3>\n\t\t\n\t\t<a class=\"elementor-post__read-more\" href=\"https:\/\/www.feine-adressen.online\/rtz\/andreas-w-kraut\/\" aria-label=\"Mehr \u00fcber Andreas W. Kraut \u2013 Ich wiege mich nicht t\u00e4glich\" tabindex=\"-1\" >\n\t\t\tMehr Erfahren \u00bb\t\t<\/a>\n\n\t\t\t\t<\/div>\n\t\t\t\t\t<\/div>\n\t\t<\/article>\n\t\t\t\t<\/div>\n\t\t\n\t\t\t\t\t\t<\/div>\n\t\t\t\t<\/div>\n\t\t\t\t\t<\/div>\n\t\t<\/div>\n\t\t\t\t\t<\/div>\n\t\t<\/section>\n\t\t\t\t<\/div>\n\t\t","protected":false},"excerpt":{"rendered":"<p>Zur\u00fcck zur Auswahl Andreas W. Kraut Ich wiege mich nicht t\u00e4glich. Andreas W. Kraut, CEO und Gesellschafter von Bizerba, gestaltet die Zukunft des marktf\u00fchrenden Anbieters<\/p>\n","protected":false},"author":2,"featured_media":7422,"comment_status":"closed","ping_status":"open","sticky":false,"template":"elementor_header_footer","format":"standard","meta":{"iawp_total_views":30,"footnotes":""},"categories":[148],"tags":[76,171,331,330],"class_list":["post-7413","post","type-post","status-publish","format-standard","has-post-thumbnail","hentry","category-menschen","tag-balingen","tag-menschen","tag-schneidetechnologie","tag-waagen"],"yoast_head":"<!-- This site is optimized with the Yoast SEO plugin v26.9 - https:\/\/yoast.com\/product\/yoast-seo-wordpress\/ -->\n<title>Andreas W. Kraut \u2013 Ich wiege mich nicht t\u00e4glich - feine adressen<\/title>\n<meta name=\"description\" content=\"Andreas W. Kraut, CEO und Gesellschafter von Bizerba gestaltet die Zukunft des marktf\u00fchrenden Anbieters f\u00fcr W\u00e4ge- und Schneidetechnologie.\" \/>\n<meta name=\"robots\" content=\"index, follow, max-snippet:-1, max-image-preview:large, max-video-preview:-1\" \/>\n<link rel=\"canonical\" href=\"https:\/\/www.feine-adressen.online\/rtz\/andreas-w-kraut\/\" \/>\n<meta property=\"og:locale\" content=\"de_DE\" \/>\n<meta property=\"og:type\" content=\"article\" \/>\n<meta property=\"og:title\" content=\"Andreas W. Kraut \u2013 Ich wiege mich nicht t\u00e4glich - feine adressen\" \/>\n<meta property=\"og:description\" content=\"Andreas W. Kraut, CEO und Gesellschafter von Bizerba gestaltet die Zukunft des marktf\u00fchrenden Anbieters f\u00fcr W\u00e4ge- und Schneidetechnologie.\" \/>\n<meta property=\"og:url\" content=\"https:\/\/www.feine-adressen.online\/rtz\/andreas-w-kraut\/\" \/>\n<meta property=\"og:site_name\" content=\"feine adressen\" \/>\n<meta property=\"article:published_time\" content=\"2024-12-17T12:38:50+00:00\" \/>\n<meta property=\"article:modified_time\" content=\"2025-02-04T10:04:02+00:00\" \/>\n<meta property=\"og:image\" content=\"https:\/\/www.feine-adressen.online\/rtz\/wp-content\/uploads\/2024\/12\/RKoch_Andreas-Kraut-Bizerba-38.jpg\" \/>\n\t<meta property=\"og:image:width\" content=\"2000\" \/>\n\t<meta property=\"og:image:height\" content=\"2503\" \/>\n\t<meta property=\"og:image:type\" content=\"image\/jpeg\" \/>\n<meta name=\"author\" content=\"thomas\" \/>\n<meta name=\"twitter:card\" content=\"summary_large_image\" \/>\n<meta name=\"twitter:label1\" content=\"Verfasst von\" \/>\n\t<meta name=\"twitter:data1\" content=\"thomas\" \/>\n\t<meta name=\"twitter:label2\" content=\"Gesch\u00e4tzte Lesezeit\" \/>\n\t<meta name=\"twitter:data2\" content=\"9\u00a0Minuten\" \/>\n<script type=\"application\/ld+json\" class=\"yoast-schema-graph\">{\"@context\":\"https:\/\/schema.org\",\"@graph\":[{\"@type\":\"Article\",\"@id\":\"https:\/\/www.feine-adressen.online\/rtz\/andreas-w-kraut\/#article\",\"isPartOf\":{\"@id\":\"https:\/\/www.feine-adressen.online\/rtz\/andreas-w-kraut\/\"},\"author\":{\"name\":\"thomas\",\"@id\":\"https:\/\/www.feine-adressen.online\/rtz\/#\/schema\/person\/9afb47a3a3385433e9879ab55bc3675c\"},\"headline\":\"Andreas W. Kraut \u2013 Ich wiege mich nicht t\u00e4glich\",\"datePublished\":\"2024-12-17T12:38:50+00:00\",\"dateModified\":\"2025-02-04T10:04:02+00:00\",\"mainEntityOfPage\":{\"@id\":\"https:\/\/www.feine-adressen.online\/rtz\/andreas-w-kraut\/\"},\"wordCount\":1188,\"publisher\":{\"@id\":\"https:\/\/www.feine-adressen.online\/rtz\/#organization\"},\"image\":{\"@id\":\"https:\/\/www.feine-adressen.online\/rtz\/andreas-w-kraut\/#primaryimage\"},\"thumbnailUrl\":\"https:\/\/www.feine-adressen.online\/rtz\/wp-content\/uploads\/2024\/12\/RKoch_Andreas-Kraut-Bizerba-38.jpg\",\"keywords\":[\"Balingen\",\"Menschen\",\"Schneidetechnologie\",\"Waagen\"],\"articleSection\":[\"Menschen\"],\"inLanguage\":\"de\"},{\"@type\":\"WebPage\",\"@id\":\"https:\/\/www.feine-adressen.online\/rtz\/andreas-w-kraut\/\",\"url\":\"https:\/\/www.feine-adressen.online\/rtz\/andreas-w-kraut\/\",\"name\":\"Andreas W. Kraut \u2013 Ich wiege mich nicht t\u00e4glich - feine adressen\",\"isPartOf\":{\"@id\":\"https:\/\/www.feine-adressen.online\/rtz\/#website\"},\"primaryImageOfPage\":{\"@id\":\"https:\/\/www.feine-adressen.online\/rtz\/andreas-w-kraut\/#primaryimage\"},\"image\":{\"@id\":\"https:\/\/www.feine-adressen.online\/rtz\/andreas-w-kraut\/#primaryimage\"},\"thumbnailUrl\":\"https:\/\/www.feine-adressen.online\/rtz\/wp-content\/uploads\/2024\/12\/RKoch_Andreas-Kraut-Bizerba-38.jpg\",\"datePublished\":\"2024-12-17T12:38:50+00:00\",\"dateModified\":\"2025-02-04T10:04:02+00:00\",\"description\":\"Andreas W. Kraut, CEO und Gesellschafter von Bizerba gestaltet die Zukunft des marktf\u00fchrenden Anbieters f\u00fcr W\u00e4ge- und Schneidetechnologie.\",\"breadcrumb\":{\"@id\":\"https:\/\/www.feine-adressen.online\/rtz\/andreas-w-kraut\/#breadcrumb\"},\"inLanguage\":\"de\",\"potentialAction\":[{\"@type\":\"ReadAction\",\"target\":[\"https:\/\/www.feine-adressen.online\/rtz\/andreas-w-kraut\/\"]}]},{\"@type\":\"ImageObject\",\"inLanguage\":\"de\",\"@id\":\"https:\/\/www.feine-adressen.online\/rtz\/andreas-w-kraut\/#primaryimage\",\"url\":\"https:\/\/www.feine-adressen.online\/rtz\/wp-content\/uploads\/2024\/12\/RKoch_Andreas-Kraut-Bizerba-38.jpg\",\"contentUrl\":\"https:\/\/www.feine-adressen.online\/rtz\/wp-content\/uploads\/2024\/12\/RKoch_Andreas-Kraut-Bizerba-38.jpg\",\"width\":2000,\"height\":2503},{\"@type\":\"BreadcrumbList\",\"@id\":\"https:\/\/www.feine-adressen.online\/rtz\/andreas-w-kraut\/#breadcrumb\",\"itemListElement\":[{\"@type\":\"ListItem\",\"position\":1,\"name\":\"Startseite\",\"item\":\"https:\/\/www.feine-adressen.online\/rtz\/\"},{\"@type\":\"ListItem\",\"position\":2,\"name\":\"Andreas W. Kraut \u2013 Ich wiege mich nicht t\u00e4glich\"}]},{\"@type\":\"WebSite\",\"@id\":\"https:\/\/www.feine-adressen.online\/rtz\/#website\",\"url\":\"https:\/\/www.feine-adressen.online\/rtz\/\",\"name\":\"feine adressen\",\"description\":\"Reutlingen \/ T\u00fcbingen \/ Zollernalb\",\"publisher\":{\"@id\":\"https:\/\/www.feine-adressen.online\/rtz\/#organization\"},\"potentialAction\":[{\"@type\":\"SearchAction\",\"target\":{\"@type\":\"EntryPoint\",\"urlTemplate\":\"https:\/\/www.feine-adressen.online\/rtz\/?s={search_term_string}\"},\"query-input\":{\"@type\":\"PropertyValueSpecification\",\"valueRequired\":true,\"valueName\":\"search_term_string\"}}],\"inLanguage\":\"de\"},{\"@type\":\"Organization\",\"@id\":\"https:\/\/www.feine-adressen.online\/rtz\/#organization\",\"name\":\"feine adressen\",\"url\":\"https:\/\/www.feine-adressen.online\/rtz\/\",\"logo\":{\"@type\":\"ImageObject\",\"inLanguage\":\"de\",\"@id\":\"https:\/\/www.feine-adressen.online\/rtz\/#\/schema\/logo\/image\/\",\"url\":\"https:\/\/www.feine-adressen.online\/rtz\/wp-content\/uploads\/2023\/08\/kopf_2000.png\",\"contentUrl\":\"https:\/\/www.feine-adressen.online\/rtz\/wp-content\/uploads\/2023\/08\/kopf_2000.png\",\"width\":2000,\"height\":800,\"caption\":\"feine adressen\"},\"image\":{\"@id\":\"https:\/\/www.feine-adressen.online\/rtz\/#\/schema\/logo\/image\/\"}},{\"@type\":\"Person\",\"@id\":\"https:\/\/www.feine-adressen.online\/rtz\/#\/schema\/person\/9afb47a3a3385433e9879ab55bc3675c\",\"name\":\"thomas\",\"image\":{\"@type\":\"ImageObject\",\"inLanguage\":\"de\",\"@id\":\"https:\/\/www.feine-adressen.online\/rtz\/#\/schema\/person\/image\/\",\"url\":\"https:\/\/secure.gravatar.com\/avatar\/b121218ce010fef9e9d1bbba38a84a6ab6278186dd77e78d0137afb2b3dc3eaf?s=96&d=mm&r=g\",\"contentUrl\":\"https:\/\/secure.gravatar.com\/avatar\/b121218ce010fef9e9d1bbba38a84a6ab6278186dd77e78d0137afb2b3dc3eaf?s=96&d=mm&r=g\",\"caption\":\"thomas\"},\"url\":\"https:\/\/www.feine-adressen.online\/rtz\/author\/thomas\/\"}]}<\/script>\n<!-- \/ Yoast SEO plugin. -->","yoast_head_json":{"title":"Andreas W. Kraut \u2013 Ich wiege mich nicht t\u00e4glich - feine adressen","description":"Andreas W. Kraut, CEO und Gesellschafter von Bizerba gestaltet die Zukunft des marktf\u00fchrenden Anbieters f\u00fcr W\u00e4ge- und Schneidetechnologie.","robots":{"index":"index","follow":"follow","max-snippet":"max-snippet:-1","max-image-preview":"max-image-preview:large","max-video-preview":"max-video-preview:-1"},"canonical":"https:\/\/www.feine-adressen.online\/rtz\/andreas-w-kraut\/","og_locale":"de_DE","og_type":"article","og_title":"Andreas W. Kraut \u2013 Ich wiege mich nicht t\u00e4glich - feine adressen","og_description":"Andreas W. Kraut, CEO und Gesellschafter von Bizerba gestaltet die Zukunft des marktf\u00fchrenden Anbieters f\u00fcr W\u00e4ge- und Schneidetechnologie.","og_url":"https:\/\/www.feine-adressen.online\/rtz\/andreas-w-kraut\/","og_site_name":"feine adressen","article_published_time":"2024-12-17T12:38:50+00:00","article_modified_time":"2025-02-04T10:04:02+00:00","og_image":[{"width":2000,"height":2503,"url":"https:\/\/www.feine-adressen.online\/rtz\/wp-content\/uploads\/2024\/12\/RKoch_Andreas-Kraut-Bizerba-38.jpg","type":"image\/jpeg"}],"author":"thomas","twitter_card":"summary_large_image","twitter_misc":{"Verfasst von":"thomas","Gesch\u00e4tzte Lesezeit":"9\u00a0Minuten"},"schema":{"@context":"https:\/\/schema.org","@graph":[{"@type":"Article","@id":"https:\/\/www.feine-adressen.online\/rtz\/andreas-w-kraut\/#article","isPartOf":{"@id":"https:\/\/www.feine-adressen.online\/rtz\/andreas-w-kraut\/"},"author":{"name":"thomas","@id":"https:\/\/www.feine-adressen.online\/rtz\/#\/schema\/person\/9afb47a3a3385433e9879ab55bc3675c"},"headline":"Andreas W. Kraut \u2013 Ich wiege mich nicht t\u00e4glich","datePublished":"2024-12-17T12:38:50+00:00","dateModified":"2025-02-04T10:04:02+00:00","mainEntityOfPage":{"@id":"https:\/\/www.feine-adressen.online\/rtz\/andreas-w-kraut\/"},"wordCount":1188,"publisher":{"@id":"https:\/\/www.feine-adressen.online\/rtz\/#organization"},"image":{"@id":"https:\/\/www.feine-adressen.online\/rtz\/andreas-w-kraut\/#primaryimage"},"thumbnailUrl":"https:\/\/www.feine-adressen.online\/rtz\/wp-content\/uploads\/2024\/12\/RKoch_Andreas-Kraut-Bizerba-38.jpg","keywords":["Balingen","Menschen","Schneidetechnologie","Waagen"],"articleSection":["Menschen"],"inLanguage":"de"},{"@type":"WebPage","@id":"https:\/\/www.feine-adressen.online\/rtz\/andreas-w-kraut\/","url":"https:\/\/www.feine-adressen.online\/rtz\/andreas-w-kraut\/","name":"Andreas W. Kraut \u2013 Ich wiege mich nicht t\u00e4glich - feine adressen","isPartOf":{"@id":"https:\/\/www.feine-adressen.online\/rtz\/#website"},"primaryImageOfPage":{"@id":"https:\/\/www.feine-adressen.online\/rtz\/andreas-w-kraut\/#primaryimage"},"image":{"@id":"https:\/\/www.feine-adressen.online\/rtz\/andreas-w-kraut\/#primaryimage"},"thumbnailUrl":"https:\/\/www.feine-adressen.online\/rtz\/wp-content\/uploads\/2024\/12\/RKoch_Andreas-Kraut-Bizerba-38.jpg","datePublished":"2024-12-17T12:38:50+00:00","dateModified":"2025-02-04T10:04:02+00:00","description":"Andreas W. Kraut, CEO und Gesellschafter von Bizerba gestaltet die Zukunft des marktf\u00fchrenden Anbieters f\u00fcr W\u00e4ge- und Schneidetechnologie.","breadcrumb":{"@id":"https:\/\/www.feine-adressen.online\/rtz\/andreas-w-kraut\/#breadcrumb"},"inLanguage":"de","potentialAction":[{"@type":"ReadAction","target":["https:\/\/www.feine-adressen.online\/rtz\/andreas-w-kraut\/"]}]},{"@type":"ImageObject","inLanguage":"de","@id":"https:\/\/www.feine-adressen.online\/rtz\/andreas-w-kraut\/#primaryimage","url":"https:\/\/www.feine-adressen.online\/rtz\/wp-content\/uploads\/2024\/12\/RKoch_Andreas-Kraut-Bizerba-38.jpg","contentUrl":"https:\/\/www.feine-adressen.online\/rtz\/wp-content\/uploads\/2024\/12\/RKoch_Andreas-Kraut-Bizerba-38.jpg","width":2000,"height":2503},{"@type":"BreadcrumbList","@id":"https:\/\/www.feine-adressen.online\/rtz\/andreas-w-kraut\/#breadcrumb","itemListElement":[{"@type":"ListItem","position":1,"name":"Startseite","item":"https:\/\/www.feine-adressen.online\/rtz\/"},{"@type":"ListItem","position":2,"name":"Andreas W. Kraut \u2013 Ich wiege mich nicht t\u00e4glich"}]},{"@type":"WebSite","@id":"https:\/\/www.feine-adressen.online\/rtz\/#website","url":"https:\/\/www.feine-adressen.online\/rtz\/","name":"feine adressen","description":"Reutlingen \/ T\u00fcbingen \/ Zollernalb","publisher":{"@id":"https:\/\/www.feine-adressen.online\/rtz\/#organization"},"potentialAction":[{"@type":"SearchAction","target":{"@type":"EntryPoint","urlTemplate":"https:\/\/www.feine-adressen.online\/rtz\/?s={search_term_string}"},"query-input":{"@type":"PropertyValueSpecification","valueRequired":true,"valueName":"search_term_string"}}],"inLanguage":"de"},{"@type":"Organization","@id":"https:\/\/www.feine-adressen.online\/rtz\/#organization","name":"feine adressen","url":"https:\/\/www.feine-adressen.online\/rtz\/","logo":{"@type":"ImageObject","inLanguage":"de","@id":"https:\/\/www.feine-adressen.online\/rtz\/#\/schema\/logo\/image\/","url":"https:\/\/www.feine-adressen.online\/rtz\/wp-content\/uploads\/2023\/08\/kopf_2000.png","contentUrl":"https:\/\/www.feine-adressen.online\/rtz\/wp-content\/uploads\/2023\/08\/kopf_2000.png","width":2000,"height":800,"caption":"feine adressen"},"image":{"@id":"https:\/\/www.feine-adressen.online\/rtz\/#\/schema\/logo\/image\/"}},{"@type":"Person","@id":"https:\/\/www.feine-adressen.online\/rtz\/#\/schema\/person\/9afb47a3a3385433e9879ab55bc3675c","name":"thomas","image":{"@type":"ImageObject","inLanguage":"de","@id":"https:\/\/www.feine-adressen.online\/rtz\/#\/schema\/person\/image\/","url":"https:\/\/secure.gravatar.com\/avatar\/b121218ce010fef9e9d1bbba38a84a6ab6278186dd77e78d0137afb2b3dc3eaf?s=96&d=mm&r=g","contentUrl":"https:\/\/secure.gravatar.com\/avatar\/b121218ce010fef9e9d1bbba38a84a6ab6278186dd77e78d0137afb2b3dc3eaf?s=96&d=mm&r=g","caption":"thomas"},"url":"https:\/\/www.feine-adressen.online\/rtz\/author\/thomas\/"}]}},"_links":{"self":[{"href":"https:\/\/www.feine-adressen.online\/rtz\/wp-json\/wp\/v2\/posts\/7413","targetHints":{"allow":["GET"]}}],"collection":[{"href":"https:\/\/www.feine-adressen.online\/rtz\/wp-json\/wp\/v2\/posts"}],"about":[{"href":"https:\/\/www.feine-adressen.online\/rtz\/wp-json\/wp\/v2\/types\/post"}],"author":[{"embeddable":true,"href":"https:\/\/www.feine-adressen.online\/rtz\/wp-json\/wp\/v2\/users\/2"}],"replies":[{"embeddable":true,"href":"https:\/\/www.feine-adressen.online\/rtz\/wp-json\/wp\/v2\/comments?post=7413"}],"version-history":[{"count":22,"href":"https:\/\/www.feine-adressen.online\/rtz\/wp-json\/wp\/v2\/posts\/7413\/revisions"}],"predecessor-version":[{"id":7510,"href":"https:\/\/www.feine-adressen.online\/rtz\/wp-json\/wp\/v2\/posts\/7413\/revisions\/7510"}],"wp:featuredmedia":[{"embeddable":true,"href":"https:\/\/www.feine-adressen.online\/rtz\/wp-json\/wp\/v2\/media\/7422"}],"wp:attachment":[{"href":"https:\/\/www.feine-adressen.online\/rtz\/wp-json\/wp\/v2\/media?parent=7413"}],"wp:term":[{"taxonomy":"category","embeddable":true,"href":"https:\/\/www.feine-adressen.online\/rtz\/wp-json\/wp\/v2\/categories?post=7413"},{"taxonomy":"post_tag","embeddable":true,"href":"https:\/\/www.feine-adressen.online\/rtz\/wp-json\/wp\/v2\/tags?post=7413"}],"curies":[{"name":"wp","href":"https:\/\/api.w.org\/{rel}","templated":true}]}}