{"id":7520,"date":"2025-02-12T11:39:16","date_gmt":"2025-02-12T10:39:16","guid":{"rendered":"https:\/\/www.feine-adressen.online\/rtz\/?p=7520"},"modified":"2025-04-02T08:41:13","modified_gmt":"2025-04-02T06:41:13","slug":"paravan","status":"publish","type":"post","link":"https:\/\/www.feine-adressen.online\/rtz\/paravan\/","title":{"rendered":"PARAVAN \u2013 Wegbereiter f\u00fcr Mobilit\u00e4t und Selbstst\u00e4ndigkeit"},"content":{"rendered":"\t\t<div data-elementor-type=\"wp-post\" data-elementor-id=\"7520\" class=\"elementor elementor-7520\" data-elementor-post-type=\"post\">\n\t\t\t\t\t\t<section class=\"elementor-section elementor-top-section elementor-element elementor-element-77b6aa4a elementor-section-boxed elementor-section-height-default elementor-section-height-default\" data-id=\"77b6aa4a\" data-element_type=\"section\" data-e-type=\"section\">\n\t\t\t\t\t\t<div class=\"elementor-container elementor-column-gap-default\">\n\t\t\t\t\t<div class=\"elementor-column elementor-col-100 elementor-top-column elementor-element elementor-element-8a4afd4\" data-id=\"8a4afd4\" data-element_type=\"column\" data-e-type=\"column\">\n\t\t\t<div class=\"elementor-widget-wrap elementor-element-populated\">\n\t\t\t\t\t\t<div class=\"elementor-element elementor-element-7223b90d elementor-widget elementor-widget-html\" data-id=\"7223b90d\" data-element_type=\"widget\" data-e-type=\"widget\" data-widget_type=\"html.default\">\n\t\t\t\t<div class=\"elementor-widget-container\">\n\t\t\t\t\t<script>\ndocument.addEventListener('DOMContentLoaded', function () {\n    let backButtons = document.querySelectorAll('.back-history');\n    backButtons.forEach(function (backButton) {\n        backButton.addEventListener('click', function (e) {\n            e.preventDefault();\n            history.back();\n        });\n    });\n});\n<\/script>\n\t\t\t\t<\/div>\n\t\t\t\t<\/div>\n\t\t\t\t<div class=\"elementor-element elementor-element-48e6d96b elementor-align-center back-history elementor-widget elementor-widget-button\" data-id=\"48e6d96b\" data-element_type=\"widget\" data-e-type=\"widget\" data-widget_type=\"button.default\">\n\t\t\t\t<div class=\"elementor-widget-container\">\n\t\t\t\t\t\t\t\t\t<div class=\"elementor-button-wrapper\">\n\t\t\t\t\t<a class=\"elementor-button elementor-button-link elementor-size-sm\" href=\"#\">\n\t\t\t\t\t\t<span class=\"elementor-button-content-wrapper\">\n\t\t\t\t\t\t<span class=\"elementor-button-icon\">\n\t\t\t\t<i aria-hidden=\"true\" class=\"fas fa-long-arrow-alt-left\"><\/i>\t\t\t<\/span>\n\t\t\t\t\t\t\t\t\t<span class=\"elementor-button-text\">Zur\u00fcck zur Auswahl<\/span>\n\t\t\t\t\t<\/span>\n\t\t\t\t\t<\/a>\n\t\t\t\t<\/div>\n\t\t\t\t\t\t\t\t<\/div>\n\t\t\t\t<\/div>\n\t\t\t\t\t<\/div>\n\t\t<\/div>\n\t\t\t\t\t<\/div>\n\t\t<\/section>\n\t\t<div class=\"elementor-element elementor-element-8014b27 e-flex e-con-boxed e-con e-parent\" data-id=\"8014b27\" data-element_type=\"container\" data-e-type=\"container\">\n\t\t\t\t\t<div class=\"e-con-inner\">\n\t\t\t\t<div class=\"elementor-element elementor-element-4f47474 elementor-widget elementor-widget-image\" data-id=\"4f47474\" data-element_type=\"widget\" data-e-type=\"widget\" data-widget_type=\"image.default\">\n\t\t\t\t<div class=\"elementor-widget-container\">\n\t\t\t\t\t\t\t\t\t\t\t\t\t\t\t<img fetchpriority=\"high\" decoding=\"async\" width=\"2000\" height=\"1333\" src=\"https:\/\/www.feine-adressen.online\/rtz\/wp-content\/uploads\/2025\/04\/20230831_BrunoSiegl-1496.jpg\" class=\"attachment-full size-full wp-image-7936\" alt=\"\" srcset=\"https:\/\/www.feine-adressen.online\/rtz\/wp-content\/uploads\/2025\/04\/20230831_BrunoSiegl-1496.jpg 2000w, https:\/\/www.feine-adressen.online\/rtz\/wp-content\/uploads\/2025\/04\/20230831_BrunoSiegl-1496-300x200.jpg 300w, https:\/\/www.feine-adressen.online\/rtz\/wp-content\/uploads\/2025\/04\/20230831_BrunoSiegl-1496-1024x682.jpg 1024w, https:\/\/www.feine-adressen.online\/rtz\/wp-content\/uploads\/2025\/04\/20230831_BrunoSiegl-1496-768x512.jpg 768w, https:\/\/www.feine-adressen.online\/rtz\/wp-content\/uploads\/2025\/04\/20230831_BrunoSiegl-1496-1536x1024.jpg 1536w\" sizes=\"(max-width: 2000px) 100vw, 2000px\" \/>\t\t\t\t\t\t\t\t\t\t\t\t\t\t\t<\/div>\n\t\t\t\t<\/div>\n\t\t\t\t\t<\/div>\n\t\t\t\t<\/div>\n\t\t\t\t<section class=\"elementor-section elementor-top-section elementor-element elementor-element-bb7f136 elementor-section-boxed elementor-section-height-default elementor-section-height-default\" data-id=\"bb7f136\" data-element_type=\"section\" data-e-type=\"section\">\n\t\t\t\t\t\t<div class=\"elementor-container elementor-column-gap-default\">\n\t\t\t\t\t<div class=\"elementor-column elementor-col-50 elementor-top-column elementor-element elementor-element-34f7d6b5\" data-id=\"34f7d6b5\" data-element_type=\"column\" data-e-type=\"column\">\n\t\t\t<div class=\"elementor-widget-wrap elementor-element-populated\">\n\t\t\t\t\t\t<div class=\"elementor-element elementor-element-2969f635 elementor-widget elementor-widget-text-editor\" data-id=\"2969f635\" data-element_type=\"widget\" data-e-type=\"widget\" data-widget_type=\"text-editor.default\">\n\t\t\t\t<div class=\"elementor-widget-container\">\n\t\t\t\t\t\t\t\t\t<h2>Paravan<\/h2>\t\t\t\t\t\t\t\t<\/div>\n\t\t\t\t<\/div>\n\t\t\t\t<div class=\"elementor-element elementor-element-54216c20 elementor-widget elementor-widget-heading\" data-id=\"54216c20\" data-element_type=\"widget\" data-e-type=\"widget\" data-widget_type=\"heading.default\">\n\t\t\t\t<div class=\"elementor-widget-container\">\n\t\t\t\t\t<h1 class=\"elementor-heading-title elementor-size-default\">PARAVAN \u2013 Wegbereiter f\u00fcr Mobilit\u00e4t und Selbstst\u00e4ndigkeit<\/h1>\t\t\t\t<\/div>\n\t\t\t\t<\/div>\n\t\t\t\t\t<\/div>\n\t\t<\/div>\n\t\t\t\t<div class=\"elementor-column elementor-col-50 elementor-top-column elementor-element elementor-element-6b91523c\" data-id=\"6b91523c\" data-element_type=\"column\" data-e-type=\"column\">\n\t\t\t<div class=\"elementor-widget-wrap elementor-element-populated\">\n\t\t\t\t\t\t<div class=\"elementor-element elementor-element-7d7f4ab7 elementor-align-left elementor-widget elementor-widget-post-info\" data-id=\"7d7f4ab7\" data-element_type=\"widget\" data-e-type=\"widget\" data-widget_type=\"post-info.default\">\n\t\t\t\t<div class=\"elementor-widget-container\">\n\t\t\t\t\t\t\t<ul class=\"elementor-inline-items elementor-icon-list-items elementor-post-info\">\n\t\t\t\t\t\t\t\t<li class=\"elementor-icon-list-item elementor-repeater-item-7fe14cd elementor-inline-item\" itemprop=\"about\">\n\t\t\t\t\t\t\t\t\t\t\t\t\t<span class=\"elementor-icon-list-text elementor-post-info__item elementor-post-info__item--type-terms\">\n\t\t\t\t\t\t\t\t\t\t<span class=\"elementor-post-info__terms-list\">\n\t\t\t\t<a href=\"https:\/\/www.feine-adressen.online\/rtz\/tag\/automobil\/\" class=\"elementor-post-info__terms-list-item\">Automobil<\/a>, <a href=\"https:\/\/www.feine-adressen.online\/rtz\/tag\/barrierefrei\/\" class=\"elementor-post-info__terms-list-item\">barrierefrei<\/a>, <a href=\"https:\/\/www.feine-adressen.online\/rtz\/tag\/drive-by-wire\/\" class=\"elementor-post-info__terms-list-item\">Drive-by-wire<\/a>, <a href=\"https:\/\/www.feine-adressen.online\/rtz\/tag\/manufaktur\/\" class=\"elementor-post-info__terms-list-item\">Manufaktur<\/a>, <a href=\"https:\/\/www.feine-adressen.online\/rtz\/tag\/mobilitaet\/\" class=\"elementor-post-info__terms-list-item\">Mobilit\u00e4t<\/a>, <a href=\"https:\/\/www.feine-adressen.online\/rtz\/tag\/pfronstetten\/\" class=\"elementor-post-info__terms-list-item\">Pfronstetten<\/a>, <a href=\"https:\/\/www.feine-adressen.online\/rtz\/tag\/reutlingen\/\" class=\"elementor-post-info__terms-list-item\">Reutlingen<\/a>, <a href=\"https:\/\/www.feine-adressen.online\/rtz\/tag\/rollstuhl\/\" class=\"elementor-post-info__terms-list-item\">Rollstuhl<\/a>\t\t\t\t<\/span>\n\t\t\t\t\t<\/span>\n\t\t\t\t\t\t\t\t<\/li>\n\t\t\t\t<\/ul>\n\t\t\t\t\t\t<\/div>\n\t\t\t\t<\/div>\n\t\t\t\t\t<\/div>\n\t\t<\/div>\n\t\t\t\t\t<\/div>\n\t\t<\/section>\n\t\t\t\t<section class=\"elementor-section elementor-top-section elementor-element elementor-element-d6da67e elementor-section-boxed elementor-section-height-default elementor-section-height-default\" data-id=\"d6da67e\" data-element_type=\"section\" data-e-type=\"section\">\n\t\t\t\t\t\t<div class=\"elementor-container elementor-column-gap-default\">\n\t\t\t\t\t<div class=\"elementor-column elementor-col-50 elementor-top-column elementor-element elementor-element-e13e745\" data-id=\"e13e745\" data-element_type=\"column\" data-e-type=\"column\">\n\t\t\t<div class=\"elementor-widget-wrap elementor-element-populated\">\n\t\t\t\t\t\t<section class=\"elementor-section elementor-inner-section elementor-element elementor-element-a648895 elementor-section-boxed elementor-section-height-default elementor-section-height-default\" data-id=\"a648895\" data-element_type=\"section\" data-e-type=\"section\">\n\t\t\t\t\t\t<div class=\"elementor-container elementor-column-gap-default\">\n\t\t\t\t\t\t<\/div>\n\t\t<\/section>\n\t\t\t\t<div class=\"elementor-element elementor-element-c3f002f elementor-widget elementor-widget-text-editor\" data-id=\"c3f002f\" data-element_type=\"widget\" data-e-type=\"widget\" data-widget_type=\"text-editor.default\">\n\t\t\t\t<div class=\"elementor-widget-container\">\n\t\t\t\t\t\t\t\t\tPARAVAN ist der f\u00fchrende Anbieter f\u00fcr behindertengerechte Fahrzeugumbauten und verwandelt die Tr\u00e4ume von Menschen mit Mobilit\u00e4tseinschr\u00e4nkungen in greifbare Realit\u00e4t.\t\t\t\t\t\t\t\t<\/div>\n\t\t\t\t<\/div>\n\t\t\t\t<div class=\"elementor-element elementor-element-39ee667 elementor-widget elementor-widget-image\" data-id=\"39ee667\" data-element_type=\"widget\" data-e-type=\"widget\" data-widget_type=\"image.default\">\n\t\t\t\t<div class=\"elementor-widget-container\">\n\t\t\t\t\t\t\t\t\t\t\t\t\t\t\t<img decoding=\"async\" width=\"2000\" height=\"1125\" src=\"https:\/\/www.feine-adressen.online\/rtz\/wp-content\/uploads\/2025\/04\/Hyundai2024.jpg\" class=\"attachment-full size-full wp-image-7939\" alt=\"\" srcset=\"https:\/\/www.feine-adressen.online\/rtz\/wp-content\/uploads\/2025\/04\/Hyundai2024.jpg 2000w, https:\/\/www.feine-adressen.online\/rtz\/wp-content\/uploads\/2025\/04\/Hyundai2024-300x169.jpg 300w, https:\/\/www.feine-adressen.online\/rtz\/wp-content\/uploads\/2025\/04\/Hyundai2024-1024x576.jpg 1024w, https:\/\/www.feine-adressen.online\/rtz\/wp-content\/uploads\/2025\/04\/Hyundai2024-768x432.jpg 768w, https:\/\/www.feine-adressen.online\/rtz\/wp-content\/uploads\/2025\/04\/Hyundai2024-1536x864.jpg 1536w\" sizes=\"(max-width: 2000px) 100vw, 2000px\" \/>\t\t\t\t\t\t\t\t\t\t\t\t\t\t\t<\/div>\n\t\t\t\t<\/div>\n\t\t\t\t<section class=\"elementor-section elementor-inner-section elementor-element elementor-element-24e395a elementor-section-boxed elementor-section-height-default elementor-section-height-default\" data-id=\"24e395a\" data-element_type=\"section\" data-e-type=\"section\">\n\t\t\t\t\t\t<div class=\"elementor-container elementor-column-gap-default\">\n\t\t\t\t\t\t<\/div>\n\t\t<\/section>\n\t\t\t\t<section class=\"elementor-section elementor-inner-section elementor-element elementor-element-06d300b elementor-section-boxed elementor-section-height-default elementor-section-height-default\" data-id=\"06d300b\" data-element_type=\"section\" data-e-type=\"section\">\n\t\t\t\t\t\t<div class=\"elementor-container elementor-column-gap-default\">\n\t\t\t\t\t\t<\/div>\n\t\t<\/section>\n\t\t\t\t<section class=\"elementor-section elementor-inner-section elementor-element elementor-element-e0ddf86 elementor-section-boxed elementor-section-height-default elementor-section-height-default\" data-id=\"e0ddf86\" data-element_type=\"section\" data-e-type=\"section\">\n\t\t\t\t\t\t<div class=\"elementor-container elementor-column-gap-default\">\n\t\t\t\t\t\t<\/div>\n\t\t<\/section>\n\t\t\t\t<div class=\"elementor-element elementor-element-7cf2f13 elementor-widget elementor-widget-text-editor\" data-id=\"7cf2f13\" data-element_type=\"widget\" data-e-type=\"widget\" data-widget_type=\"text-editor.default\">\n\t\t\t\t<div class=\"elementor-widget-container\">\n\t\t\t\t\t\t\t\t\t<h3>Individuelle Mobilit\u00e4tsl\u00f6sungen f\u00fcr alle<\/h3>\t\t\t\t\t\t\t\t<\/div>\n\t\t\t\t<\/div>\n\t\t\t\t<div class=\"elementor-element elementor-element-d3f2537 elementor-widget elementor-widget-text-editor\" data-id=\"d3f2537\" data-element_type=\"widget\" data-e-type=\"widget\" data-widget_type=\"text-editor.default\">\n\t\t\t\t<div class=\"elementor-widget-container\">\n\t\t\t\t\t\t\t\t\t<p>Seit 2009 ist Paravan Weltmarkt- und Qualit\u00e4tsf\u00fchrer f\u00fcr hoch individuell angepasste Behindertenfahrzeuge. Als Innovationsf\u00fchrer f\u00fcr <strong>behindertengerechten Fahrzeugumbauten<\/strong> hat sich PARAVAN daher zum Ziel gesetzt, die Selbstst\u00e4ndigkeit und Lebensfreude von Menschen mit Handicaps zur\u00fcckzugewinnen. Firmengr\u00fcnder Roland Arnold und sein engagiertes Team verfolgen dabei einen einzigartigen Ansatz: Nicht nur Fahrzeuge anzubieten, sondern gemeinsam mit den Kunden einen individuellen Weg zur Mobilit\u00e4t zu beschreiten. Intensive Gespr\u00e4che und pers\u00f6nliche Testfahrten f\u00fchren zu ma\u00dfgeschneiderten L\u00f6sungen, die in jedem Detail auf die spezifischen Bed\u00fcrfnisse der Nutzer abgestimmt sind. Der Anspruch von PARAVAN endet nicht mit dem Umbau; das Unternehmen steht seinen Kunden kontinuierlich zur Seite, um eine nachhaltige Mobilit\u00e4t zu gew\u00e4hrleisten.<\/p>\t\t\t\t\t\t\t\t<\/div>\n\t\t\t\t<\/div>\n\t\t\t\t\t<\/div>\n\t\t<\/div>\n\t\t\t\t<div class=\"elementor-column elementor-col-50 elementor-top-column elementor-element elementor-element-d326519 elementor-hidden-tablet elementor-hidden-mobile\" data-id=\"d326519\" data-element_type=\"column\" data-e-type=\"column\" data-settings=\"{&quot;background_background&quot;:&quot;classic&quot;}\">\n\t\t\t<div class=\"elementor-widget-wrap elementor-element-populated\">\n\t\t\t\t\t\t<div class=\"elementor-element elementor-element-75aef70 elementor-widget__width-initial elementor-widget elementor-widget-text-editor\" data-id=\"75aef70\" data-element_type=\"widget\" data-e-type=\"widget\" data-widget_type=\"text-editor.default\">\n\t\t\t\t<div class=\"elementor-widget-container\">\n\t\t\t\t\t\t\t\t\t<p><strong>PARAVAN Mobilit\u00e4tspark<\/strong><\/p><p>Paravanstra\u00dfe 5-10<br \/>72539 Pfronstetten-Aichelau<br \/>Tel.: +49 7388 999591<\/p>\t\t\t\t\t\t\t\t<\/div>\n\t\t\t\t<\/div>\n\t\t\t\t<div class=\"elementor-element elementor-element-46bf5d2 elementor-widget__width-initial elementor-widget elementor-widget-text-editor\" data-id=\"46bf5d2\" data-element_type=\"widget\" data-e-type=\"widget\" data-widget_type=\"text-editor.default\">\n\t\t\t\t<div class=\"elementor-widget-container\">\n\t\t\t\t\t\t\t\t\t<div><p>\u00d6ffnungszeiten:<\/p><p>Montag bis Freitag<br \/>08:00 &#8211; 12:00 Uhr<br \/>13:00 Uhr &#8211; 17:00 Uhr<\/p><\/div>\t\t\t\t\t\t\t\t<\/div>\n\t\t\t\t<\/div>\n\t\t\t\t<div class=\"elementor-element elementor-element-fb9747c elementor-widget elementor-widget-image\" data-id=\"fb9747c\" data-element_type=\"widget\" data-e-type=\"widget\" data-widget_type=\"image.default\">\n\t\t\t\t<div class=\"elementor-widget-container\">\n\t\t\t\t\t\t\t\t\t\t\t\t\t\t\t<img decoding=\"async\" width=\"300\" height=\"80\" src=\"https:\/\/www.feine-adressen.online\/rtz\/wp-content\/uploads\/2024\/12\/csm_logo-paravan_1afb7ac40d.jpg\" class=\"attachment-large size-large wp-image-7466\" alt=\"\" \/>\t\t\t\t\t\t\t\t\t\t\t\t\t\t\t<\/div>\n\t\t\t\t<\/div>\n\t\t\t\t<div class=\"elementor-element elementor-element-5210fb0 elementor-widget elementor-widget-google_maps\" data-id=\"5210fb0\" data-element_type=\"widget\" data-e-type=\"widget\" data-widget_type=\"google_maps.default\">\n\t\t\t\t<div class=\"elementor-widget-container\">\n\t\t\t\t\t\t\t<div class=\"elementor-custom-embed\">\n\t\t\t<iframe loading=\"lazy\"\n\t\t\t\t\tsrc=\"https:\/\/maps.google.com\/maps?q=PARAVAN%20Mobilit%C3%A4tspark%20Aichelau%20Paravanstra%C3%9Fe%205-10%2072539%20Pfronstetten-Aichelau&#038;t=m&#038;z=17&#038;output=embed&#038;iwloc=near\"\n\t\t\t\t\ttitle=\"PARAVAN Mobilit\u00e4tspark Aichelau Paravanstra\u00dfe 5-10 72539 Pfronstetten-Aichelau\"\n\t\t\t\t\taria-label=\"PARAVAN Mobilit\u00e4tspark Aichelau Paravanstra\u00dfe 5-10 72539 Pfronstetten-Aichelau\"\n\t\t\t><\/iframe>\n\t\t<\/div>\n\t\t\t\t\t\t<\/div>\n\t\t\t\t<\/div>\n\t\t\t\t<div class=\"elementor-element elementor-element-0cf81ec elementor-align-left elementor-widget elementor-widget-button\" data-id=\"0cf81ec\" data-element_type=\"widget\" data-e-type=\"widget\" data-widget_type=\"button.default\">\n\t\t\t\t<div class=\"elementor-widget-container\">\n\t\t\t\t\t\t\t\t\t<div class=\"elementor-button-wrapper\">\n\t\t\t\t\t<a class=\"elementor-button elementor-button-link elementor-size-sm\" href=\"https:\/\/www.google.de\/maps\/place\/Paravan+GmbH+Mobilit\u00e4tspark+Aichelau\/@48.2901479,9.3899518,17z\/data=!3m1!4b1!4m6!3m5!1s0x479a26520779c933:0x6074c928727db93!8m2!3d48.2901444!4d9.3925267!16s%2Fg%2F1vd74wpl?entry=ttu&#038;g_ep=EgoyMDI0MTIxMS4wIKXMDSoASAFQAw%3D%3D\" target=\"_blank\">\n\t\t\t\t\t\t<span class=\"elementor-button-content-wrapper\">\n\t\t\t\t\t\t<span class=\"elementor-button-icon\">\n\t\t\t\t<i aria-hidden=\"true\" class=\"fas fa-map-marker-alt\"><\/i>\t\t\t<\/span>\n\t\t\t\t\t\t\t\t\t<span class=\"elementor-button-text\">Routenplaner<\/span>\n\t\t\t\t\t<\/span>\n\t\t\t\t\t<\/a>\n\t\t\t\t<\/div>\n\t\t\t\t\t\t\t\t<\/div>\n\t\t\t\t<\/div>\n\t\t\t\t\t<\/div>\n\t\t<\/div>\n\t\t\t\t\t<\/div>\n\t\t<\/section>\n\t\t\t\t<section class=\"elementor-section elementor-top-section elementor-element elementor-element-84b18ba elementor-section-boxed elementor-section-height-default elementor-section-height-default\" data-id=\"84b18ba\" data-element_type=\"section\" data-e-type=\"section\">\n\t\t\t\t\t\t<div class=\"elementor-container elementor-column-gap-default\">\n\t\t\t\t\t<div class=\"elementor-column elementor-col-50 elementor-top-column elementor-element elementor-element-b550358\" data-id=\"b550358\" data-element_type=\"column\" data-e-type=\"column\">\n\t\t\t<div class=\"elementor-widget-wrap elementor-element-populated\">\n\t\t\t\t\t\t<div class=\"elementor-element elementor-element-d008c49 elementor-widget elementor-widget-text-editor\" data-id=\"d008c49\" data-element_type=\"widget\" data-e-type=\"widget\" data-widget_type=\"text-editor.default\">\n\t\t\t\t<div class=\"elementor-widget-container\">\n\t\t\t\t\t\t\t\t\t<h3>Alles aus einer Hand f\u00fcr optimale Mobilit\u00e4t<\/h3>\t\t\t\t\t\t\t\t<\/div>\n\t\t\t\t<\/div>\n\t\t\t\t<div class=\"elementor-element elementor-element-d99fc1b elementor-widget elementor-widget-text-editor\" data-id=\"d99fc1b\" data-element_type=\"widget\" data-e-type=\"widget\" data-widget_type=\"text-editor.default\">\n\t\t\t\t<div class=\"elementor-widget-container\">\n\t\t\t\t\t\t\t\t\t<p>Die Philosophie von PARAVAN basiert auf dem Prinzip <strong>\u201eAlles aus einer Hand\u201c<\/strong>. In der Zentrale in Aichelau erh\u00e4lt jeder Kunde ein umfassendes Angebot an Produkten und Dienstleistungen, die seine mobile Freiheit f\u00f6rdern \u2013 und das alles von einem einzigen Ansprechpartner. Das Sortiment erstreckt sich von Elektrorollst\u00fchlen \u00fcber komfortable Einstiegshilfen und leistungsstarke Liftsysteme bis hin zur digitalen Lenk- und Bremstechnologie \u201eSpace Drive\u201c. Dies gew\u00e4hrleistet nicht nur h\u00f6chste Qualit\u00e4t, der in Deutschland entwickelten und gefertigten L\u00f6sungen, sondern auch eine perfekte Abstimmung aller Komponenten. So bietet PARAVAN ein ganzheitliches Gesamtpaket, das h\u00f6chsten Anspr\u00fcchen gerecht wird und individuelle W\u00fcnsche erf\u00fcllt.<\/p>\t\t\t\t\t\t\t\t<\/div>\n\t\t\t\t<\/div>\n\t\t\t\t<div class=\"elementor-element elementor-element-bc72dca elementor-arrows-position-inside elementor-pagination-position-outside elementor-widget elementor-widget-image-carousel\" data-id=\"bc72dca\" data-element_type=\"widget\" data-e-type=\"widget\" data-settings=\"{&quot;slides_to_show&quot;:&quot;1&quot;,&quot;navigation&quot;:&quot;both&quot;,&quot;autoplay&quot;:&quot;yes&quot;,&quot;pause_on_hover&quot;:&quot;yes&quot;,&quot;pause_on_interaction&quot;:&quot;yes&quot;,&quot;autoplay_speed&quot;:5000,&quot;infinite&quot;:&quot;yes&quot;,&quot;effect&quot;:&quot;slide&quot;,&quot;speed&quot;:500}\" data-widget_type=\"image-carousel.default\">\n\t\t\t\t<div class=\"elementor-widget-container\">\n\t\t\t\t\t\t\t<div class=\"elementor-image-carousel-wrapper swiper\" role=\"region\" aria-roledescription=\"carousel\" aria-label=\"Bild Karussell\" dir=\"ltr\">\n\t\t\t<div class=\"elementor-image-carousel swiper-wrapper\" aria-live=\"off\">\n\t\t\t\t\t\t\t\t<div class=\"swiper-slide\" role=\"group\" aria-roledescription=\"slide\" aria-label=\"1 von 3\"><figure class=\"swiper-slide-inner\"><img decoding=\"async\" class=\"swiper-slide-image\" src=\"https:\/\/www.feine-adressen.online\/rtz\/wp-content\/uploads\/2025\/04\/0U5A0405.jpg\" alt=\"0U5A0405\" \/><\/figure><\/div><div class=\"swiper-slide\" role=\"group\" aria-roledescription=\"slide\" aria-label=\"2 von 3\"><figure class=\"swiper-slide-inner\"><img decoding=\"async\" class=\"swiper-slide-image\" src=\"https:\/\/www.feine-adressen.online\/rtz\/wp-content\/uploads\/2025\/04\/20241122_WolframSchultheiss-2.jpg\" alt=\"20241122_WolframSchultheiss--2\" \/><\/figure><\/div><div class=\"swiper-slide\" role=\"group\" aria-roledescription=\"slide\" aria-label=\"3 von 3\"><figure class=\"swiper-slide-inner\"><img decoding=\"async\" class=\"swiper-slide-image\" src=\"https:\/\/www.feine-adressen.online\/rtz\/wp-content\/uploads\/2025\/04\/SD_1.jpg\" alt=\"SD_1\" \/><\/figure><\/div>\t\t\t<\/div>\n\t\t\t\t\t\t\t\t\t\t\t\t<div class=\"elementor-swiper-button elementor-swiper-button-prev\" role=\"button\" tabindex=\"0\">\n\t\t\t\t\t\t<i aria-hidden=\"true\" class=\"eicon-chevron-left\"><\/i>\t\t\t\t\t<\/div>\n\t\t\t\t\t<div class=\"elementor-swiper-button elementor-swiper-button-next\" role=\"button\" tabindex=\"0\">\n\t\t\t\t\t\t<i aria-hidden=\"true\" class=\"eicon-chevron-right\"><\/i>\t\t\t\t\t<\/div>\n\t\t\t\t\n\t\t\t\t\t\t\t\t\t<div class=\"swiper-pagination\"><\/div>\n\t\t\t\t\t\t\t\t\t<\/div>\n\t\t\t\t\t\t<\/div>\n\t\t\t\t<\/div>\n\t\t\t\t<div class=\"elementor-element elementor-element-b7d8c32 elementor-widget elementor-widget-text-editor\" data-id=\"b7d8c32\" data-element_type=\"widget\" data-e-type=\"widget\" data-widget_type=\"text-editor.default\">\n\t\t\t\t<div class=\"elementor-widget-container\">\n\t\t\t\t\t\t\t\t\t<h3>Partnerschaften mit namhaften Automobilherstellern<\/h3>\t\t\t\t\t\t\t\t<\/div>\n\t\t\t\t<\/div>\n\t\t\t\t<div class=\"elementor-element elementor-element-8d0e794 elementor-widget elementor-widget-text-editor\" data-id=\"8d0e794\" data-element_type=\"widget\" data-e-type=\"widget\" data-widget_type=\"text-editor.default\">\n\t\t\t\t<div class=\"elementor-widget-container\">\n\t\t\t\t\t\t\t\t\t<p>PARAVAN hat sich durch erstklassige L\u00f6sungen und innovative Technologien als vertrauensw\u00fcrdiger Partner f\u00fchrender Automobil\u00adhersteller etabliert. Dank der Zertifizierung als <strong>VanPartner der Mercedes-Benz AG<\/strong> sowie dem<strong> IntegratedPartner Status von Volkswagen Nutzfahrzeuge<\/strong> kann PARAVAN behindertengerechte Fahrzeugumbauten anbieten, die h\u00f6chsten Qualit\u00e4tsstandards entsprechen. Die enge Zusammenarbeit mit diesen renommierten Herstellern erm\u00f6glicht es PARAVAN, ma\u00dfgeschneiderte L\u00f6sungen zu entwickeln, die sowohl f\u00fcr Fahrer als auch f\u00fcr Mitfahrer konzipiert sind. Diese starken Partnerschaften sind ein zentraler Bestandteil der Unternehmens\u00adphilosophie von PARAVAN und tragen ma\u00dfgeblich dazu bei, individuelle Mobilit\u00e4tsl\u00f6sungen zu realisieren, die Menschen mit Handicaps ein selbstbestimmtes Leben erm\u00f6glichen.<\/p>\t\t\t\t\t\t\t\t<\/div>\n\t\t\t\t<\/div>\n\t\t\t\t<div class=\"elementor-element elementor-element-44d9327 elementor-widget elementor-widget-image\" data-id=\"44d9327\" data-element_type=\"widget\" data-e-type=\"widget\" data-widget_type=\"image.default\">\n\t\t\t\t<div class=\"elementor-widget-container\">\n\t\t\t\t\t\t\t\t\t\t\t\t\t\t\t<img loading=\"lazy\" decoding=\"async\" width=\"800\" height=\"535\" src=\"https:\/\/www.feine-adressen.online\/rtz\/wp-content\/uploads\/2025\/02\/csm_behindertengerechter-fahrzeugumbau-vw-caddy-heckeinstieg-840x562_b67be32103-1024x685.jpg\" class=\"attachment-large size-large wp-image-7535\" alt=\"\" srcset=\"https:\/\/www.feine-adressen.online\/rtz\/wp-content\/uploads\/2025\/02\/csm_behindertengerechter-fahrzeugumbau-vw-caddy-heckeinstieg-840x562_b67be32103-1024x685.jpg 1024w, https:\/\/www.feine-adressen.online\/rtz\/wp-content\/uploads\/2025\/02\/csm_behindertengerechter-fahrzeugumbau-vw-caddy-heckeinstieg-840x562_b67be32103-300x201.jpg 300w, https:\/\/www.feine-adressen.online\/rtz\/wp-content\/uploads\/2025\/02\/csm_behindertengerechter-fahrzeugumbau-vw-caddy-heckeinstieg-840x562_b67be32103-768x514.jpg 768w, https:\/\/www.feine-adressen.online\/rtz\/wp-content\/uploads\/2025\/02\/csm_behindertengerechter-fahrzeugumbau-vw-caddy-heckeinstieg-840x562_b67be32103.jpg 1110w\" sizes=\"(max-width: 800px) 100vw, 800px\" \/>\t\t\t\t\t\t\t\t\t\t\t\t\t\t\t<\/div>\n\t\t\t\t<\/div>\n\t\t\t\t<div class=\"elementor-element elementor-element-1b4a556 elementor-widget elementor-widget-text-editor\" data-id=\"1b4a556\" data-element_type=\"widget\" data-e-type=\"widget\" data-widget_type=\"text-editor.default\">\n\t\t\t\t<div class=\"elementor-widget-container\">\n\t\t\t\t\t\t\t\t\t<h3>Soziales Engagement und gesellschaftliche Verantwortung<\/h3>\t\t\t\t\t\t\t\t<\/div>\n\t\t\t\t<\/div>\n\t\t\t\t<div class=\"elementor-element elementor-element-968d935 elementor-widget elementor-widget-text-editor\" data-id=\"968d935\" data-element_type=\"widget\" data-e-type=\"widget\" data-widget_type=\"text-editor.default\">\n\t\t\t\t<div class=\"elementor-widget-container\">\n\t\t\t\t\t\t\t\t\t<p>Das Engagement von PARAVAN endet nicht bei Mobilit\u00e4tsl\u00f6sungen. Mit der <strong>Roland und Martina Arnold PARAVAN Stiftung<\/strong> setzt das Unternehmen ein starkes Zeichen f\u00fcr sozialen Zusammenhalt und Unterst\u00fctzung. Die Stiftung f\u00f6rdert durch finanzielle Beitr\u00e4ge Bildungsprojekte, individuelle Beratungen und die Bereitstellung von Hilfsmitteln, die der Mobilit\u00e4t dienen.<\/p>\t\t\t\t\t\t\t\t<\/div>\n\t\t\t\t<\/div>\n\t\t\t\t\t<\/div>\n\t\t<\/div>\n\t\t\t\t<div class=\"elementor-column elementor-col-50 elementor-top-column elementor-element elementor-element-9518162\" data-id=\"9518162\" data-element_type=\"column\" data-e-type=\"column\">\n\t\t\t<div class=\"elementor-widget-wrap elementor-element-populated\">\n\t\t\t\t\t\t<div class=\"elementor-element elementor-element-d3714e5 elementor-hidden-desktop elementor-hidden-tablet elementor-hidden-mobile elementor-widget elementor-widget-text-editor\" data-id=\"d3714e5\" data-element_type=\"widget\" data-e-type=\"widget\" data-settings=\"{&quot;motion_fx_motion_fx_scrolling&quot;:&quot;yes&quot;,&quot;motion_fx_translateY_effect&quot;:&quot;yes&quot;,&quot;motion_fx_devices&quot;:[&quot;desktop&quot;],&quot;motion_fx_translateY_speed&quot;:{&quot;unit&quot;:&quot;px&quot;,&quot;size&quot;:4,&quot;sizes&quot;:[]},&quot;motion_fx_translateY_affectedRange&quot;:{&quot;unit&quot;:&quot;%&quot;,&quot;size&quot;:&quot;&quot;,&quot;sizes&quot;:{&quot;start&quot;:0,&quot;end&quot;:100}}}\" data-widget_type=\"text-editor.default\">\n\t\t\t\t<div class=\"elementor-widget-container\">\n\t\t\t\t\t\t\t\t\t<p>\u00bb Lorem ipsum dolor sit amet, consectetuer adipiscing elit. Aenean commodo ligula dolor. \u00ab<\/p>\t\t\t\t\t\t\t\t<\/div>\n\t\t\t\t<\/div>\n\t\t\t\t\t<\/div>\n\t\t<\/div>\n\t\t\t\t\t<\/div>\n\t\t<\/section>\n\t\t\t\t<section class=\"elementor-section elementor-top-section elementor-element elementor-element-ecc323f elementor-section-boxed elementor-section-height-default elementor-section-height-default\" data-id=\"ecc323f\" data-element_type=\"section\" data-e-type=\"section\">\n\t\t\t\t\t\t<div class=\"elementor-container elementor-column-gap-default\">\n\t\t\t\t\t<div class=\"elementor-column elementor-col-50 elementor-top-column elementor-element elementor-element-8fdf62f\" data-id=\"8fdf62f\" data-element_type=\"column\" data-e-type=\"column\">\n\t\t\t<div class=\"elementor-widget-wrap elementor-element-populated\">\n\t\t\t\t\t\t<div class=\"elementor-element elementor-element-50607a5 elementor-widget elementor-widget-image\" data-id=\"50607a5\" data-element_type=\"widget\" data-e-type=\"widget\" data-widget_type=\"image.default\">\n\t\t\t\t<div class=\"elementor-widget-container\">\n\t\t\t\t\t\t\t\t\t\t\t\t\t\t\t<img loading=\"lazy\" decoding=\"async\" width=\"800\" height=\"535\" src=\"https:\/\/www.feine-adressen.online\/rtz\/wp-content\/uploads\/2025\/02\/csm_rollstuhlgerechtes-wohnmobil-paravan-840x562_94080d9742-1024x685.jpg\" class=\"attachment-large size-large wp-image-7531\" alt=\"\" srcset=\"https:\/\/www.feine-adressen.online\/rtz\/wp-content\/uploads\/2025\/02\/csm_rollstuhlgerechtes-wohnmobil-paravan-840x562_94080d9742-1024x685.jpg 1024w, https:\/\/www.feine-adressen.online\/rtz\/wp-content\/uploads\/2025\/02\/csm_rollstuhlgerechtes-wohnmobil-paravan-840x562_94080d9742-300x201.jpg 300w, https:\/\/www.feine-adressen.online\/rtz\/wp-content\/uploads\/2025\/02\/csm_rollstuhlgerechtes-wohnmobil-paravan-840x562_94080d9742-768x514.jpg 768w, https:\/\/www.feine-adressen.online\/rtz\/wp-content\/uploads\/2025\/02\/csm_rollstuhlgerechtes-wohnmobil-paravan-840x562_94080d9742.jpg 1110w\" sizes=\"(max-width: 800px) 100vw, 800px\" \/>\t\t\t\t\t\t\t\t\t\t\t\t\t\t\t<\/div>\n\t\t\t\t<\/div>\n\t\t\t\t<div class=\"elementor-element elementor-element-fb6f2e2 elementor-arrows-position-inside elementor-pagination-position-outside elementor-widget elementor-widget-image-carousel\" data-id=\"fb6f2e2\" data-element_type=\"widget\" data-e-type=\"widget\" data-settings=\"{&quot;slides_to_show&quot;:&quot;1&quot;,&quot;navigation&quot;:&quot;both&quot;,&quot;autoplay&quot;:&quot;yes&quot;,&quot;pause_on_hover&quot;:&quot;yes&quot;,&quot;pause_on_interaction&quot;:&quot;yes&quot;,&quot;autoplay_speed&quot;:5000,&quot;infinite&quot;:&quot;yes&quot;,&quot;effect&quot;:&quot;slide&quot;,&quot;speed&quot;:500}\" data-widget_type=\"image-carousel.default\">\n\t\t\t\t<div class=\"elementor-widget-container\">\n\t\t\t\t\t\t\t<div class=\"elementor-image-carousel-wrapper swiper\" role=\"region\" aria-roledescription=\"carousel\" aria-label=\"Bild Karussell\" dir=\"ltr\">\n\t\t\t<div class=\"elementor-image-carousel swiper-wrapper\" aria-live=\"off\">\n\t\t\t\t\t\t\t\t<div class=\"swiper-slide\" role=\"group\" aria-roledescription=\"slide\" aria-label=\"1 von 3\"><figure class=\"swiper-slide-inner\"><img decoding=\"async\" class=\"swiper-slide-image\" src=\"https:\/\/www.feine-adressen.online\/rtz\/wp-content\/uploads\/2025\/04\/20241128_NicoAuslieferung-9809.jpg\" alt=\"20241128_NicoAuslieferung-9809\" \/><\/figure><\/div><div class=\"swiper-slide\" role=\"group\" aria-roledescription=\"slide\" aria-label=\"2 von 3\"><figure class=\"swiper-slide-inner\"><img decoding=\"async\" class=\"swiper-slide-image\" src=\"https:\/\/www.feine-adressen.online\/rtz\/wp-content\/uploads\/2025\/04\/Marcel-Max-072023.jpg\" alt=\"Marcel-Max-072023\" \/><\/figure><\/div><div class=\"swiper-slide\" role=\"group\" aria-roledescription=\"slide\" aria-label=\"3 von 3\"><figure class=\"swiper-slide-inner\"><img decoding=\"async\" class=\"swiper-slide-image\" src=\"https:\/\/www.feine-adressen.online\/rtz\/wp-content\/uploads\/2025\/04\/paravan-38.jpg\" alt=\"paravan-38\" \/><\/figure><\/div>\t\t\t<\/div>\n\t\t\t\t\t\t\t\t\t\t\t\t<div class=\"elementor-swiper-button elementor-swiper-button-prev\" role=\"button\" tabindex=\"0\">\n\t\t\t\t\t\t<i aria-hidden=\"true\" class=\"eicon-chevron-left\"><\/i>\t\t\t\t\t<\/div>\n\t\t\t\t\t<div class=\"elementor-swiper-button elementor-swiper-button-next\" role=\"button\" tabindex=\"0\">\n\t\t\t\t\t\t<i aria-hidden=\"true\" class=\"eicon-chevron-right\"><\/i>\t\t\t\t\t<\/div>\n\t\t\t\t\n\t\t\t\t\t\t\t\t\t<div class=\"swiper-pagination\"><\/div>\n\t\t\t\t\t\t\t\t\t<\/div>\n\t\t\t\t\t\t<\/div>\n\t\t\t\t<\/div>\n\t\t\t\t\t<\/div>\n\t\t<\/div>\n\t\t\t\t<div class=\"elementor-column elementor-col-50 elementor-top-column elementor-element elementor-element-97c32ef\" data-id=\"97c32ef\" data-element_type=\"column\" data-e-type=\"column\">\n\t\t\t<div class=\"elementor-widget-wrap\">\n\t\t\t\t\t\t\t<\/div>\n\t\t<\/div>\n\t\t\t\t\t<\/div>\n\t\t<\/section>\n\t\t\t\t<section class=\"elementor-section elementor-top-section elementor-element elementor-element-aac4029 elementor-hidden-desktop elementor-section-boxed elementor-section-height-default elementor-section-height-default\" data-id=\"aac4029\" data-element_type=\"section\" data-e-type=\"section\">\n\t\t\t\t\t\t<div class=\"elementor-container elementor-column-gap-default\">\n\t\t\t\t\t<div class=\"elementor-column elementor-col-100 elementor-top-column elementor-element elementor-element-04cb918\" data-id=\"04cb918\" data-element_type=\"column\" data-e-type=\"column\" data-settings=\"{&quot;background_background&quot;:&quot;classic&quot;}\">\n\t\t\t<div class=\"elementor-widget-wrap elementor-element-populated\">\n\t\t\t\t\t\t<div class=\"elementor-element elementor-element-e3fd659 elementor-widget__width-initial elementor-widget elementor-widget-text-editor\" data-id=\"e3fd659\" data-element_type=\"widget\" data-e-type=\"widget\" data-widget_type=\"text-editor.default\">\n\t\t\t\t<div class=\"elementor-widget-container\">\n\t\t\t\t\t\t\t\t\t<p><strong>PARAVAN Mobilit\u00e4tspark<\/strong><\/p><p>Paravanstra\u00dfe 5-10<br \/>72539 Pfronstetten-Aichelau<\/p>\t\t\t\t\t\t\t\t<\/div>\n\t\t\t\t<\/div>\n\t\t\t\t<div class=\"elementor-element elementor-element-a1c86b1 elementor-widget__width-initial elementor-widget elementor-widget-text-editor\" data-id=\"a1c86b1\" data-element_type=\"widget\" data-e-type=\"widget\" data-widget_type=\"text-editor.default\">\n\t\t\t\t<div class=\"elementor-widget-container\">\n\t\t\t\t\t\t\t\t\t<div><p>\u00d6ffnungszeiten:<\/p><p>Montag \u2013 Donnerstag<br \/>08:00 &#8211; 12:00 Uhr<br \/>13:00 &#8211; 16:00 Uhr<br \/>Freitag<br \/>08:00 &#8211; 13:00 Uhr<br \/>Samstag, Sonntag geschlossen<\/p><\/div>\t\t\t\t\t\t\t\t<\/div>\n\t\t\t\t<\/div>\n\t\t\t\t<div class=\"elementor-element elementor-element-2f3b286 elementor-widget elementor-widget-image\" data-id=\"2f3b286\" data-element_type=\"widget\" data-e-type=\"widget\" data-widget_type=\"image.default\">\n\t\t\t\t<div class=\"elementor-widget-container\">\n\t\t\t\t\t\t\t\t\t\t\t\t\t\t\t<img decoding=\"async\" width=\"300\" height=\"80\" src=\"https:\/\/www.feine-adressen.online\/rtz\/wp-content\/uploads\/2024\/12\/csm_logo-paravan_1afb7ac40d.jpg\" class=\"attachment-large size-large wp-image-7466\" alt=\"\" \/>\t\t\t\t\t\t\t\t\t\t\t\t\t\t\t<\/div>\n\t\t\t\t<\/div>\n\t\t\t\t<div class=\"elementor-element elementor-element-1f2c5bd elementor-widget elementor-widget-google_maps\" data-id=\"1f2c5bd\" data-element_type=\"widget\" data-e-type=\"widget\" data-widget_type=\"google_maps.default\">\n\t\t\t\t<div class=\"elementor-widget-container\">\n\t\t\t\t\t\t\t<div class=\"elementor-custom-embed\">\n\t\t\t<iframe loading=\"lazy\"\n\t\t\t\t\tsrc=\"https:\/\/maps.google.com\/maps?q=PARAVAN%20Mobilit%C3%A4tspark%20Aichelau%20Paravanstra%C3%9Fe%205-10%2072539%20Pfronstetten-Aichelau&#038;t=m&#038;z=17&#038;output=embed&#038;iwloc=near\"\n\t\t\t\t\ttitle=\"PARAVAN Mobilit\u00e4tspark Aichelau Paravanstra\u00dfe 5-10 72539 Pfronstetten-Aichelau\"\n\t\t\t\t\taria-label=\"PARAVAN Mobilit\u00e4tspark Aichelau Paravanstra\u00dfe 5-10 72539 Pfronstetten-Aichelau\"\n\t\t\t><\/iframe>\n\t\t<\/div>\n\t\t\t\t\t\t<\/div>\n\t\t\t\t<\/div>\n\t\t\t\t<div class=\"elementor-element elementor-element-bcd2a20 elementor-align-left elementor-widget elementor-widget-button\" data-id=\"bcd2a20\" data-element_type=\"widget\" data-e-type=\"widget\" data-widget_type=\"button.default\">\n\t\t\t\t<div class=\"elementor-widget-container\">\n\t\t\t\t\t\t\t\t\t<div class=\"elementor-button-wrapper\">\n\t\t\t\t\t<a class=\"elementor-button elementor-button-link elementor-size-sm\" href=\"https:\/\/www.google.de\/maps\/place\/Paravan+GmbH+Mobilit\u00e4tspark+Aichelau\/@48.2901479,9.3899518,17z\/data=!3m1!4b1!4m6!3m5!1s0x479a26520779c933:0x6074c928727db93!8m2!3d48.2901444!4d9.3925267!16s%2Fg%2F1vd74wpl?entry=ttu&#038;g_ep=EgoyMDI0MTIxMS4wIKXMDSoASAFQAw%3D%3D\" target=\"_blank\">\n\t\t\t\t\t\t<span class=\"elementor-button-content-wrapper\">\n\t\t\t\t\t\t<span class=\"elementor-button-icon\">\n\t\t\t\t<i aria-hidden=\"true\" class=\"fas fa-map-marker-alt\"><\/i>\t\t\t<\/span>\n\t\t\t\t\t\t\t\t\t<span class=\"elementor-button-text\">Routenplaner<\/span>\n\t\t\t\t\t<\/span>\n\t\t\t\t\t<\/a>\n\t\t\t\t<\/div>\n\t\t\t\t\t\t\t\t<\/div>\n\t\t\t\t<\/div>\n\t\t\t\t\t<\/div>\n\t\t<\/div>\n\t\t\t\t\t<\/div>\n\t\t<\/section>\n\t\t\t\t<section class=\"elementor-section elementor-top-section elementor-element elementor-element-4b47c327 elementor-section-boxed elementor-section-height-default elementor-section-height-default\" data-id=\"4b47c327\" data-element_type=\"section\" data-e-type=\"section\">\n\t\t\t\t\t\t<div class=\"elementor-container elementor-column-gap-default\">\n\t\t\t\t\t<div class=\"elementor-column elementor-col-100 elementor-top-column elementor-element elementor-element-2ccba325\" data-id=\"2ccba325\" data-element_type=\"column\" data-e-type=\"column\">\n\t\t\t<div class=\"elementor-widget-wrap elementor-element-populated\">\n\t\t\t\t\t\t<div class=\"elementor-element elementor-element-9a72311 elementor-widget-divider--view-line elementor-widget elementor-widget-divider\" data-id=\"9a72311\" data-element_type=\"widget\" data-e-type=\"widget\" data-widget_type=\"divider.default\">\n\t\t\t\t<div class=\"elementor-widget-container\">\n\t\t\t\t\t\t\t<div class=\"elementor-divider\">\n\t\t\t<span class=\"elementor-divider-separator\">\n\t\t\t\t\t\t<\/span>\n\t\t<\/div>\n\t\t\t\t\t\t<\/div>\n\t\t\t\t<\/div>\n\t\t\t\t<div class=\"elementor-element elementor-element-3d63e675 elementor-widget__width-initial elementor-widget elementor-widget-text-editor\" data-id=\"3d63e675\" data-element_type=\"widget\" data-e-type=\"widget\" data-widget_type=\"text-editor.default\">\n\t\t\t\t<div class=\"elementor-widget-container\">\n\t\t\t\t\t\t\t\t\t<div class=\"ewa-rteLine\"><p>Mehr aus dem Bereich <strong>MOBILIT\u00c4T<\/strong> entdecken:<\/p><\/div>\t\t\t\t\t\t\t\t<\/div>\n\t\t\t\t<\/div>\n\t\t\t\t<div class=\"elementor-element elementor-element-5fce60af elementor-grid-3 elementor-grid-tablet-2 elementor-grid-mobile-1 elementor-posts--thumbnail-top elementor-card-shadow-yes elementor-posts__hover-gradient elementor-widget elementor-widget-posts\" data-id=\"5fce60af\" data-element_type=\"widget\" data-e-type=\"widget\" data-settings=\"{&quot;cards_masonry&quot;:&quot;yes&quot;,&quot;pagination_type&quot;:&quot;prev_next&quot;,&quot;cards_columns&quot;:&quot;3&quot;,&quot;cards_columns_tablet&quot;:&quot;2&quot;,&quot;cards_columns_mobile&quot;:&quot;1&quot;,&quot;cards_row_gap&quot;:{&quot;unit&quot;:&quot;px&quot;,&quot;size&quot;:35,&quot;sizes&quot;:[]},&quot;cards_row_gap_tablet&quot;:{&quot;unit&quot;:&quot;px&quot;,&quot;size&quot;:&quot;&quot;,&quot;sizes&quot;:[]},&quot;cards_row_gap_mobile&quot;:{&quot;unit&quot;:&quot;px&quot;,&quot;size&quot;:&quot;&quot;,&quot;sizes&quot;:[]}}\" data-widget_type=\"posts.cards\">\n\t\t\t\t<div class=\"elementor-widget-container\">\n\t\t\t\t\t\t\t<div class=\"elementor-posts-container elementor-posts elementor-posts--skin-cards elementor-grid\" role=\"list\">\n\t\t\t\t<article class=\"elementor-post elementor-grid-item post-3523 post type-post status-publish format-standard has-post-thumbnail hentry category-mobilitaet tag-boote tag-haendler tag-handwerk tag-mobilitaet tag-motoren tag-nuertingen tag-werkstatt\" role=\"listitem\">\n\t\t\t<div class=\"elementor-post__card\">\n\t\t\t\t<a class=\"elementor-post__thumbnail__link\" href=\"https:\/\/www.feine-adressen.online\/rtz\/boot-wartungsservice-b-heuckeroth\/\" tabindex=\"-1\" ><div class=\"elementor-post__thumbnail\"><img loading=\"lazy\" decoding=\"async\" width=\"300\" height=\"300\" src=\"https:\/\/www.feine-adressen.online\/rtz\/wp-content\/uploads\/2024\/02\/Boot-Service_Kachel-e1710512924743-300x300.webp\" class=\"attachment-medium size-medium wp-image-4501\" alt=\"Boot Service B. Heuckeroth\" srcset=\"https:\/\/www.feine-adressen.online\/rtz\/wp-content\/uploads\/2024\/02\/Boot-Service_Kachel-e1710512924743-300x300.webp 300w, https:\/\/www.feine-adressen.online\/rtz\/wp-content\/uploads\/2024\/02\/Boot-Service_Kachel-e1710512924743-150x150.webp 150w, https:\/\/www.feine-adressen.online\/rtz\/wp-content\/uploads\/2024\/02\/Boot-Service_Kachel-e1710512924743-768x768.webp 768w, https:\/\/www.feine-adressen.online\/rtz\/wp-content\/uploads\/2024\/02\/Boot-Service_Kachel-e1710512924743.webp 780w\" sizes=\"(max-width: 300px) 100vw, 300px\" \/><\/div><\/a>\n\t\t\t\t<div class=\"elementor-post__badge\">Mobilit\u00e4t<\/div>\n\t\t\t\t<div class=\"elementor-post__text\">\n\t\t\t\t<h3 class=\"elementor-post__title\">\n\t\t\t<a href=\"https:\/\/www.feine-adressen.online\/rtz\/boot-wartungsservice-b-heuckeroth\/\" >\n\t\t\t\tBoot &amp; Service  B. Heuckeroth &#8211; Experte f\u00fcr Boot-Wartungsservice\t\t\t<\/a>\n\t\t<\/h3>\n\t\t\n\t\t<a class=\"elementor-post__read-more\" href=\"https:\/\/www.feine-adressen.online\/rtz\/boot-wartungsservice-b-heuckeroth\/\" aria-label=\"Mehr \u00fcber Boot &amp; Service  B. Heuckeroth &#8211; Experte f\u00fcr Boot-Wartungsservice\" tabindex=\"-1\" >\n\t\t\tMehr Erfahren \u00bb\t\t<\/a>\n\n\t\t\t\t<\/div>\n\t\t\t\t\t<\/div>\n\t\t<\/article>\n\t\t\t\t<article class=\"elementor-post elementor-grid-item post-7026 post type-post status-publish format-standard has-post-thumbnail hentry category-mobilitaet tag-automobil tag-balingen tag-byd tag-gebrauchtwagen tag-mercedes tag-mobilitaet tag-neuwagen\" role=\"listitem\">\n\t\t\t<div class=\"elementor-post__card\">\n\t\t\t\t<a class=\"elementor-post__thumbnail__link\" href=\"https:\/\/www.feine-adressen.online\/rtz\/autohaus-riess\/\" tabindex=\"-1\" ><div class=\"elementor-post__thumbnail\"><img loading=\"lazy\" decoding=\"async\" width=\"300\" height=\"200\" src=\"https:\/\/www.feine-adressen.online\/rtz\/wp-content\/uploads\/2024\/10\/AF1QipOfu0cv06KnUIN2NJU5QtwnhXCo10U5FWkkAquMs1024-300x200.jpeg\" class=\"attachment-medium size-medium wp-image-7033\" alt=\"\" srcset=\"https:\/\/www.feine-adressen.online\/rtz\/wp-content\/uploads\/2024\/10\/AF1QipOfu0cv06KnUIN2NJU5QtwnhXCo10U5FWkkAquMs1024-300x200.jpeg 300w, https:\/\/www.feine-adressen.online\/rtz\/wp-content\/uploads\/2024\/10\/AF1QipOfu0cv06KnUIN2NJU5QtwnhXCo10U5FWkkAquMs1024-768x512.jpeg 768w, https:\/\/www.feine-adressen.online\/rtz\/wp-content\/uploads\/2024\/10\/AF1QipOfu0cv06KnUIN2NJU5QtwnhXCo10U5FWkkAquMs1024.jpeg 1024w\" sizes=\"(max-width: 300px) 100vw, 300px\" \/><\/div><\/a>\n\t\t\t\t<div class=\"elementor-post__badge\">Mobilit\u00e4t<\/div>\n\t\t\t\t<div class=\"elementor-post__text\">\n\t\t\t\t<h3 class=\"elementor-post__title\">\n\t\t\t<a href=\"https:\/\/www.feine-adressen.online\/rtz\/autohaus-riess\/\" >\n\t\t\t\tAutohaus Riess \u2013 der Partner f\u00fcr Neuwagen und Gebrauchtwagen\t\t\t<\/a>\n\t\t<\/h3>\n\t\t\n\t\t<a class=\"elementor-post__read-more\" href=\"https:\/\/www.feine-adressen.online\/rtz\/autohaus-riess\/\" aria-label=\"Mehr \u00fcber Autohaus Riess \u2013 der Partner f\u00fcr Neuwagen und Gebrauchtwagen\" tabindex=\"-1\" >\n\t\t\tMehr Erfahren \u00bb\t\t<\/a>\n\n\t\t\t\t<\/div>\n\t\t\t\t\t<\/div>\n\t\t<\/article>\n\t\t\t\t<article class=\"elementor-post elementor-grid-item post-4805 post type-post status-publish format-standard has-post-thumbnail hentry category-mobilitaet tag-automobil tag-gebrauchtwagen tag-mini tag-mobilitaet tag-neuwagen tag-reutlingen tag-tuebingen\" role=\"listitem\">\n\t\t\t<div class=\"elementor-post__card\">\n\t\t\t\t<a class=\"elementor-post__thumbnail__link\" href=\"https:\/\/www.feine-adressen.online\/rtz\/menton-automobilcenter\/\" tabindex=\"-1\" ><div class=\"elementor-post__thumbnail\"><img loading=\"lazy\" decoding=\"async\" width=\"300\" height=\"300\" src=\"https:\/\/www.feine-adressen.online\/rtz\/wp-content\/uploads\/2024\/03\/Menton_Kachel-300x300.png\" class=\"attachment-medium size-medium wp-image-5042\" alt=\"Menton Automobilcenter\" srcset=\"https:\/\/www.feine-adressen.online\/rtz\/wp-content\/uploads\/2024\/03\/Menton_Kachel-300x300.png 300w, https:\/\/www.feine-adressen.online\/rtz\/wp-content\/uploads\/2024\/03\/Menton_Kachel-150x150.png 150w, https:\/\/www.feine-adressen.online\/rtz\/wp-content\/uploads\/2024\/03\/Menton_Kachel.png 425w\" sizes=\"(max-width: 300px) 100vw, 300px\" \/><\/div><\/a>\n\t\t\t\t<div class=\"elementor-post__badge\">Mobilit\u00e4t<\/div>\n\t\t\t\t<div class=\"elementor-post__text\">\n\t\t\t\t<h3 class=\"elementor-post__title\">\n\t\t\t<a href=\"https:\/\/www.feine-adressen.online\/rtz\/menton-automobilcenter\/\" >\n\t\t\t\tMenton Automobilcenter \u2013 H\u00e4ndler f\u00fcr BMW und MINI in Reutlingen\t\t\t<\/a>\n\t\t<\/h3>\n\t\t\n\t\t<a class=\"elementor-post__read-more\" href=\"https:\/\/www.feine-adressen.online\/rtz\/menton-automobilcenter\/\" aria-label=\"Mehr \u00fcber Menton Automobilcenter \u2013 H\u00e4ndler f\u00fcr BMW und MINI in Reutlingen\" tabindex=\"-1\" >\n\t\t\tMehr Erfahren \u00bb\t\t<\/a>\n\n\t\t\t\t<\/div>\n\t\t\t\t\t<\/div>\n\t\t<\/article>\n\t\t\t\t<\/div>\n\t\t\n\t\t\t\t\t\t<\/div>\n\t\t\t\t<\/div>\n\t\t\t\t\t<\/div>\n\t\t<\/div>\n\t\t\t\t\t<\/div>\n\t\t<\/section>\n\t\t\t\t<\/div>\n\t\t","protected":false},"excerpt":{"rendered":"<p>Zur\u00fcck zur Auswahl Paravan PARAVAN \u2013 Wegbereiter f\u00fcr Mobilit\u00e4t und Selbstst\u00e4ndigkeit PARAVAN ist der f\u00fchrende Anbieter f\u00fcr behindertengerechte Fahrzeugumbauten und verwandelt die Tr\u00e4ume von Menschen<\/p>\n","protected":false},"author":2,"featured_media":7532,"comment_status":"closed","ping_status":"open","sticky":false,"template":"elementor_header_footer","format":"standard","meta":{"iawp_total_views":30,"footnotes":""},"categories":[31],"tags":[245,337,335,52,188,334,73,336],"class_list":["post-7520","post","type-post","status-publish","format-standard","has-post-thumbnail","hentry","category-mobilitaet","tag-automobil","tag-barrierefrei","tag-drive-by-wire","tag-manufaktur","tag-mobilitaet","tag-pfronstetten","tag-reutlingen","tag-rollstuhl"],"yoast_head":"<!-- This site is optimized with the Yoast SEO plugin v26.9 - https:\/\/yoast.com\/product\/yoast-seo-wordpress\/ -->\n<title>PARAVAN \u2013 Wegbereiter f\u00fcr Mobilit\u00e4t und Selbstst\u00e4ndigkeit - feine adressen<\/title>\n<meta name=\"description\" content=\"PARAVAN ist der f\u00fchrende Anbieter f\u00fcr behindertengerechte Fahrzeugumbauten.\" \/>\n<meta name=\"robots\" content=\"index, follow, max-snippet:-1, max-image-preview:large, max-video-preview:-1\" \/>\n<link rel=\"canonical\" href=\"https:\/\/www.feine-adressen.online\/rtz\/paravan\/\" \/>\n<meta property=\"og:locale\" content=\"de_DE\" \/>\n<meta property=\"og:type\" content=\"article\" \/>\n<meta property=\"og:title\" content=\"PARAVAN \u2013 Wegbereiter f\u00fcr Mobilit\u00e4t und Selbstst\u00e4ndigkeit - feine adressen\" \/>\n<meta property=\"og:description\" content=\"PARAVAN ist der f\u00fchrende Anbieter f\u00fcr behindertengerechte Fahrzeugumbauten.\" \/>\n<meta property=\"og:url\" content=\"https:\/\/www.feine-adressen.online\/rtz\/paravan\/\" \/>\n<meta property=\"og:site_name\" content=\"feine adressen\" \/>\n<meta property=\"article:published_time\" content=\"2025-02-12T10:39:16+00:00\" \/>\n<meta property=\"article:modified_time\" content=\"2025-04-02T06:41:13+00:00\" \/>\n<meta property=\"og:image\" content=\"https:\/\/www.feine-adressen.online\/rtz\/wp-content\/uploads\/2025\/02\/csm_behindertengerechter-fahrzeugumbau-ford-custom-840x562_d3cdd382b0.jpg\" \/>\n\t<meta property=\"og:image:width\" content=\"1110\" \/>\n\t<meta property=\"og:image:height\" content=\"743\" \/>\n\t<meta property=\"og:image:type\" content=\"image\/jpeg\" \/>\n<meta name=\"author\" content=\"thomas\" \/>\n<meta name=\"twitter:card\" content=\"summary_large_image\" \/>\n<meta name=\"twitter:label1\" content=\"Verfasst von\" \/>\n\t<meta name=\"twitter:data1\" content=\"thomas\" \/>\n\t<meta name=\"twitter:label2\" content=\"Gesch\u00e4tzte Lesezeit\" \/>\n\t<meta name=\"twitter:data2\" content=\"6\u00a0Minuten\" \/>\n<script type=\"application\/ld+json\" class=\"yoast-schema-graph\">{\"@context\":\"https:\/\/schema.org\",\"@graph\":[{\"@type\":\"Article\",\"@id\":\"https:\/\/www.feine-adressen.online\/rtz\/paravan\/#article\",\"isPartOf\":{\"@id\":\"https:\/\/www.feine-adressen.online\/rtz\/paravan\/\"},\"author\":{\"name\":\"thomas\",\"@id\":\"https:\/\/www.feine-adressen.online\/rtz\/#\/schema\/person\/9afb47a3a3385433e9879ab55bc3675c\"},\"headline\":\"PARAVAN \u2013 Wegbereiter f\u00fcr Mobilit\u00e4t und Selbstst\u00e4ndigkeit\",\"datePublished\":\"2025-02-12T10:39:16+00:00\",\"dateModified\":\"2025-04-02T06:41:13+00:00\",\"mainEntityOfPage\":{\"@id\":\"https:\/\/www.feine-adressen.online\/rtz\/paravan\/\"},\"wordCount\":514,\"publisher\":{\"@id\":\"https:\/\/www.feine-adressen.online\/rtz\/#organization\"},\"image\":{\"@id\":\"https:\/\/www.feine-adressen.online\/rtz\/paravan\/#primaryimage\"},\"thumbnailUrl\":\"https:\/\/www.feine-adressen.online\/rtz\/wp-content\/uploads\/2025\/02\/csm_behindertengerechter-fahrzeugumbau-ford-custom-840x562_d3cdd382b0.jpg\",\"keywords\":[\"Automobil\",\"barrierefrei\",\"Drive-by-wire\",\"Manufaktur\",\"Mobilit\u00e4t\",\"Pfronstetten\",\"Reutlingen\",\"Rollstuhl\"],\"articleSection\":[\"Mobilit\u00e4t\"],\"inLanguage\":\"de\"},{\"@type\":\"WebPage\",\"@id\":\"https:\/\/www.feine-adressen.online\/rtz\/paravan\/\",\"url\":\"https:\/\/www.feine-adressen.online\/rtz\/paravan\/\",\"name\":\"PARAVAN \u2013 Wegbereiter f\u00fcr Mobilit\u00e4t und Selbstst\u00e4ndigkeit - feine adressen\",\"isPartOf\":{\"@id\":\"https:\/\/www.feine-adressen.online\/rtz\/#website\"},\"primaryImageOfPage\":{\"@id\":\"https:\/\/www.feine-adressen.online\/rtz\/paravan\/#primaryimage\"},\"image\":{\"@id\":\"https:\/\/www.feine-adressen.online\/rtz\/paravan\/#primaryimage\"},\"thumbnailUrl\":\"https:\/\/www.feine-adressen.online\/rtz\/wp-content\/uploads\/2025\/02\/csm_behindertengerechter-fahrzeugumbau-ford-custom-840x562_d3cdd382b0.jpg\",\"datePublished\":\"2025-02-12T10:39:16+00:00\",\"dateModified\":\"2025-04-02T06:41:13+00:00\",\"description\":\"PARAVAN ist der f\u00fchrende Anbieter f\u00fcr behindertengerechte Fahrzeugumbauten.\",\"breadcrumb\":{\"@id\":\"https:\/\/www.feine-adressen.online\/rtz\/paravan\/#breadcrumb\"},\"inLanguage\":\"de\",\"potentialAction\":[{\"@type\":\"ReadAction\",\"target\":[\"https:\/\/www.feine-adressen.online\/rtz\/paravan\/\"]}]},{\"@type\":\"ImageObject\",\"inLanguage\":\"de\",\"@id\":\"https:\/\/www.feine-adressen.online\/rtz\/paravan\/#primaryimage\",\"url\":\"https:\/\/www.feine-adressen.online\/rtz\/wp-content\/uploads\/2025\/02\/csm_behindertengerechter-fahrzeugumbau-ford-custom-840x562_d3cdd382b0.jpg\",\"contentUrl\":\"https:\/\/www.feine-adressen.online\/rtz\/wp-content\/uploads\/2025\/02\/csm_behindertengerechter-fahrzeugumbau-ford-custom-840x562_d3cdd382b0.jpg\",\"width\":1110,\"height\":743},{\"@type\":\"BreadcrumbList\",\"@id\":\"https:\/\/www.feine-adressen.online\/rtz\/paravan\/#breadcrumb\",\"itemListElement\":[{\"@type\":\"ListItem\",\"position\":1,\"name\":\"Startseite\",\"item\":\"https:\/\/www.feine-adressen.online\/rtz\/\"},{\"@type\":\"ListItem\",\"position\":2,\"name\":\"PARAVAN \u2013 Wegbereiter f\u00fcr Mobilit\u00e4t und Selbstst\u00e4ndigkeit\"}]},{\"@type\":\"WebSite\",\"@id\":\"https:\/\/www.feine-adressen.online\/rtz\/#website\",\"url\":\"https:\/\/www.feine-adressen.online\/rtz\/\",\"name\":\"feine adressen\",\"description\":\"Reutlingen \/ T\u00fcbingen \/ Zollernalb\",\"publisher\":{\"@id\":\"https:\/\/www.feine-adressen.online\/rtz\/#organization\"},\"potentialAction\":[{\"@type\":\"SearchAction\",\"target\":{\"@type\":\"EntryPoint\",\"urlTemplate\":\"https:\/\/www.feine-adressen.online\/rtz\/?s={search_term_string}\"},\"query-input\":{\"@type\":\"PropertyValueSpecification\",\"valueRequired\":true,\"valueName\":\"search_term_string\"}}],\"inLanguage\":\"de\"},{\"@type\":\"Organization\",\"@id\":\"https:\/\/www.feine-adressen.online\/rtz\/#organization\",\"name\":\"feine adressen\",\"url\":\"https:\/\/www.feine-adressen.online\/rtz\/\",\"logo\":{\"@type\":\"ImageObject\",\"inLanguage\":\"de\",\"@id\":\"https:\/\/www.feine-adressen.online\/rtz\/#\/schema\/logo\/image\/\",\"url\":\"https:\/\/www.feine-adressen.online\/rtz\/wp-content\/uploads\/2023\/08\/kopf_2000.png\",\"contentUrl\":\"https:\/\/www.feine-adressen.online\/rtz\/wp-content\/uploads\/2023\/08\/kopf_2000.png\",\"width\":2000,\"height\":800,\"caption\":\"feine adressen\"},\"image\":{\"@id\":\"https:\/\/www.feine-adressen.online\/rtz\/#\/schema\/logo\/image\/\"}},{\"@type\":\"Person\",\"@id\":\"https:\/\/www.feine-adressen.online\/rtz\/#\/schema\/person\/9afb47a3a3385433e9879ab55bc3675c\",\"name\":\"thomas\",\"image\":{\"@type\":\"ImageObject\",\"inLanguage\":\"de\",\"@id\":\"https:\/\/www.feine-adressen.online\/rtz\/#\/schema\/person\/image\/\",\"url\":\"https:\/\/secure.gravatar.com\/avatar\/b121218ce010fef9e9d1bbba38a84a6ab6278186dd77e78d0137afb2b3dc3eaf?s=96&d=mm&r=g\",\"contentUrl\":\"https:\/\/secure.gravatar.com\/avatar\/b121218ce010fef9e9d1bbba38a84a6ab6278186dd77e78d0137afb2b3dc3eaf?s=96&d=mm&r=g\",\"caption\":\"thomas\"},\"url\":\"https:\/\/www.feine-adressen.online\/rtz\/author\/thomas\/\"}]}<\/script>\n<!-- \/ Yoast SEO plugin. -->","yoast_head_json":{"title":"PARAVAN \u2013 Wegbereiter f\u00fcr Mobilit\u00e4t und Selbstst\u00e4ndigkeit - feine adressen","description":"PARAVAN ist der f\u00fchrende Anbieter f\u00fcr behindertengerechte Fahrzeugumbauten.","robots":{"index":"index","follow":"follow","max-snippet":"max-snippet:-1","max-image-preview":"max-image-preview:large","max-video-preview":"max-video-preview:-1"},"canonical":"https:\/\/www.feine-adressen.online\/rtz\/paravan\/","og_locale":"de_DE","og_type":"article","og_title":"PARAVAN \u2013 Wegbereiter f\u00fcr Mobilit\u00e4t und Selbstst\u00e4ndigkeit - feine adressen","og_description":"PARAVAN ist der f\u00fchrende Anbieter f\u00fcr behindertengerechte Fahrzeugumbauten.","og_url":"https:\/\/www.feine-adressen.online\/rtz\/paravan\/","og_site_name":"feine adressen","article_published_time":"2025-02-12T10:39:16+00:00","article_modified_time":"2025-04-02T06:41:13+00:00","og_image":[{"width":1110,"height":743,"url":"https:\/\/www.feine-adressen.online\/rtz\/wp-content\/uploads\/2025\/02\/csm_behindertengerechter-fahrzeugumbau-ford-custom-840x562_d3cdd382b0.jpg","type":"image\/jpeg"}],"author":"thomas","twitter_card":"summary_large_image","twitter_misc":{"Verfasst von":"thomas","Gesch\u00e4tzte Lesezeit":"6\u00a0Minuten"},"schema":{"@context":"https:\/\/schema.org","@graph":[{"@type":"Article","@id":"https:\/\/www.feine-adressen.online\/rtz\/paravan\/#article","isPartOf":{"@id":"https:\/\/www.feine-adressen.online\/rtz\/paravan\/"},"author":{"name":"thomas","@id":"https:\/\/www.feine-adressen.online\/rtz\/#\/schema\/person\/9afb47a3a3385433e9879ab55bc3675c"},"headline":"PARAVAN \u2013 Wegbereiter f\u00fcr Mobilit\u00e4t und Selbstst\u00e4ndigkeit","datePublished":"2025-02-12T10:39:16+00:00","dateModified":"2025-04-02T06:41:13+00:00","mainEntityOfPage":{"@id":"https:\/\/www.feine-adressen.online\/rtz\/paravan\/"},"wordCount":514,"publisher":{"@id":"https:\/\/www.feine-adressen.online\/rtz\/#organization"},"image":{"@id":"https:\/\/www.feine-adressen.online\/rtz\/paravan\/#primaryimage"},"thumbnailUrl":"https:\/\/www.feine-adressen.online\/rtz\/wp-content\/uploads\/2025\/02\/csm_behindertengerechter-fahrzeugumbau-ford-custom-840x562_d3cdd382b0.jpg","keywords":["Automobil","barrierefrei","Drive-by-wire","Manufaktur","Mobilit\u00e4t","Pfronstetten","Reutlingen","Rollstuhl"],"articleSection":["Mobilit\u00e4t"],"inLanguage":"de"},{"@type":"WebPage","@id":"https:\/\/www.feine-adressen.online\/rtz\/paravan\/","url":"https:\/\/www.feine-adressen.online\/rtz\/paravan\/","name":"PARAVAN \u2013 Wegbereiter f\u00fcr Mobilit\u00e4t und Selbstst\u00e4ndigkeit - feine adressen","isPartOf":{"@id":"https:\/\/www.feine-adressen.online\/rtz\/#website"},"primaryImageOfPage":{"@id":"https:\/\/www.feine-adressen.online\/rtz\/paravan\/#primaryimage"},"image":{"@id":"https:\/\/www.feine-adressen.online\/rtz\/paravan\/#primaryimage"},"thumbnailUrl":"https:\/\/www.feine-adressen.online\/rtz\/wp-content\/uploads\/2025\/02\/csm_behindertengerechter-fahrzeugumbau-ford-custom-840x562_d3cdd382b0.jpg","datePublished":"2025-02-12T10:39:16+00:00","dateModified":"2025-04-02T06:41:13+00:00","description":"PARAVAN ist der f\u00fchrende Anbieter f\u00fcr behindertengerechte Fahrzeugumbauten.","breadcrumb":{"@id":"https:\/\/www.feine-adressen.online\/rtz\/paravan\/#breadcrumb"},"inLanguage":"de","potentialAction":[{"@type":"ReadAction","target":["https:\/\/www.feine-adressen.online\/rtz\/paravan\/"]}]},{"@type":"ImageObject","inLanguage":"de","@id":"https:\/\/www.feine-adressen.online\/rtz\/paravan\/#primaryimage","url":"https:\/\/www.feine-adressen.online\/rtz\/wp-content\/uploads\/2025\/02\/csm_behindertengerechter-fahrzeugumbau-ford-custom-840x562_d3cdd382b0.jpg","contentUrl":"https:\/\/www.feine-adressen.online\/rtz\/wp-content\/uploads\/2025\/02\/csm_behindertengerechter-fahrzeugumbau-ford-custom-840x562_d3cdd382b0.jpg","width":1110,"height":743},{"@type":"BreadcrumbList","@id":"https:\/\/www.feine-adressen.online\/rtz\/paravan\/#breadcrumb","itemListElement":[{"@type":"ListItem","position":1,"name":"Startseite","item":"https:\/\/www.feine-adressen.online\/rtz\/"},{"@type":"ListItem","position":2,"name":"PARAVAN \u2013 Wegbereiter f\u00fcr Mobilit\u00e4t und Selbstst\u00e4ndigkeit"}]},{"@type":"WebSite","@id":"https:\/\/www.feine-adressen.online\/rtz\/#website","url":"https:\/\/www.feine-adressen.online\/rtz\/","name":"feine adressen","description":"Reutlingen \/ T\u00fcbingen \/ Zollernalb","publisher":{"@id":"https:\/\/www.feine-adressen.online\/rtz\/#organization"},"potentialAction":[{"@type":"SearchAction","target":{"@type":"EntryPoint","urlTemplate":"https:\/\/www.feine-adressen.online\/rtz\/?s={search_term_string}"},"query-input":{"@type":"PropertyValueSpecification","valueRequired":true,"valueName":"search_term_string"}}],"inLanguage":"de"},{"@type":"Organization","@id":"https:\/\/www.feine-adressen.online\/rtz\/#organization","name":"feine adressen","url":"https:\/\/www.feine-adressen.online\/rtz\/","logo":{"@type":"ImageObject","inLanguage":"de","@id":"https:\/\/www.feine-adressen.online\/rtz\/#\/schema\/logo\/image\/","url":"https:\/\/www.feine-adressen.online\/rtz\/wp-content\/uploads\/2023\/08\/kopf_2000.png","contentUrl":"https:\/\/www.feine-adressen.online\/rtz\/wp-content\/uploads\/2023\/08\/kopf_2000.png","width":2000,"height":800,"caption":"feine adressen"},"image":{"@id":"https:\/\/www.feine-adressen.online\/rtz\/#\/schema\/logo\/image\/"}},{"@type":"Person","@id":"https:\/\/www.feine-adressen.online\/rtz\/#\/schema\/person\/9afb47a3a3385433e9879ab55bc3675c","name":"thomas","image":{"@type":"ImageObject","inLanguage":"de","@id":"https:\/\/www.feine-adressen.online\/rtz\/#\/schema\/person\/image\/","url":"https:\/\/secure.gravatar.com\/avatar\/b121218ce010fef9e9d1bbba38a84a6ab6278186dd77e78d0137afb2b3dc3eaf?s=96&d=mm&r=g","contentUrl":"https:\/\/secure.gravatar.com\/avatar\/b121218ce010fef9e9d1bbba38a84a6ab6278186dd77e78d0137afb2b3dc3eaf?s=96&d=mm&r=g","caption":"thomas"},"url":"https:\/\/www.feine-adressen.online\/rtz\/author\/thomas\/"}]}},"_links":{"self":[{"href":"https:\/\/www.feine-adressen.online\/rtz\/wp-json\/wp\/v2\/posts\/7520","targetHints":{"allow":["GET"]}}],"collection":[{"href":"https:\/\/www.feine-adressen.online\/rtz\/wp-json\/wp\/v2\/posts"}],"about":[{"href":"https:\/\/www.feine-adressen.online\/rtz\/wp-json\/wp\/v2\/types\/post"}],"author":[{"embeddable":true,"href":"https:\/\/www.feine-adressen.online\/rtz\/wp-json\/wp\/v2\/users\/2"}],"replies":[{"embeddable":true,"href":"https:\/\/www.feine-adressen.online\/rtz\/wp-json\/wp\/v2\/comments?post=7520"}],"version-history":[{"count":24,"href":"https:\/\/www.feine-adressen.online\/rtz\/wp-json\/wp\/v2\/posts\/7520\/revisions"}],"predecessor-version":[{"id":7948,"href":"https:\/\/www.feine-adressen.online\/rtz\/wp-json\/wp\/v2\/posts\/7520\/revisions\/7948"}],"wp:featuredmedia":[{"embeddable":true,"href":"https:\/\/www.feine-adressen.online\/rtz\/wp-json\/wp\/v2\/media\/7532"}],"wp:attachment":[{"href":"https:\/\/www.feine-adressen.online\/rtz\/wp-json\/wp\/v2\/media?parent=7520"}],"wp:term":[{"taxonomy":"category","embeddable":true,"href":"https:\/\/www.feine-adressen.online\/rtz\/wp-json\/wp\/v2\/categories?post=7520"},{"taxonomy":"post_tag","embeddable":true,"href":"https:\/\/www.feine-adressen.online\/rtz\/wp-json\/wp\/v2\/tags?post=7520"}],"curies":[{"name":"wp","href":"https:\/\/api.w.org\/{rel}","templated":true}]}}