{"id":7888,"date":"2025-03-27T12:31:48","date_gmt":"2025-03-27T11:31:48","guid":{"rendered":"https:\/\/www.feine-adressen.online\/rtz\/?p=7888"},"modified":"2025-07-28T14:26:07","modified_gmt":"2025-07-28T12:26:07","slug":"hecht-einrichtungen","status":"publish","type":"post","link":"https:\/\/www.feine-adressen.online\/rtz\/hecht-einrichtungen\/","title":{"rendered":"Hecht Einrichtungen, Ihr besonderes M\u00f6bel-und Designhaus in der Region T\u00fcbingen und Reutlingen"},"content":{"rendered":"\t\t<div data-elementor-type=\"wp-post\" data-elementor-id=\"7888\" class=\"elementor elementor-7888\" data-elementor-post-type=\"post\">\n\t\t\t\t\t\t<section class=\"elementor-section elementor-top-section elementor-element elementor-element-77b6aa4a elementor-section-boxed elementor-section-height-default elementor-section-height-default\" data-id=\"77b6aa4a\" data-element_type=\"section\" data-e-type=\"section\">\n\t\t\t\t\t\t<div class=\"elementor-container elementor-column-gap-default\">\n\t\t\t\t\t<div class=\"elementor-column elementor-col-100 elementor-top-column elementor-element elementor-element-8a4afd4\" data-id=\"8a4afd4\" data-element_type=\"column\" data-e-type=\"column\">\n\t\t\t<div class=\"elementor-widget-wrap elementor-element-populated\">\n\t\t\t\t\t\t<div class=\"elementor-element elementor-element-7223b90d elementor-widget elementor-widget-html\" data-id=\"7223b90d\" data-element_type=\"widget\" data-e-type=\"widget\" data-widget_type=\"html.default\">\n\t\t\t\t<div class=\"elementor-widget-container\">\n\t\t\t\t\t<script>\ndocument.addEventListener('DOMContentLoaded', function () {\n    let backButtons = document.querySelectorAll('.back-history');\n    backButtons.forEach(function (backButton) {\n        backButton.addEventListener('click', function (e) {\n            e.preventDefault();\n            history.back();\n        });\n    });\n});\n<\/script>\n\t\t\t\t<\/div>\n\t\t\t\t<\/div>\n\t\t\t\t<div class=\"elementor-element elementor-element-48e6d96b elementor-align-center back-history elementor-widget elementor-widget-button\" data-id=\"48e6d96b\" data-element_type=\"widget\" data-e-type=\"widget\" data-widget_type=\"button.default\">\n\t\t\t\t<div class=\"elementor-widget-container\">\n\t\t\t\t\t\t\t\t\t<div class=\"elementor-button-wrapper\">\n\t\t\t\t\t<a class=\"elementor-button elementor-button-link elementor-size-sm\" href=\"#\">\n\t\t\t\t\t\t<span class=\"elementor-button-content-wrapper\">\n\t\t\t\t\t\t<span class=\"elementor-button-icon\">\n\t\t\t\t<i aria-hidden=\"true\" class=\"fas fa-long-arrow-alt-left\"><\/i>\t\t\t<\/span>\n\t\t\t\t\t\t\t\t\t<span class=\"elementor-button-text\">Zur\u00fcck zur Auswahl<\/span>\n\t\t\t\t\t<\/span>\n\t\t\t\t\t<\/a>\n\t\t\t\t<\/div>\n\t\t\t\t\t\t\t\t<\/div>\n\t\t\t\t<\/div>\n\t\t\t\t\t<\/div>\n\t\t<\/div>\n\t\t\t\t\t<\/div>\n\t\t<\/section>\n\t\t<div class=\"elementor-element elementor-element-8014b27 e-flex e-con-boxed e-con e-parent\" data-id=\"8014b27\" data-element_type=\"container\" data-e-type=\"container\">\n\t\t\t\t\t<div class=\"e-con-inner\">\n\t\t\t\t<div class=\"elementor-element elementor-element-4f47474 elementor-widget elementor-widget-image\" data-id=\"4f47474\" data-element_type=\"widget\" data-e-type=\"widget\" data-widget_type=\"image.default\">\n\t\t\t\t<div class=\"elementor-widget-container\">\n\t\t\t\t\t\t\t\t\t\t\t\t\t\t\t<img decoding=\"async\" src=\"https:\/\/www.feine-adressen.online\/rtz\/wp-content\/uploads\/2025\/03\/FA_HECHT_0325-50-1_FINAL-e1753705304675.jpg\" title=\"FA_HECHT_0325 50 1_FINAL\" alt=\"FA_HECHT_0325 50 1_FINAL\" loading=\"lazy\" \/>\t\t\t\t\t\t\t\t\t\t\t\t\t\t\t<\/div>\n\t\t\t\t<\/div>\n\t\t\t\t\t<\/div>\n\t\t\t\t<\/div>\n\t\t\t\t<section class=\"elementor-section elementor-top-section elementor-element elementor-element-bb7f136 elementor-section-boxed elementor-section-height-default elementor-section-height-default\" data-id=\"bb7f136\" data-element_type=\"section\" data-e-type=\"section\">\n\t\t\t\t\t\t<div class=\"elementor-container elementor-column-gap-default\">\n\t\t\t\t\t<div class=\"elementor-column elementor-col-50 elementor-top-column elementor-element elementor-element-34f7d6b5\" data-id=\"34f7d6b5\" data-element_type=\"column\" data-e-type=\"column\">\n\t\t\t<div class=\"elementor-widget-wrap elementor-element-populated\">\n\t\t\t\t\t\t<div class=\"elementor-element elementor-element-2969f635 elementor-widget elementor-widget-text-editor\" data-id=\"2969f635\" data-element_type=\"widget\" data-e-type=\"widget\" data-widget_type=\"text-editor.default\">\n\t\t\t\t<div class=\"elementor-widget-container\">\n\t\t\t\t\t\t\t\t\t<h2>Hecht Einrichtung<\/h2>\t\t\t\t\t\t\t\t<\/div>\n\t\t\t\t<\/div>\n\t\t\t\t<div class=\"elementor-element elementor-element-54216c20 elementor-widget elementor-widget-heading\" data-id=\"54216c20\" data-element_type=\"widget\" data-e-type=\"widget\" data-widget_type=\"heading.default\">\n\t\t\t\t<div class=\"elementor-widget-container\">\n\t\t\t\t\t<h1 class=\"elementor-heading-title elementor-size-default\">Hecht Einrichtungen und Design M\u00f6bel \u2013 hochwertige Designerm\u00f6bel in T\u00fcbingen <\/h1>\t\t\t\t<\/div>\n\t\t\t\t<\/div>\n\t\t\t\t\t<\/div>\n\t\t<\/div>\n\t\t\t\t<div class=\"elementor-column elementor-col-50 elementor-top-column elementor-element elementor-element-6b91523c\" data-id=\"6b91523c\" data-element_type=\"column\" data-e-type=\"column\">\n\t\t\t<div class=\"elementor-widget-wrap elementor-element-populated\">\n\t\t\t\t\t\t<div class=\"elementor-element elementor-element-7d7f4ab7 elementor-align-left elementor-widget elementor-widget-post-info\" data-id=\"7d7f4ab7\" data-element_type=\"widget\" data-e-type=\"widget\" data-widget_type=\"post-info.default\">\n\t\t\t\t<div class=\"elementor-widget-container\">\n\t\t\t\t\t\t\t<ul class=\"elementor-inline-items elementor-icon-list-items elementor-post-info\">\n\t\t\t\t\t\t\t\t<li class=\"elementor-icon-list-item elementor-repeater-item-7fe14cd elementor-inline-item\" itemprop=\"about\">\n\t\t\t\t\t\t\t\t\t\t\t\t\t<span class=\"elementor-icon-list-text elementor-post-info__item elementor-post-info__item--type-terms\">\n\t\t\t\t\t\t\t\t\t\t<span class=\"elementor-post-info__terms-list\">\n\t\t\t\t<a href=\"https:\/\/www.feine-adressen.online\/rtz\/tag\/design\/\" class=\"elementor-post-info__terms-list-item\">Design<\/a>, <a href=\"https:\/\/www.feine-adressen.online\/rtz\/tag\/inneneinrichtung\/\" class=\"elementor-post-info__terms-list-item\">Inneneinrichtung<\/a>, <a href=\"https:\/\/www.feine-adressen.online\/rtz\/tag\/leuchten\/\" class=\"elementor-post-info__terms-list-item\">Leuchten<\/a>, <a href=\"https:\/\/www.feine-adressen.online\/rtz\/tag\/moebel\/\" class=\"elementor-post-info__terms-list-item\">M\u00f6bel<\/a>, <a href=\"https:\/\/www.feine-adressen.online\/rtz\/tag\/objekte\/\" class=\"elementor-post-info__terms-list-item\">Objekte<\/a>, <a href=\"https:\/\/www.feine-adressen.online\/rtz\/tag\/shopping\/\" class=\"elementor-post-info__terms-list-item\">Shopping<\/a>, <a href=\"https:\/\/www.feine-adressen.online\/rtz\/tag\/tuebingen\/\" class=\"elementor-post-info__terms-list-item\">T\u00fcbingen<\/a>\t\t\t\t<\/span>\n\t\t\t\t\t<\/span>\n\t\t\t\t\t\t\t\t<\/li>\n\t\t\t\t<\/ul>\n\t\t\t\t\t\t<\/div>\n\t\t\t\t<\/div>\n\t\t\t\t\t<\/div>\n\t\t<\/div>\n\t\t\t\t\t<\/div>\n\t\t<\/section>\n\t\t\t\t<section class=\"elementor-section elementor-top-section elementor-element elementor-element-d6da67e elementor-section-boxed elementor-section-height-default elementor-section-height-default\" data-id=\"d6da67e\" data-element_type=\"section\" data-e-type=\"section\">\n\t\t\t\t\t\t<div class=\"elementor-container elementor-column-gap-default\">\n\t\t\t\t\t<div class=\"elementor-column elementor-col-50 elementor-top-column elementor-element elementor-element-e13e745\" data-id=\"e13e745\" data-element_type=\"column\" data-e-type=\"column\">\n\t\t\t<div class=\"elementor-widget-wrap elementor-element-populated\">\n\t\t\t\t\t\t<section class=\"elementor-section elementor-inner-section elementor-element elementor-element-a648895 elementor-section-boxed elementor-section-height-default elementor-section-height-default\" data-id=\"a648895\" data-element_type=\"section\" data-e-type=\"section\">\n\t\t\t\t\t\t<div class=\"elementor-container elementor-column-gap-default\">\n\t\t\t\t\t\t<\/div>\n\t\t<\/section>\n\t\t\t\t<div class=\"elementor-element elementor-element-c3f002f elementor-widget elementor-widget-text-editor\" data-id=\"c3f002f\" data-element_type=\"widget\" data-e-type=\"widget\" data-widget_type=\"text-editor.default\">\n\t\t\t\t<div class=\"elementor-widget-container\">\n\t\t\t\t\t\t\t\t\tHecht Einrichtungen und Design M\u00f6bel steht seit Generationen f\u00fcr exklusive Einrichtungskonzepte. Zwischen Tradition, Handwerkskunst und internationalem Design entsteht ein unverwechselbarer Ort f\u00fcr hochwertige Designerm\u00f6bel mit Stil und Charakter.\t\t\t\t\t\t\t\t<\/div>\n\t\t\t\t<\/div>\n\t\t\t\t<div class=\"elementor-element elementor-element-43481a5 elementor-arrows-position-inside elementor-pagination-position-outside elementor-widget elementor-widget-image-carousel\" data-id=\"43481a5\" data-element_type=\"widget\" data-e-type=\"widget\" data-settings=\"{&quot;slides_to_show&quot;:&quot;1&quot;,&quot;navigation&quot;:&quot;both&quot;,&quot;autoplay&quot;:&quot;yes&quot;,&quot;pause_on_hover&quot;:&quot;yes&quot;,&quot;pause_on_interaction&quot;:&quot;yes&quot;,&quot;autoplay_speed&quot;:5000,&quot;infinite&quot;:&quot;yes&quot;,&quot;effect&quot;:&quot;slide&quot;,&quot;speed&quot;:500}\" data-widget_type=\"image-carousel.default\">\n\t\t\t\t<div class=\"elementor-widget-container\">\n\t\t\t\t\t\t\t<div class=\"elementor-image-carousel-wrapper swiper\" role=\"region\" aria-roledescription=\"carousel\" aria-label=\"Bild Karussell\" dir=\"ltr\">\n\t\t\t<div class=\"elementor-image-carousel swiper-wrapper\" aria-live=\"off\">\n\t\t\t\t\t\t\t\t<div class=\"swiper-slide\" role=\"group\" aria-roledescription=\"slide\" aria-label=\"1 von 2\"><figure class=\"swiper-slide-inner\"><img decoding=\"async\" class=\"swiper-slide-image\" src=\"https:\/\/www.feine-adressen.online\/rtz\/wp-content\/uploads\/2025\/03\/img_4216.jpg\" alt=\"img_4216\" \/><\/figure><\/div><div class=\"swiper-slide\" role=\"group\" aria-roledescription=\"slide\" aria-label=\"2 von 2\"><figure class=\"swiper-slide-inner\"><img decoding=\"async\" class=\"swiper-slide-image\" src=\"https:\/\/www.feine-adressen.online\/rtz\/wp-content\/uploads\/2025\/03\/img_8307-e1743073808892.jpg\" alt=\"img_8307\" \/><\/figure><\/div>\t\t\t<\/div>\n\t\t\t\t\t\t\t\t\t\t\t\t<div class=\"elementor-swiper-button elementor-swiper-button-prev\" role=\"button\" tabindex=\"0\">\n\t\t\t\t\t\t<i aria-hidden=\"true\" class=\"eicon-chevron-left\"><\/i>\t\t\t\t\t<\/div>\n\t\t\t\t\t<div class=\"elementor-swiper-button elementor-swiper-button-next\" role=\"button\" tabindex=\"0\">\n\t\t\t\t\t\t<i aria-hidden=\"true\" class=\"eicon-chevron-right\"><\/i>\t\t\t\t\t<\/div>\n\t\t\t\t\n\t\t\t\t\t\t\t\t\t<div class=\"swiper-pagination\"><\/div>\n\t\t\t\t\t\t\t\t\t<\/div>\n\t\t\t\t\t\t<\/div>\n\t\t\t\t<\/div>\n\t\t\t\t<div class=\"elementor-element elementor-element-d3f2537 elementor-widget elementor-widget-text-editor\" data-id=\"d3f2537\" data-element_type=\"widget\" data-e-type=\"widget\" data-widget_type=\"text-editor.default\">\n\t\t\t\t<div class=\"elementor-widget-container\">\n\t\t\t\t\t\t\t\t\t<p>In einem der \u00e4ltesten Fachwerkh\u00e4user der T\u00fcbinger Altstadt, direkt in der Collegiumsgasse, befindet sich der Stammsitz von <strong>Hecht Einrichtungen<\/strong> und Design M\u00f6bel \u2013 ein Ort, an dem sich Geschichte und Designkultur begegnen. Seit dem Jahr 1500 pr\u00e4gt dieses denkmalgesch\u00fctzte Geb\u00e4ude die Stadtsilhouette und bietet heute eine besondere Kulisse f\u00fcr exklusive Einrichtungskonzepte mit internationalen Designklassikern und modernen M\u00f6belikonen.<\/p>\t\t\t\t\t\t\t\t<\/div>\n\t\t\t\t<\/div>\n\t\t\t\t<section class=\"elementor-section elementor-inner-section elementor-element elementor-element-24e395a elementor-section-boxed elementor-section-height-default elementor-section-height-default\" data-id=\"24e395a\" data-element_type=\"section\" data-e-type=\"section\">\n\t\t\t\t\t\t<div class=\"elementor-container elementor-column-gap-default\">\n\t\t\t\t\t\t<\/div>\n\t\t<\/section>\n\t\t\t\t<section class=\"elementor-section elementor-inner-section elementor-element elementor-element-06d300b elementor-section-boxed elementor-section-height-default elementor-section-height-default\" data-id=\"06d300b\" data-element_type=\"section\" data-e-type=\"section\">\n\t\t\t\t\t\t<div class=\"elementor-container elementor-column-gap-default\">\n\t\t\t\t\t\t<\/div>\n\t\t<\/section>\n\t\t\t\t<section class=\"elementor-section elementor-inner-section elementor-element elementor-element-e0ddf86 elementor-section-boxed elementor-section-height-default elementor-section-height-default\" data-id=\"e0ddf86\" data-element_type=\"section\" data-e-type=\"section\">\n\t\t\t\t\t\t<div class=\"elementor-container elementor-column-gap-default\">\n\t\t\t\t\t\t<\/div>\n\t\t<\/section>\n\t\t\t\t\t<\/div>\n\t\t<\/div>\n\t\t\t\t<div class=\"elementor-column elementor-col-50 elementor-top-column elementor-element elementor-element-d326519 elementor-hidden-tablet elementor-hidden-mobile\" data-id=\"d326519\" data-element_type=\"column\" data-e-type=\"column\" data-settings=\"{&quot;background_background&quot;:&quot;classic&quot;}\">\n\t\t\t<div class=\"elementor-widget-wrap elementor-element-populated\">\n\t\t\t\t\t\t<div class=\"elementor-element elementor-element-75aef70 elementor-widget__width-initial elementor-widget elementor-widget-text-editor\" data-id=\"75aef70\" data-element_type=\"widget\" data-e-type=\"widget\" data-widget_type=\"text-editor.default\">\n\t\t\t\t<div class=\"elementor-widget-container\">\n\t\t\t\t\t\t\t\t\t<p><strong>hecht einrichtungen GmbH<\/strong><br \/>Collegiumsgasse 1<br \/>72070 T\u00fcbingen<\/p><p>Tel.: +49 7071 688770<br \/><a href=\"mailto:info@hecht.de\">info@hecht.de<\/a><br \/><a href=\"https:\/\/www.hecht.de\" target=\"_blank\" rel=\"noopener\">www.hecht.de<\/a><\/p>\t\t\t\t\t\t\t\t<\/div>\n\t\t\t\t<\/div>\n\t\t\t\t<div class=\"elementor-element elementor-element-f8b3107 elementor-widget__width-initial elementor-widget elementor-widget-text-editor\" data-id=\"f8b3107\" data-element_type=\"widget\" data-e-type=\"widget\" data-widget_type=\"text-editor.default\">\n\t\t\t\t<div class=\"elementor-widget-container\">\n\t\t\t\t\t\t\t\t\t<p>\u00d6ffnungszeiten: <br \/>Montag bis Freitag<br \/>10:00 bis 18:30 Uhr<br \/>Samstag<br \/>10:00 bis 16:00 Uhr<\/p>\t\t\t\t\t\t\t\t<\/div>\n\t\t\t\t<\/div>\n\t\t\t\t<div class=\"elementor-element elementor-element-fb9747c elementor-widget elementor-widget-image\" data-id=\"fb9747c\" data-element_type=\"widget\" data-e-type=\"widget\" data-widget_type=\"image.default\">\n\t\t\t\t<div class=\"elementor-widget-container\">\n\t\t\t\t\t\t\t\t\t\t\t\t\t\t\t<img decoding=\"async\" width=\"150\" height=\"62\" src=\"https:\/\/www.feine-adressen.online\/rtz\/wp-content\/uploads\/2025\/03\/hecht_df_kombienation_150x62.svg\" class=\"attachment-large size-large wp-image-7902\" alt=\"\" \/>\t\t\t\t\t\t\t\t\t\t\t\t\t\t\t<\/div>\n\t\t\t\t<\/div>\n\t\t\t\t<div class=\"elementor-element elementor-element-5210fb0 elementor-widget elementor-widget-google_maps\" data-id=\"5210fb0\" data-element_type=\"widget\" data-e-type=\"widget\" data-widget_type=\"google_maps.default\">\n\t\t\t\t<div class=\"elementor-widget-container\">\n\t\t\t\t\t\t\t<div class=\"elementor-custom-embed\">\n\t\t\t<iframe loading=\"lazy\"\n\t\t\t\t\tsrc=\"https:\/\/maps.google.com\/maps?q=Hecht%20Einrichtungen%20T%C3%BCbingen&#038;t=m&#038;z=15&#038;output=embed&#038;iwloc=near\"\n\t\t\t\t\ttitle=\"Hecht Einrichtungen T\u00fcbingen\"\n\t\t\t\t\taria-label=\"Hecht Einrichtungen T\u00fcbingen\"\n\t\t\t><\/iframe>\n\t\t<\/div>\n\t\t\t\t\t\t<\/div>\n\t\t\t\t<\/div>\n\t\t\t\t<div class=\"elementor-element elementor-element-0cf81ec elementor-align-left elementor-widget elementor-widget-button\" data-id=\"0cf81ec\" data-element_type=\"widget\" data-e-type=\"widget\" data-widget_type=\"button.default\">\n\t\t\t\t<div class=\"elementor-widget-container\">\n\t\t\t\t\t\t\t\t\t<div class=\"elementor-button-wrapper\">\n\t\t\t\t\t<a class=\"elementor-button elementor-button-link elementor-size-sm\" href=\"https:\/\/www.google.de\/maps\/place\/hecht+einrichtungen+-+Ihr+M\u00f6belhaus+in+T\u00fcbingen\/@48.5208231,9.0518516,17z\/data=!3m1!4b1!4m6!3m5!1s0x4799fad47a1906eb:0x850705b766e3c1bb!8m2!3d48.5208196!4d9.0544265!16s%2Fg%2F1tl4b_9k?entry=ttu&#038;g_ep=EgoyMDI1MDMyNC4wIKXMDSoASAFQAw%3D%3D\" target=\"_blank\">\n\t\t\t\t\t\t<span class=\"elementor-button-content-wrapper\">\n\t\t\t\t\t\t<span class=\"elementor-button-icon\">\n\t\t\t\t<i aria-hidden=\"true\" class=\"fas fa-map-marker-alt\"><\/i>\t\t\t<\/span>\n\t\t\t\t\t\t\t\t\t<span class=\"elementor-button-text\">Routenplaner<\/span>\n\t\t\t\t\t<\/span>\n\t\t\t\t\t<\/a>\n\t\t\t\t<\/div>\n\t\t\t\t\t\t\t\t<\/div>\n\t\t\t\t<\/div>\n\t\t\t\t\t<\/div>\n\t\t<\/div>\n\t\t\t\t\t<\/div>\n\t\t<\/section>\n\t\t\t\t<section class=\"elementor-section elementor-top-section elementor-element elementor-element-84b18ba elementor-section-boxed elementor-section-height-default elementor-section-height-default\" data-id=\"84b18ba\" data-element_type=\"section\" data-e-type=\"section\">\n\t\t\t\t\t\t<div class=\"elementor-container elementor-column-gap-default\">\n\t\t\t\t\t<div class=\"elementor-column elementor-col-50 elementor-top-column elementor-element elementor-element-b550358\" data-id=\"b550358\" data-element_type=\"column\" data-e-type=\"column\">\n\t\t\t<div class=\"elementor-widget-wrap elementor-element-populated\">\n\t\t\t\t\t\t<div class=\"elementor-element elementor-element-39ee667 elementor-widget elementor-widget-image\" data-id=\"39ee667\" data-element_type=\"widget\" data-e-type=\"widget\" data-widget_type=\"image.default\">\n\t\t\t\t<div class=\"elementor-widget-container\">\n\t\t\t\t\t\t\t\t\t\t\t\t\t\t\t<img fetchpriority=\"high\" decoding=\"async\" width=\"1062\" height=\"1416\" src=\"https:\/\/www.feine-adressen.online\/rtz\/wp-content\/uploads\/2025\/03\/hecht_tue_2.jpg\" class=\"attachment-full size-full wp-image-7891\" alt=\"\" srcset=\"https:\/\/www.feine-adressen.online\/rtz\/wp-content\/uploads\/2025\/03\/hecht_tue_2.jpg 1062w, https:\/\/www.feine-adressen.online\/rtz\/wp-content\/uploads\/2025\/03\/hecht_tue_2-225x300.jpg 225w, https:\/\/www.feine-adressen.online\/rtz\/wp-content\/uploads\/2025\/03\/hecht_tue_2-768x1024.jpg 768w\" sizes=\"(max-width: 1062px) 100vw, 1062px\" \/>\t\t\t\t\t\t\t\t\t\t\t\t\t\t\t<\/div>\n\t\t\t\t<\/div>\n\t\t\t\t<div class=\"elementor-element elementor-element-c30e4e3 elementor-widget elementor-widget-heading\" data-id=\"c30e4e3\" data-element_type=\"widget\" data-e-type=\"widget\" data-widget_type=\"heading.default\">\n\t\t\t\t<div class=\"elementor-widget-container\">\n\t\t\t\t\t<h3 class=\"elementor-heading-title elementor-size-default\">Drei Generationen Wohnkultur und Designkompetenz<\/h3>\t\t\t\t<\/div>\n\t\t\t\t<\/div>\n\t\t\t\t<div class=\"elementor-element elementor-element-ba5bda5 elementor-widget elementor-widget-text-editor\" data-id=\"ba5bda5\" data-element_type=\"widget\" data-e-type=\"widget\" data-widget_type=\"text-editor.default\">\n\t\t\t\t<div class=\"elementor-widget-container\">\n\t\t\t\t\t\t\t\t\t<p>Bereits seit drei Generationen steht Hecht Einrichtungen und Design M\u00f6bel f\u00fcr stilvolles Wohnen, Fachkompetenz und handwerkliche Qualit\u00e4t. In den Ausstellungsr\u00e4umen werden <strong>hochwertige Designerm\u00f6bel<\/strong> pr\u00e4sentiert, die durch zeitlose Formgebung, durchdachte Funktionalit\u00e4t und herausragende Materialit\u00e4t \u00fcberzeugen. Dabei entstehen stilvolle Einrichtungsl\u00f6sungen, die R\u00e4ume nicht nur gestalten, sondern auch Geschichten erz\u00e4hlen.<\/p>\t\t\t\t\t\t\t\t<\/div>\n\t\t\t\t<\/div>\n\t\t\t\t<div class=\"elementor-element elementor-element-30677b2 elementor-widget elementor-widget-image\" data-id=\"30677b2\" data-element_type=\"widget\" data-e-type=\"widget\" data-widget_type=\"image.default\">\n\t\t\t\t<div class=\"elementor-widget-container\">\n\t\t\t\t\t\t\t\t\t\t\t\t\t\t\t<img decoding=\"async\" width=\"1500\" height=\"1500\" src=\"https:\/\/www.feine-adressen.online\/rtz\/wp-content\/uploads\/2025\/03\/img_7570.jpg\" class=\"attachment-full size-full wp-image-7895\" alt=\"\" srcset=\"https:\/\/www.feine-adressen.online\/rtz\/wp-content\/uploads\/2025\/03\/img_7570.jpg 1500w, https:\/\/www.feine-adressen.online\/rtz\/wp-content\/uploads\/2025\/03\/img_7570-300x300.jpg 300w, https:\/\/www.feine-adressen.online\/rtz\/wp-content\/uploads\/2025\/03\/img_7570-1024x1024.jpg 1024w, https:\/\/www.feine-adressen.online\/rtz\/wp-content\/uploads\/2025\/03\/img_7570-150x150.jpg 150w, https:\/\/www.feine-adressen.online\/rtz\/wp-content\/uploads\/2025\/03\/img_7570-768x768.jpg 768w\" sizes=\"(max-width: 1500px) 100vw, 1500px\" \/>\t\t\t\t\t\t\t\t\t\t\t\t\t\t\t<\/div>\n\t\t\t\t<\/div>\n\t\t\t\t<div class=\"elementor-element elementor-element-adf3acf elementor-widget elementor-widget-heading\" data-id=\"adf3acf\" data-element_type=\"widget\" data-e-type=\"widget\" data-widget_type=\"heading.default\">\n\t\t\t\t<div class=\"elementor-widget-container\">\n\t\t\t\t\t<h3 class=\"elementor-heading-title elementor-size-default\">Designvielfalt von internationalen Marken<\/h3>\t\t\t\t<\/div>\n\t\t\t\t<\/div>\n\t\t\t\t<div class=\"elementor-element elementor-element-968d935 elementor-widget elementor-widget-text-editor\" data-id=\"968d935\" data-element_type=\"widget\" data-e-type=\"widget\" data-widget_type=\"text-editor.default\">\n\t\t\t\t<div class=\"elementor-widget-container\">\n\t\t\t\t\t\t\t\t\t<p style=\"font-weight: 400;\">Das Sortiment umfasst renommierte M\u00f6bel-, Leuchten- und Wohnaccessoire-Marken wie <strong>vitra<\/strong>, <strong>Cassina<\/strong>, <strong>USM<\/strong>, <strong>Poliform<\/strong>, <strong>Foscarini<\/strong>, <strong>Occhio<\/strong>, <strong>B&amp;B Italia<\/strong>, <strong>Intertime<\/strong>, <strong>muuto<\/strong>, <strong>THONET<\/strong>, <strong>Schramm<\/strong>, <strong>HAY<\/strong>, <strong>Marset<\/strong> oder <strong>Catellani &amp; Smith, GRAU, OUT sowie Walter Knoll<\/strong>. Diese Auswahl vereint skandinavische Klarheit, italienische Eleganz und deutsche Pr\u00e4zision \u2013 perfekt kuratiert f\u00fcr individuelle Wohnkonzepte in T\u00fcbingen und der Region.<\/p>\t\t\t\t\t\t\t\t<\/div>\n\t\t\t\t<\/div>\n\t\t\t\t<div class=\"elementor-element elementor-element-44d9327 elementor-widget elementor-widget-image\" data-id=\"44d9327\" data-element_type=\"widget\" data-e-type=\"widget\" data-widget_type=\"image.default\">\n\t\t\t\t<div class=\"elementor-widget-container\">\n\t\t\t\t\t\t\t\t\t\t\t\t\t\t\t<img loading=\"lazy\" decoding=\"async\" width=\"687\" height=\"916\" src=\"https:\/\/www.feine-adressen.online\/rtz\/wp-content\/uploads\/2025\/03\/stoff_farb_collagen_beratung_hecht_0022.jpg\" class=\"attachment-large size-large wp-image-7892\" alt=\"\" srcset=\"https:\/\/www.feine-adressen.online\/rtz\/wp-content\/uploads\/2025\/03\/stoff_farb_collagen_beratung_hecht_0022.jpg 687w, https:\/\/www.feine-adressen.online\/rtz\/wp-content\/uploads\/2025\/03\/stoff_farb_collagen_beratung_hecht_0022-225x300.jpg 225w\" sizes=\"(max-width: 687px) 100vw, 687px\" \/>\t\t\t\t\t\t\t\t\t\t\t\t\t\t\t<\/div>\n\t\t\t\t<\/div>\n\t\t\t\t\t<\/div>\n\t\t<\/div>\n\t\t\t\t<div class=\"elementor-column elementor-col-50 elementor-top-column elementor-element elementor-element-9518162 elementor-hidden-desktop elementor-hidden-tablet elementor-hidden-mobile\" data-id=\"9518162\" data-element_type=\"column\" data-e-type=\"column\">\n\t\t\t<div class=\"elementor-widget-wrap elementor-element-populated\">\n\t\t\t\t\t\t<div class=\"elementor-element elementor-element-d3714e5 elementor-widget elementor-widget-text-editor\" data-id=\"d3714e5\" data-element_type=\"widget\" data-e-type=\"widget\" data-settings=\"{&quot;motion_fx_motion_fx_scrolling&quot;:&quot;yes&quot;,&quot;motion_fx_translateY_effect&quot;:&quot;yes&quot;,&quot;motion_fx_devices&quot;:[&quot;desktop&quot;],&quot;motion_fx_translateY_speed&quot;:{&quot;unit&quot;:&quot;px&quot;,&quot;size&quot;:4,&quot;sizes&quot;:[]},&quot;motion_fx_translateY_affectedRange&quot;:{&quot;unit&quot;:&quot;%&quot;,&quot;size&quot;:&quot;&quot;,&quot;sizes&quot;:{&quot;start&quot;:0,&quot;end&quot;:100}}}\" data-widget_type=\"text-editor.default\">\n\t\t\t\t<div class=\"elementor-widget-container\">\n\t\t\t\t\t\t\t\t\t\u00bb Man kann nicht klar denken, gut lieben und gut schlafen, wenn man nicht gut gegessen hat. \u00ab\t\t\t\t\t\t\t\t<\/div>\n\t\t\t\t<\/div>\n\t\t\t\t\t<\/div>\n\t\t<\/div>\n\t\t\t\t\t<\/div>\n\t\t<\/section>\n\t\t\t\t<section class=\"elementor-section elementor-top-section elementor-element elementor-element-ecc323f elementor-section-boxed elementor-section-height-default elementor-section-height-default\" data-id=\"ecc323f\" data-element_type=\"section\" data-e-type=\"section\">\n\t\t\t\t\t\t<div class=\"elementor-container elementor-column-gap-default\">\n\t\t\t\t\t<div class=\"elementor-column elementor-col-50 elementor-top-column elementor-element elementor-element-8fdf62f\" data-id=\"8fdf62f\" data-element_type=\"column\" data-e-type=\"column\">\n\t\t\t<div class=\"elementor-widget-wrap elementor-element-populated\">\n\t\t\t\t\t\t<div class=\"elementor-element elementor-element-5d2e26a elementor-widget elementor-widget-heading\" data-id=\"5d2e26a\" data-element_type=\"widget\" data-e-type=\"widget\" data-widget_type=\"heading.default\">\n\t\t\t\t<div class=\"elementor-widget-container\">\n\t\t\t\t\t<h3 class=\"elementor-heading-title elementor-size-default\">Erweiterte Ausstellungsfl\u00e4chen in der Hecht Designfabrik<\/h3>\t\t\t\t<\/div>\n\t\t\t\t<\/div>\n\t\t\t\t<div class=\"elementor-element elementor-element-126fd80 elementor-widget elementor-widget-text-editor\" data-id=\"126fd80\" data-element_type=\"widget\" data-e-type=\"widget\" data-widget_type=\"text-editor.default\">\n\t\t\t\t<div class=\"elementor-widget-container\">\n\t\t\t\t\t\t\t\t\t<p style=\"font-weight: 400;\">Nur wenige Kilometer entfernt, in einem historischen Industriegeb\u00e4ude in Kirchentellinsfurt, bietet die <strong>Hecht Designfabrik<\/strong> auf 600 Quadratmetern zus\u00e4tzliche Ausstellungsfl\u00e4chen f\u00fcr <strong>anspruchsvolle Einrichtungsideen und Lichtkonzepte<\/strong>. Interessierte k\u00f6nnen sich hier nicht nur von der fachm\u00e4nnischen Beratung \u00fcberzeigen, sondern kreative Einrichtungswelten selbst hautnah erleben.<\/p>\t\t\t\t\t\t\t\t<\/div>\n\t\t\t\t<\/div>\n\t\t\t\t<div class=\"elementor-element elementor-element-14fc198 elementor-widget elementor-widget-heading\" data-id=\"14fc198\" data-element_type=\"widget\" data-e-type=\"widget\" data-widget_type=\"heading.default\">\n\t\t\t\t<div class=\"elementor-widget-container\">\n\t\t\t\t\t<h3 class=\"elementor-heading-title elementor-size-default\">Verbindung von Tradition, Innovation und Design<\/h3>\t\t\t\t<\/div>\n\t\t\t\t<\/div>\n\t\t\t\t<div class=\"elementor-element elementor-element-7519f66 elementor-widget elementor-widget-text-editor\" data-id=\"7519f66\" data-element_type=\"widget\" data-e-type=\"widget\" data-widget_type=\"text-editor.default\">\n\t\t\t\t<div class=\"elementor-widget-container\">\n\t\t\t\t\t\t\t\t\t<p style=\"font-weight: 400;\">Hecht Einrichtungen und Design M\u00f6bel vereint architektonisches Erbe mit zeitgem\u00e4\u00dfem Wohnstil. Das Ergebnis sind Einrichtungskonzepte, die sich durch ihre Klarheit, Qualit\u00e4t und Individualit\u00e4t auszeichnen. Die Verbindung von denkmalgesch\u00fctztem Standort und zukunftsorientiertem Designverst\u00e4ndnis macht das Unternehmen zu einer festen Gr\u00f6\u00dfe f\u00fcr <strong>hochwertige Designerm\u00f6bel in T\u00fcbingen<\/strong> und dar\u00fcber hinaus.<\/p>\t\t\t\t\t\t\t\t<\/div>\n\t\t\t\t<\/div>\n\t\t\t\t<div class=\"elementor-element elementor-element-3b8f8d4 elementor-widget elementor-widget-image\" data-id=\"3b8f8d4\" data-element_type=\"widget\" data-e-type=\"widget\" data-widget_type=\"image.default\">\n\t\t\t\t<div class=\"elementor-widget-container\">\n\t\t\t\t\t\t\t\t\t\t\t\t\t\t\t<img loading=\"lazy\" decoding=\"async\" width=\"768\" height=\"1024\" src=\"https:\/\/www.feine-adressen.online\/rtz\/wp-content\/uploads\/2025\/03\/df_003-1-768x1024.jpg\" class=\"attachment-large size-large wp-image-8135\" alt=\"\" srcset=\"https:\/\/www.feine-adressen.online\/rtz\/wp-content\/uploads\/2025\/03\/df_003-1-768x1024.jpg 768w, https:\/\/www.feine-adressen.online\/rtz\/wp-content\/uploads\/2025\/03\/df_003-1-225x300.jpg 225w, https:\/\/www.feine-adressen.online\/rtz\/wp-content\/uploads\/2025\/03\/df_003-1.jpg 1062w\" sizes=\"(max-width: 768px) 100vw, 768px\" \/>\t\t\t\t\t\t\t\t\t\t\t\t\t\t\t<\/div>\n\t\t\t\t<\/div>\n\t\t\t\t\t<\/div>\n\t\t<\/div>\n\t\t\t\t<div class=\"elementor-column elementor-col-50 elementor-top-column elementor-element elementor-element-97c32ef\" data-id=\"97c32ef\" data-element_type=\"column\" data-e-type=\"column\">\n\t\t\t<div class=\"elementor-widget-wrap\">\n\t\t\t\t\t\t\t<\/div>\n\t\t<\/div>\n\t\t\t\t\t<\/div>\n\t\t<\/section>\n\t\t\t\t<section class=\"elementor-section elementor-top-section elementor-element elementor-element-aac4029 elementor-hidden-desktop elementor-section-boxed elementor-section-height-default elementor-section-height-default\" data-id=\"aac4029\" data-element_type=\"section\" data-e-type=\"section\">\n\t\t\t\t\t\t<div class=\"elementor-container elementor-column-gap-default\">\n\t\t\t\t\t<div class=\"elementor-column elementor-col-100 elementor-top-column elementor-element elementor-element-3c7214b elementor-hidden-tablet elementor-hidden-mobile\" data-id=\"3c7214b\" data-element_type=\"column\" data-e-type=\"column\" data-settings=\"{&quot;background_background&quot;:&quot;classic&quot;}\">\n\t\t\t<div class=\"elementor-widget-wrap elementor-element-populated\">\n\t\t\t\t\t\t<div class=\"elementor-element elementor-element-6f0b413 elementor-widget__width-initial elementor-widget elementor-widget-text-editor\" data-id=\"6f0b413\" data-element_type=\"widget\" data-e-type=\"widget\" data-widget_type=\"text-editor.default\">\n\t\t\t\t<div class=\"elementor-widget-container\">\n\t\t\t\t\t\t\t\t\t<p><strong>hecht einrichtungen GmbH<\/strong><br \/>Collegiumsgasse 1<br \/>72070 T\u00fcbingen<\/p><p>Tel.: +49 7071 688770<br \/><a href=\"mailto:info@hecht.de\">info@hecht.de<\/a><br \/><a href=\"https:\/\/www.hecht.de\" target=\"_blank\" rel=\"noopener\">www.hecht.de<\/a><\/p>\t\t\t\t\t\t\t\t<\/div>\n\t\t\t\t<\/div>\n\t\t\t\t<div class=\"elementor-element elementor-element-d2caa29 elementor-widget__width-initial elementor-widget elementor-widget-text-editor\" data-id=\"d2caa29\" data-element_type=\"widget\" data-e-type=\"widget\" data-widget_type=\"text-editor.default\">\n\t\t\t\t<div class=\"elementor-widget-container\">\n\t\t\t\t\t\t\t\t\t<p>\u00d6ffnungszeiten: <br \/>Montag bis Freitag<br \/>10:00 bis 18:30 Uhr<br \/>Samstag<br \/>10:00 bis 16:00 Uhr<\/p>\t\t\t\t\t\t\t\t<\/div>\n\t\t\t\t<\/div>\n\t\t\t\t<div class=\"elementor-element elementor-element-0ab6ea5 elementor-widget elementor-widget-image\" data-id=\"0ab6ea5\" data-element_type=\"widget\" data-e-type=\"widget\" data-widget_type=\"image.default\">\n\t\t\t\t<div class=\"elementor-widget-container\">\n\t\t\t\t\t\t\t\t\t\t\t\t\t\t\t<img decoding=\"async\" width=\"150\" height=\"62\" src=\"https:\/\/www.feine-adressen.online\/rtz\/wp-content\/uploads\/2025\/03\/hecht_df_kombienation_150x62.svg\" class=\"attachment-large size-large wp-image-7902\" alt=\"\" \/>\t\t\t\t\t\t\t\t\t\t\t\t\t\t\t<\/div>\n\t\t\t\t<\/div>\n\t\t\t\t<div class=\"elementor-element elementor-element-dcc7453 elementor-widget elementor-widget-google_maps\" data-id=\"dcc7453\" data-element_type=\"widget\" data-e-type=\"widget\" data-widget_type=\"google_maps.default\">\n\t\t\t\t<div class=\"elementor-widget-container\">\n\t\t\t\t\t\t\t<div class=\"elementor-custom-embed\">\n\t\t\t<iframe loading=\"lazy\"\n\t\t\t\t\tsrc=\"https:\/\/maps.google.com\/maps?q=Hecht%20Einrichtungen%20T%C3%BCbingen&#038;t=m&#038;z=15&#038;output=embed&#038;iwloc=near\"\n\t\t\t\t\ttitle=\"Hecht Einrichtungen T\u00fcbingen\"\n\t\t\t\t\taria-label=\"Hecht Einrichtungen T\u00fcbingen\"\n\t\t\t><\/iframe>\n\t\t<\/div>\n\t\t\t\t\t\t<\/div>\n\t\t\t\t<\/div>\n\t\t\t\t<div class=\"elementor-element elementor-element-e2047f9 elementor-align-left elementor-widget elementor-widget-button\" data-id=\"e2047f9\" data-element_type=\"widget\" data-e-type=\"widget\" data-widget_type=\"button.default\">\n\t\t\t\t<div class=\"elementor-widget-container\">\n\t\t\t\t\t\t\t\t\t<div class=\"elementor-button-wrapper\">\n\t\t\t\t\t<a class=\"elementor-button elementor-button-link elementor-size-sm\" href=\"https:\/\/www.google.de\/maps\/place\/hecht+einrichtungen+-+Ihr+M\u00f6belhaus+in+T\u00fcbingen\/@48.5208231,9.0518516,17z\/data=!3m1!4b1!4m6!3m5!1s0x4799fad47a1906eb:0x850705b766e3c1bb!8m2!3d48.5208196!4d9.0544265!16s%2Fg%2F1tl4b_9k?entry=ttu&#038;g_ep=EgoyMDI1MDMyNC4wIKXMDSoASAFQAw%3D%3D\" target=\"_blank\">\n\t\t\t\t\t\t<span class=\"elementor-button-content-wrapper\">\n\t\t\t\t\t\t<span class=\"elementor-button-icon\">\n\t\t\t\t<i aria-hidden=\"true\" class=\"fas fa-map-marker-alt\"><\/i>\t\t\t<\/span>\n\t\t\t\t\t\t\t\t\t<span class=\"elementor-button-text\">Routenplaner<\/span>\n\t\t\t\t\t<\/span>\n\t\t\t\t\t<\/a>\n\t\t\t\t<\/div>\n\t\t\t\t\t\t\t\t<\/div>\n\t\t\t\t<\/div>\n\t\t\t\t\t<\/div>\n\t\t<\/div>\n\t\t\t\t\t<\/div>\n\t\t<\/section>\n\t\t\t\t<section class=\"elementor-section elementor-top-section elementor-element elementor-element-4b47c327 elementor-section-boxed elementor-section-height-default elementor-section-height-default\" data-id=\"4b47c327\" data-element_type=\"section\" data-e-type=\"section\">\n\t\t\t\t\t\t<div class=\"elementor-container elementor-column-gap-default\">\n\t\t\t\t\t<div class=\"elementor-column elementor-col-100 elementor-top-column elementor-element elementor-element-2ccba325\" data-id=\"2ccba325\" data-element_type=\"column\" data-e-type=\"column\">\n\t\t\t<div class=\"elementor-widget-wrap elementor-element-populated\">\n\t\t\t\t\t\t<div class=\"elementor-element elementor-element-9a72311 elementor-widget-divider--view-line elementor-widget elementor-widget-divider\" data-id=\"9a72311\" data-element_type=\"widget\" data-e-type=\"widget\" data-widget_type=\"divider.default\">\n\t\t\t\t<div class=\"elementor-widget-container\">\n\t\t\t\t\t\t\t<div class=\"elementor-divider\">\n\t\t\t<span class=\"elementor-divider-separator\">\n\t\t\t\t\t\t<\/span>\n\t\t<\/div>\n\t\t\t\t\t\t<\/div>\n\t\t\t\t<\/div>\n\t\t\t\t<div class=\"elementor-element elementor-element-3d63e675 elementor-widget__width-initial elementor-widget elementor-widget-text-editor\" data-id=\"3d63e675\" data-element_type=\"widget\" data-e-type=\"widget\" data-widget_type=\"text-editor.default\">\n\t\t\t\t<div class=\"elementor-widget-container\">\n\t\t\t\t\t\t\t\t\t<div class=\"ewa-rteLine\"><p>Mehr aus dem Bereich <strong>SHOPPING<\/strong> entdecken:<\/p><\/div>\t\t\t\t\t\t\t\t<\/div>\n\t\t\t\t<\/div>\n\t\t\t\t<div class=\"elementor-element elementor-element-5fce60af elementor-grid-3 elementor-grid-tablet-2 elementor-grid-mobile-1 elementor-posts--thumbnail-top elementor-card-shadow-yes elementor-posts__hover-gradient elementor-widget elementor-widget-posts\" data-id=\"5fce60af\" data-element_type=\"widget\" data-e-type=\"widget\" data-settings=\"{&quot;cards_masonry&quot;:&quot;yes&quot;,&quot;pagination_type&quot;:&quot;prev_next&quot;,&quot;cards_columns&quot;:&quot;3&quot;,&quot;cards_columns_tablet&quot;:&quot;2&quot;,&quot;cards_columns_mobile&quot;:&quot;1&quot;,&quot;cards_row_gap&quot;:{&quot;unit&quot;:&quot;px&quot;,&quot;size&quot;:35,&quot;sizes&quot;:[]},&quot;cards_row_gap_tablet&quot;:{&quot;unit&quot;:&quot;px&quot;,&quot;size&quot;:&quot;&quot;,&quot;sizes&quot;:[]},&quot;cards_row_gap_mobile&quot;:{&quot;unit&quot;:&quot;px&quot;,&quot;size&quot;:&quot;&quot;,&quot;sizes&quot;:[]}}\" data-widget_type=\"posts.cards\">\n\t\t\t\t<div class=\"elementor-widget-container\">\n\t\t\t\t\t\t\t<div class=\"elementor-posts-container elementor-posts elementor-posts--skin-cards elementor-grid\" role=\"list\">\n\t\t\t\t<article class=\"elementor-post elementor-grid-item post-1163 post type-post status-publish format-standard has-post-thumbnail hentry category-shopping tag-atelier tag-manufaktur tag-reutlingen tag-rolex tag-schmuck tag-shopping tag-uhren\" role=\"listitem\">\n\t\t\t<div class=\"elementor-post__card\">\n\t\t\t\t<a class=\"elementor-post__thumbnail__link\" href=\"https:\/\/www.feine-adressen.online\/rtz\/juwelier-depperich\/\" tabindex=\"-1\" ><div class=\"elementor-post__thumbnail\"><img loading=\"lazy\" decoding=\"async\" width=\"300\" height=\"300\" src=\"https:\/\/www.feine-adressen.online\/rtz\/wp-content\/uploads\/2023\/11\/Produktbild_3-e1710506945663-300x300.jpg\" class=\"attachment-medium size-medium wp-image-1173\" alt=\"Juwelier Depperich\" srcset=\"https:\/\/www.feine-adressen.online\/rtz\/wp-content\/uploads\/2023\/11\/Produktbild_3-e1710506945663-300x300.jpg 300w, https:\/\/www.feine-adressen.online\/rtz\/wp-content\/uploads\/2023\/11\/Produktbild_3-e1710506945663-1024x1024.jpg 1024w, https:\/\/www.feine-adressen.online\/rtz\/wp-content\/uploads\/2023\/11\/Produktbild_3-e1710506945663-150x150.jpg 150w, https:\/\/www.feine-adressen.online\/rtz\/wp-content\/uploads\/2023\/11\/Produktbild_3-e1710506945663-768x768.jpg 768w, https:\/\/www.feine-adressen.online\/rtz\/wp-content\/uploads\/2023\/11\/Produktbild_3-e1710506945663.jpg 1050w\" sizes=\"(max-width: 300px) 100vw, 300px\" \/><\/div><\/a>\n\t\t\t\t<div class=\"elementor-post__badge\">Shopping<\/div>\n\t\t\t\t<div class=\"elementor-post__text\">\n\t\t\t\t<h3 class=\"elementor-post__title\">\n\t\t\t<a href=\"https:\/\/www.feine-adressen.online\/rtz\/juwelier-depperich\/\" >\n\t\t\t\tJuwelier Depperich \u2013 Aus Leidenschaft zu Individualit\u00e4t und Pers\u00f6nlichkeit\t\t\t<\/a>\n\t\t<\/h3>\n\t\t\n\t\t<a class=\"elementor-post__read-more\" href=\"https:\/\/www.feine-adressen.online\/rtz\/juwelier-depperich\/\" aria-label=\"Mehr \u00fcber Juwelier Depperich \u2013 Aus Leidenschaft zu Individualit\u00e4t und Pers\u00f6nlichkeit\" tabindex=\"-1\" >\n\t\t\tMehr Erfahren \u00bb\t\t<\/a>\n\n\t\t\t\t<\/div>\n\t\t\t\t\t<\/div>\n\t\t<\/article>\n\t\t\t\t<article class=\"elementor-post elementor-grid-item post-1850 post type-post status-publish format-standard has-post-thumbnail hentry category-shopping tag-altenriet tag-einrichtung tag-manufaktur tag-moebel tag-reutlingen tag-shopping tag-wohnen\" role=\"listitem\">\n\t\t\t<div class=\"elementor-post__card\">\n\t\t\t\t<a class=\"elementor-post__thumbnail__link\" href=\"https:\/\/www.feine-adressen.online\/rtz\/fenchel-wohnfaszination-hochwertige-moebel-im-kreis-reutlingen\/\" tabindex=\"-1\" ><div class=\"elementor-post__thumbnail\"><img loading=\"lazy\" decoding=\"async\" width=\"300\" height=\"300\" src=\"https:\/\/www.feine-adressen.online\/rtz\/wp-content\/uploads\/2023\/11\/fenchel-header-treca-24seven-moon-2019-e1710506873274-300x300.jpg\" class=\"attachment-medium size-medium wp-image-3235\" alt=\"Fenchel Wohnfaszination\" srcset=\"https:\/\/www.feine-adressen.online\/rtz\/wp-content\/uploads\/2023\/11\/fenchel-header-treca-24seven-moon-2019-e1710506873274-300x300.jpg 300w, https:\/\/www.feine-adressen.online\/rtz\/wp-content\/uploads\/2023\/11\/fenchel-header-treca-24seven-moon-2019-e1710506873274-150x150.jpg 150w, https:\/\/www.feine-adressen.online\/rtz\/wp-content\/uploads\/2023\/11\/fenchel-header-treca-24seven-moon-2019-e1710506873274-768x768.jpg 768w, https:\/\/www.feine-adressen.online\/rtz\/wp-content\/uploads\/2023\/11\/fenchel-header-treca-24seven-moon-2019-e1710506873274.jpg 960w\" sizes=\"(max-width: 300px) 100vw, 300px\" \/><\/div><\/a>\n\t\t\t\t<div class=\"elementor-post__badge\">Shopping<\/div>\n\t\t\t\t<div class=\"elementor-post__text\">\n\t\t\t\t<h3 class=\"elementor-post__title\">\n\t\t\t<a href=\"https:\/\/www.feine-adressen.online\/rtz\/fenchel-wohnfaszination-hochwertige-moebel-im-kreis-reutlingen\/\" >\n\t\t\t\tFenchel Wohnfaszination \u2013 Einrichtungs&shy;kompetenz seit 1902\t\t\t<\/a>\n\t\t<\/h3>\n\t\t\n\t\t<a class=\"elementor-post__read-more\" href=\"https:\/\/www.feine-adressen.online\/rtz\/fenchel-wohnfaszination-hochwertige-moebel-im-kreis-reutlingen\/\" aria-label=\"Mehr \u00fcber Fenchel Wohnfaszination \u2013 Einrichtungs&shy;kompetenz seit 1902\" tabindex=\"-1\" >\n\t\t\tMehr Erfahren \u00bb\t\t<\/a>\n\n\t\t\t\t<\/div>\n\t\t\t\t\t<\/div>\n\t\t<\/article>\n\t\t\t\t<article class=\"elementor-post elementor-grid-item post-8463 post type-post status-publish format-standard has-post-thumbnail hentry category-shopping tag-amerika tag-cowboy tag-mode tag-outlet tag-western\" role=\"listitem\">\n\t\t\t<div class=\"elementor-post__card\">\n\t\t\t\t<a class=\"elementor-post__thumbnail__link\" href=\"https:\/\/www.feine-adressen.online\/rtz\/world-of-western\/\" tabindex=\"-1\" ><div class=\"elementor-post__thumbnail\"><img loading=\"lazy\" decoding=\"async\" width=\"300\" height=\"180\" src=\"https:\/\/www.feine-adressen.online\/rtz\/wp-content\/uploads\/2025\/08\/2023.03Stetson1-300x180.jpg\" class=\"attachment-medium size-medium wp-image-8524\" alt=\"\" srcset=\"https:\/\/www.feine-adressen.online\/rtz\/wp-content\/uploads\/2025\/08\/2023.03Stetson1-300x180.jpg 300w, https:\/\/www.feine-adressen.online\/rtz\/wp-content\/uploads\/2025\/08\/2023.03Stetson1-768x461.jpg 768w, https:\/\/www.feine-adressen.online\/rtz\/wp-content\/uploads\/2025\/08\/2023.03Stetson1.jpg 1000w\" sizes=\"(max-width: 300px) 100vw, 300px\" \/><\/div><\/a>\n\t\t\t\t<div class=\"elementor-post__badge\">Shopping<\/div>\n\t\t\t\t<div class=\"elementor-post__text\">\n\t\t\t\t<h3 class=\"elementor-post__title\">\n\t\t\t<a href=\"https:\/\/www.feine-adressen.online\/rtz\/world-of-western\/\" >\n\t\t\t\tWorld of Western\t\t\t<\/a>\n\t\t<\/h3>\n\t\t\n\t\t<a class=\"elementor-post__read-more\" href=\"https:\/\/www.feine-adressen.online\/rtz\/world-of-western\/\" aria-label=\"Mehr \u00fcber World of Western\" tabindex=\"-1\" >\n\t\t\tMehr Erfahren \u00bb\t\t<\/a>\n\n\t\t\t\t<\/div>\n\t\t\t\t\t<\/div>\n\t\t<\/article>\n\t\t\t\t<\/div>\n\t\t\n\t\t\t\t\t\t<\/div>\n\t\t\t\t<\/div>\n\t\t\t\t\t<\/div>\n\t\t<\/div>\n\t\t\t\t\t<\/div>\n\t\t<\/section>\n\t\t\t\t<\/div>\n\t\t","protected":false},"excerpt":{"rendered":"<p>Zur\u00fcck zur Auswahl Hecht Einrichtung Hecht Einrichtungen und Design M\u00f6bel \u2013 hochwertige Designerm\u00f6bel in T\u00fcbingen Hecht Einrichtungen und Design M\u00f6bel steht seit Generationen f\u00fcr exklusive<\/p>\n","protected":false},"author":2,"featured_media":7893,"comment_status":"closed","ping_status":"open","sticky":false,"template":"elementor_header_footer","format":"standard","meta":{"iawp_total_views":15,"footnotes":""},"categories":[28],"tags":[105,361,360,97,362,82,74],"class_list":["post-7888","post","type-post","status-publish","format-standard","has-post-thumbnail","hentry","category-shopping","tag-design","tag-inneneinrichtung","tag-leuchten","tag-moebel","tag-objekte","tag-shopping","tag-tuebingen"],"yoast_head":"<!-- This site is optimized with the Yoast SEO plugin v26.9 - https:\/\/yoast.com\/product\/yoast-seo-wordpress\/ -->\n<title>Hecht Einrichtungen, Ihr besonderes M\u00f6bel-und Designhaus in der Region T\u00fcbingen und Reutlingen - feine adressen<\/title>\n<meta name=\"description\" content=\"Hecht Blindtext\" \/>\n<meta name=\"robots\" content=\"index, follow, max-snippet:-1, max-image-preview:large, max-video-preview:-1\" \/>\n<link rel=\"canonical\" href=\"https:\/\/www.feine-adressen.online\/rtz\/hecht-einrichtungen\/\" \/>\n<meta property=\"og:locale\" content=\"de_DE\" \/>\n<meta property=\"og:type\" content=\"article\" \/>\n<meta property=\"og:title\" content=\"Hecht Einrichtungen, Ihr besonderes M\u00f6bel-und Designhaus in der Region T\u00fcbingen und Reutlingen - feine adressen\" \/>\n<meta property=\"og:description\" content=\"Hecht Blindtext\" \/>\n<meta property=\"og:url\" content=\"https:\/\/www.feine-adressen.online\/rtz\/hecht-einrichtungen\/\" \/>\n<meta property=\"og:site_name\" content=\"feine adressen\" \/>\n<meta property=\"article:published_time\" content=\"2025-03-27T11:31:48+00:00\" \/>\n<meta property=\"article:modified_time\" content=\"2025-07-28T12:26:07+00:00\" \/>\n<meta property=\"og:image\" content=\"https:\/\/www.feine-adressen.online\/rtz\/wp-content\/uploads\/2025\/03\/img_8322.jpg\" \/>\n\t<meta property=\"og:image:width\" content=\"1500\" \/>\n\t<meta property=\"og:image:height\" content=\"2000\" \/>\n\t<meta property=\"og:image:type\" content=\"image\/jpeg\" \/>\n<meta name=\"author\" content=\"thomas\" \/>\n<meta name=\"twitter:card\" content=\"summary_large_image\" \/>\n<meta name=\"twitter:label1\" content=\"Verfasst von\" \/>\n\t<meta name=\"twitter:data1\" content=\"thomas\" \/>\n\t<meta name=\"twitter:label2\" content=\"Gesch\u00e4tzte Lesezeit\" \/>\n\t<meta name=\"twitter:data2\" content=\"6\u00a0Minuten\" \/>\n<script type=\"application\/ld+json\" class=\"yoast-schema-graph\">{\"@context\":\"https:\/\/schema.org\",\"@graph\":[{\"@type\":\"Article\",\"@id\":\"https:\/\/www.feine-adressen.online\/rtz\/hecht-einrichtungen\/#article\",\"isPartOf\":{\"@id\":\"https:\/\/www.feine-adressen.online\/rtz\/hecht-einrichtungen\/\"},\"author\":{\"name\":\"thomas\",\"@id\":\"https:\/\/www.feine-adressen.online\/rtz\/#\/schema\/person\/9afb47a3a3385433e9879ab55bc3675c\"},\"headline\":\"Hecht Einrichtungen, Ihr besonderes M\u00f6bel-und Designhaus in der Region T\u00fcbingen und Reutlingen\",\"datePublished\":\"2025-03-27T11:31:48+00:00\",\"dateModified\":\"2025-07-28T12:26:07+00:00\",\"mainEntityOfPage\":{\"@id\":\"https:\/\/www.feine-adressen.online\/rtz\/hecht-einrichtungen\/\"},\"wordCount\":435,\"publisher\":{\"@id\":\"https:\/\/www.feine-adressen.online\/rtz\/#organization\"},\"image\":{\"@id\":\"https:\/\/www.feine-adressen.online\/rtz\/hecht-einrichtungen\/#primaryimage\"},\"thumbnailUrl\":\"https:\/\/www.feine-adressen.online\/rtz\/wp-content\/uploads\/2025\/03\/img_8322.jpg\",\"keywords\":[\"Design\",\"Inneneinrichtung\",\"Leuchten\",\"M\u00f6bel\",\"Objekte\",\"Shopping\",\"T\u00fcbingen\"],\"articleSection\":[\"Shopping\"],\"inLanguage\":\"de\"},{\"@type\":\"WebPage\",\"@id\":\"https:\/\/www.feine-adressen.online\/rtz\/hecht-einrichtungen\/\",\"url\":\"https:\/\/www.feine-adressen.online\/rtz\/hecht-einrichtungen\/\",\"name\":\"Hecht Einrichtungen, Ihr besonderes M\u00f6bel-und Designhaus in der Region T\u00fcbingen und Reutlingen - feine adressen\",\"isPartOf\":{\"@id\":\"https:\/\/www.feine-adressen.online\/rtz\/#website\"},\"primaryImageOfPage\":{\"@id\":\"https:\/\/www.feine-adressen.online\/rtz\/hecht-einrichtungen\/#primaryimage\"},\"image\":{\"@id\":\"https:\/\/www.feine-adressen.online\/rtz\/hecht-einrichtungen\/#primaryimage\"},\"thumbnailUrl\":\"https:\/\/www.feine-adressen.online\/rtz\/wp-content\/uploads\/2025\/03\/img_8322.jpg\",\"datePublished\":\"2025-03-27T11:31:48+00:00\",\"dateModified\":\"2025-07-28T12:26:07+00:00\",\"description\":\"Hecht Blindtext\",\"breadcrumb\":{\"@id\":\"https:\/\/www.feine-adressen.online\/rtz\/hecht-einrichtungen\/#breadcrumb\"},\"inLanguage\":\"de\",\"potentialAction\":[{\"@type\":\"ReadAction\",\"target\":[\"https:\/\/www.feine-adressen.online\/rtz\/hecht-einrichtungen\/\"]}]},{\"@type\":\"ImageObject\",\"inLanguage\":\"de\",\"@id\":\"https:\/\/www.feine-adressen.online\/rtz\/hecht-einrichtungen\/#primaryimage\",\"url\":\"https:\/\/www.feine-adressen.online\/rtz\/wp-content\/uploads\/2025\/03\/img_8322.jpg\",\"contentUrl\":\"https:\/\/www.feine-adressen.online\/rtz\/wp-content\/uploads\/2025\/03\/img_8322.jpg\",\"width\":1500,\"height\":2000},{\"@type\":\"BreadcrumbList\",\"@id\":\"https:\/\/www.feine-adressen.online\/rtz\/hecht-einrichtungen\/#breadcrumb\",\"itemListElement\":[{\"@type\":\"ListItem\",\"position\":1,\"name\":\"Startseite\",\"item\":\"https:\/\/www.feine-adressen.online\/rtz\/\"},{\"@type\":\"ListItem\",\"position\":2,\"name\":\"Hecht Einrichtungen, Ihr besonderes M\u00f6bel-und Designhaus in der Region T\u00fcbingen und Reutlingen\"}]},{\"@type\":\"WebSite\",\"@id\":\"https:\/\/www.feine-adressen.online\/rtz\/#website\",\"url\":\"https:\/\/www.feine-adressen.online\/rtz\/\",\"name\":\"feine adressen\",\"description\":\"Reutlingen \/ T\u00fcbingen \/ Zollernalb\",\"publisher\":{\"@id\":\"https:\/\/www.feine-adressen.online\/rtz\/#organization\"},\"potentialAction\":[{\"@type\":\"SearchAction\",\"target\":{\"@type\":\"EntryPoint\",\"urlTemplate\":\"https:\/\/www.feine-adressen.online\/rtz\/?s={search_term_string}\"},\"query-input\":{\"@type\":\"PropertyValueSpecification\",\"valueRequired\":true,\"valueName\":\"search_term_string\"}}],\"inLanguage\":\"de\"},{\"@type\":\"Organization\",\"@id\":\"https:\/\/www.feine-adressen.online\/rtz\/#organization\",\"name\":\"feine adressen\",\"url\":\"https:\/\/www.feine-adressen.online\/rtz\/\",\"logo\":{\"@type\":\"ImageObject\",\"inLanguage\":\"de\",\"@id\":\"https:\/\/www.feine-adressen.online\/rtz\/#\/schema\/logo\/image\/\",\"url\":\"https:\/\/www.feine-adressen.online\/rtz\/wp-content\/uploads\/2023\/08\/kopf_2000.png\",\"contentUrl\":\"https:\/\/www.feine-adressen.online\/rtz\/wp-content\/uploads\/2023\/08\/kopf_2000.png\",\"width\":2000,\"height\":800,\"caption\":\"feine adressen\"},\"image\":{\"@id\":\"https:\/\/www.feine-adressen.online\/rtz\/#\/schema\/logo\/image\/\"}},{\"@type\":\"Person\",\"@id\":\"https:\/\/www.feine-adressen.online\/rtz\/#\/schema\/person\/9afb47a3a3385433e9879ab55bc3675c\",\"name\":\"thomas\",\"image\":{\"@type\":\"ImageObject\",\"inLanguage\":\"de\",\"@id\":\"https:\/\/www.feine-adressen.online\/rtz\/#\/schema\/person\/image\/\",\"url\":\"https:\/\/secure.gravatar.com\/avatar\/b121218ce010fef9e9d1bbba38a84a6ab6278186dd77e78d0137afb2b3dc3eaf?s=96&d=mm&r=g\",\"contentUrl\":\"https:\/\/secure.gravatar.com\/avatar\/b121218ce010fef9e9d1bbba38a84a6ab6278186dd77e78d0137afb2b3dc3eaf?s=96&d=mm&r=g\",\"caption\":\"thomas\"},\"url\":\"https:\/\/www.feine-adressen.online\/rtz\/author\/thomas\/\"}]}<\/script>\n<!-- \/ Yoast SEO plugin. -->","yoast_head_json":{"title":"Hecht Einrichtungen, Ihr besonderes M\u00f6bel-und Designhaus in der Region T\u00fcbingen und Reutlingen - feine adressen","description":"Hecht Blindtext","robots":{"index":"index","follow":"follow","max-snippet":"max-snippet:-1","max-image-preview":"max-image-preview:large","max-video-preview":"max-video-preview:-1"},"canonical":"https:\/\/www.feine-adressen.online\/rtz\/hecht-einrichtungen\/","og_locale":"de_DE","og_type":"article","og_title":"Hecht Einrichtungen, Ihr besonderes M\u00f6bel-und Designhaus in der Region T\u00fcbingen und Reutlingen - feine adressen","og_description":"Hecht Blindtext","og_url":"https:\/\/www.feine-adressen.online\/rtz\/hecht-einrichtungen\/","og_site_name":"feine adressen","article_published_time":"2025-03-27T11:31:48+00:00","article_modified_time":"2025-07-28T12:26:07+00:00","og_image":[{"width":1500,"height":2000,"url":"https:\/\/www.feine-adressen.online\/rtz\/wp-content\/uploads\/2025\/03\/img_8322.jpg","type":"image\/jpeg"}],"author":"thomas","twitter_card":"summary_large_image","twitter_misc":{"Verfasst von":"thomas","Gesch\u00e4tzte Lesezeit":"6\u00a0Minuten"},"schema":{"@context":"https:\/\/schema.org","@graph":[{"@type":"Article","@id":"https:\/\/www.feine-adressen.online\/rtz\/hecht-einrichtungen\/#article","isPartOf":{"@id":"https:\/\/www.feine-adressen.online\/rtz\/hecht-einrichtungen\/"},"author":{"name":"thomas","@id":"https:\/\/www.feine-adressen.online\/rtz\/#\/schema\/person\/9afb47a3a3385433e9879ab55bc3675c"},"headline":"Hecht Einrichtungen, Ihr besonderes M\u00f6bel-und Designhaus in der Region T\u00fcbingen und Reutlingen","datePublished":"2025-03-27T11:31:48+00:00","dateModified":"2025-07-28T12:26:07+00:00","mainEntityOfPage":{"@id":"https:\/\/www.feine-adressen.online\/rtz\/hecht-einrichtungen\/"},"wordCount":435,"publisher":{"@id":"https:\/\/www.feine-adressen.online\/rtz\/#organization"},"image":{"@id":"https:\/\/www.feine-adressen.online\/rtz\/hecht-einrichtungen\/#primaryimage"},"thumbnailUrl":"https:\/\/www.feine-adressen.online\/rtz\/wp-content\/uploads\/2025\/03\/img_8322.jpg","keywords":["Design","Inneneinrichtung","Leuchten","M\u00f6bel","Objekte","Shopping","T\u00fcbingen"],"articleSection":["Shopping"],"inLanguage":"de"},{"@type":"WebPage","@id":"https:\/\/www.feine-adressen.online\/rtz\/hecht-einrichtungen\/","url":"https:\/\/www.feine-adressen.online\/rtz\/hecht-einrichtungen\/","name":"Hecht Einrichtungen, Ihr besonderes M\u00f6bel-und Designhaus in der Region T\u00fcbingen und Reutlingen - feine adressen","isPartOf":{"@id":"https:\/\/www.feine-adressen.online\/rtz\/#website"},"primaryImageOfPage":{"@id":"https:\/\/www.feine-adressen.online\/rtz\/hecht-einrichtungen\/#primaryimage"},"image":{"@id":"https:\/\/www.feine-adressen.online\/rtz\/hecht-einrichtungen\/#primaryimage"},"thumbnailUrl":"https:\/\/www.feine-adressen.online\/rtz\/wp-content\/uploads\/2025\/03\/img_8322.jpg","datePublished":"2025-03-27T11:31:48+00:00","dateModified":"2025-07-28T12:26:07+00:00","description":"Hecht Blindtext","breadcrumb":{"@id":"https:\/\/www.feine-adressen.online\/rtz\/hecht-einrichtungen\/#breadcrumb"},"inLanguage":"de","potentialAction":[{"@type":"ReadAction","target":["https:\/\/www.feine-adressen.online\/rtz\/hecht-einrichtungen\/"]}]},{"@type":"ImageObject","inLanguage":"de","@id":"https:\/\/www.feine-adressen.online\/rtz\/hecht-einrichtungen\/#primaryimage","url":"https:\/\/www.feine-adressen.online\/rtz\/wp-content\/uploads\/2025\/03\/img_8322.jpg","contentUrl":"https:\/\/www.feine-adressen.online\/rtz\/wp-content\/uploads\/2025\/03\/img_8322.jpg","width":1500,"height":2000},{"@type":"BreadcrumbList","@id":"https:\/\/www.feine-adressen.online\/rtz\/hecht-einrichtungen\/#breadcrumb","itemListElement":[{"@type":"ListItem","position":1,"name":"Startseite","item":"https:\/\/www.feine-adressen.online\/rtz\/"},{"@type":"ListItem","position":2,"name":"Hecht Einrichtungen, Ihr besonderes M\u00f6bel-und Designhaus in der Region T\u00fcbingen und Reutlingen"}]},{"@type":"WebSite","@id":"https:\/\/www.feine-adressen.online\/rtz\/#website","url":"https:\/\/www.feine-adressen.online\/rtz\/","name":"feine adressen","description":"Reutlingen \/ T\u00fcbingen \/ Zollernalb","publisher":{"@id":"https:\/\/www.feine-adressen.online\/rtz\/#organization"},"potentialAction":[{"@type":"SearchAction","target":{"@type":"EntryPoint","urlTemplate":"https:\/\/www.feine-adressen.online\/rtz\/?s={search_term_string}"},"query-input":{"@type":"PropertyValueSpecification","valueRequired":true,"valueName":"search_term_string"}}],"inLanguage":"de"},{"@type":"Organization","@id":"https:\/\/www.feine-adressen.online\/rtz\/#organization","name":"feine adressen","url":"https:\/\/www.feine-adressen.online\/rtz\/","logo":{"@type":"ImageObject","inLanguage":"de","@id":"https:\/\/www.feine-adressen.online\/rtz\/#\/schema\/logo\/image\/","url":"https:\/\/www.feine-adressen.online\/rtz\/wp-content\/uploads\/2023\/08\/kopf_2000.png","contentUrl":"https:\/\/www.feine-adressen.online\/rtz\/wp-content\/uploads\/2023\/08\/kopf_2000.png","width":2000,"height":800,"caption":"feine adressen"},"image":{"@id":"https:\/\/www.feine-adressen.online\/rtz\/#\/schema\/logo\/image\/"}},{"@type":"Person","@id":"https:\/\/www.feine-adressen.online\/rtz\/#\/schema\/person\/9afb47a3a3385433e9879ab55bc3675c","name":"thomas","image":{"@type":"ImageObject","inLanguage":"de","@id":"https:\/\/www.feine-adressen.online\/rtz\/#\/schema\/person\/image\/","url":"https:\/\/secure.gravatar.com\/avatar\/b121218ce010fef9e9d1bbba38a84a6ab6278186dd77e78d0137afb2b3dc3eaf?s=96&d=mm&r=g","contentUrl":"https:\/\/secure.gravatar.com\/avatar\/b121218ce010fef9e9d1bbba38a84a6ab6278186dd77e78d0137afb2b3dc3eaf?s=96&d=mm&r=g","caption":"thomas"},"url":"https:\/\/www.feine-adressen.online\/rtz\/author\/thomas\/"}]}},"_links":{"self":[{"href":"https:\/\/www.feine-adressen.online\/rtz\/wp-json\/wp\/v2\/posts\/7888","targetHints":{"allow":["GET"]}}],"collection":[{"href":"https:\/\/www.feine-adressen.online\/rtz\/wp-json\/wp\/v2\/posts"}],"about":[{"href":"https:\/\/www.feine-adressen.online\/rtz\/wp-json\/wp\/v2\/types\/post"}],"author":[{"embeddable":true,"href":"https:\/\/www.feine-adressen.online\/rtz\/wp-json\/wp\/v2\/users\/2"}],"replies":[{"embeddable":true,"href":"https:\/\/www.feine-adressen.online\/rtz\/wp-json\/wp\/v2\/comments?post=7888"}],"version-history":[{"count":24,"href":"https:\/\/www.feine-adressen.online\/rtz\/wp-json\/wp\/v2\/posts\/7888\/revisions"}],"predecessor-version":[{"id":8419,"href":"https:\/\/www.feine-adressen.online\/rtz\/wp-json\/wp\/v2\/posts\/7888\/revisions\/8419"}],"wp:featuredmedia":[{"embeddable":true,"href":"https:\/\/www.feine-adressen.online\/rtz\/wp-json\/wp\/v2\/media\/7893"}],"wp:attachment":[{"href":"https:\/\/www.feine-adressen.online\/rtz\/wp-json\/wp\/v2\/media?parent=7888"}],"wp:term":[{"taxonomy":"category","embeddable":true,"href":"https:\/\/www.feine-adressen.online\/rtz\/wp-json\/wp\/v2\/categories?post=7888"},{"taxonomy":"post_tag","embeddable":true,"href":"https:\/\/www.feine-adressen.online\/rtz\/wp-json\/wp\/v2\/tags?post=7888"}],"curies":[{"name":"wp","href":"https:\/\/api.w.org\/{rel}","templated":true}]}}